{"id":37834,"date":"2025-04-05T22:13:06","date_gmt":"2025-04-05T20:13:06","guid":{"rendered":"https:\/\/www.e-anjelik.sk\/?p=37834"},"modified":"2025-04-06T12:05:53","modified_gmt":"2025-04-06T10:05:53","slug":"hlad-a-smad-po-bozom-slove","status":"publish","type":"post","link":"https:\/\/www.e-anjelik.sk\/index.php\/2025\/04\/05\/hlad-a-smad-po-bozom-slove\/","title":{"rendered":"Hlad a sm\u00e4d po Bo\u017eom slove"},"content":{"rendered":"\n<p><em>&nbsp; &nbsp; &nbsp; &nbsp; &nbsp; &nbsp; &nbsp; &nbsp; &nbsp; &nbsp; &nbsp; &nbsp; &nbsp;<\/em><strong> &nbsp; Hlad a sm\u00e4d po slovo Bo\u017eom<\/strong><\/p>\n\n\n\n<p><em>S\u00fd\u0165, Bo\u017ee, \u013eud svoj<\/em><\/p>\n\n\n\n<p><em>ke\u010f v\u00f4kol p\u00fa\u0161\u0165,<\/em><\/p>\n\n\n\n<p><em>\u00faboh\u00fdch ukoj<\/em><\/p>\n\n\n\n<p><em>a neopus\u0165\u2026<\/em><\/p>\n\n\n\n<p><em>Tak ve\u010f n\u00e1s k cie\u013eu<\/em><\/p>\n\n\n\n<p><em>rodinku cel\u00fa,<\/em><\/p>\n\n\n\n<p><em>ved\u013ea n\u00e1s stoj<\/em><\/p>\n\n\n\n<p><em>a z l\u00e1sky niekdy<\/em><\/p>\n\n\n\n<p><em>prive\u010f v stan svoj! Amen (M.R.)<\/em><\/p>\n\n\n\n<p><strong>Am 8, 11 &#8211; 12:<\/strong><\/p>\n\n\n\n<p><em>\u201eH\u013ea, prich\u00e1dzaj\u00fa dni, &#8211; znie v\u00fdrok Hospodina, P\u00e1na &#8211; ke\u010f po\u0161lem na zem hlad. Nie hlad&nbsp; po chlebe ani sm\u00e4d po vode ale po po\u010d\u00favan\u00ed Hospodinov\u00fdch slov. (12) Putova\u0165 bud\u00fa od mora k moru, od severu k v\u00fdchodu sa bud\u00fa t\u00fala\u0165, aby h\u013eadali slovo Hospodinovo, ale ho nen\u00e1jdu.\u201c Amen<\/em><\/p>\n\n\n\n<p>&nbsp;&nbsp; &nbsp; &nbsp; &nbsp; &nbsp; &nbsp; &nbsp; Bratia a sestry v P\u00e1novi Je\u017ei\u0161ovi Kristovi!<\/p>\n\n\n\n<p>\u00a0 \u00a0 Na hodine n\u00e1bo\u017eenstva v 4.triede sme mali rozhovor o tom, kto nie\u010domu nerozumie. Ka\u017ed\u00fd \u017eiak sa mohol op\u00fdta\u0165 na svoj probl\u00e9m a polo\u017ei\u0165 vyu\u010duj\u00facemu ot\u00e1zku. Jeden \u017eiak povedal: \u201eJa nerozumieme tomu, ko\u013eko je P\u00e1nov Je\u017ei\u0161ov Kristov?\u201c Op\u00fdtal som sa ho: \u201ePre\u010do si mysl\u00ed\u0161, \u017ee ich je viac?\u201c On odpovedal: \u201eNo, ke\u010f sa ka\u017ed\u00fd rok na Vianoce jeden narod\u00ed?!\u201c Musel som sa pousmia\u0165 a povedal som: \u201eDobr\u00e1 ot\u00e1zka. Vedel by odpoveda\u0165 niekto z v\u00e1s, \u017eiakov?\u201c Mus\u00edm poveda\u0165, \u017ee sa na\u0161li tak\u00ed \u017eiaci, ktor\u00ed mu to vysvetlili: \u201eJe iba jeden Kristus P\u00e1n, a na Vianoce oslavujeme Jeho narodeniny\u201c.<\/p>\n\n\n\n<p>&nbsp; &nbsp; Je mo\u017en\u00e9, \u017ee si nejak\u00fd \u010dlovek podobne kladie ot\u00e1zku: Ko\u013eko je P\u00e1nov Je\u017ei\u0161ov Kristov, ke\u010f ka\u017ed\u00fd rok v p\u00f4ste je jeden Ukri\u017eovan\u00fd? P\u00f4stna doba je skuto\u010dne ve\u013emi silne s\u00fastreden\u00e1 na P\u00e1nov kr\u00ed\u017e a Jeho utrpenie. Nemo\u017eno vyl\u00fa\u010di\u0165, \u017ee ten siln\u00fd d\u00f4raz na kr\u00ed\u017e, ktor\u00fd m\u00e1 svoje opodstatnenie, m\u00f4\u017ee prinies\u0165 u n\u00e1v\u0161tevn\u00edkov slu\u017eieb Bo\u017e\u00edch ur\u010dit\u00fa \u201edevalv\u00e1ciu\u201c, \u010di\u017ee ak\u00e9si znehodnotenie P\u00e1novho kr\u00ed\u017ea v na\u0161om vedom\u00ed, \u010di podvedom\u00ed.<\/p>\n\n\n\n<p>&nbsp;&nbsp; Na druhej strane n\u00e1bo\u017en\u00e9 piesne o kr\u00ed\u017ei a utrpen\u00ed s\u00fa mimoriadne p\u00f4sobiv\u00e9 a hlbok\u00e9, preto priam aktu\u00e1lne navodzuj\u00fa atmosf\u00e9ru P\u00e1novho utrpenia a v\u0165ahuj\u00fa n\u00e1s do dramatick\u00e9ho deja Je\u017ei\u0161ovho utrpenia. Mo\u017eno pri speve t\u00fdchto piesn\u00ed vyzer\u00e1me \u201eakoby n\u00e1s boleli zuby\u201c &#8211; sme utr\u00e1pen\u00ed a skorm\u00faten\u00fd, lebo c\u00edtime solidaritu s trpiacim P\u00e1nom a v\u017edy nanovo pre\u017e\u00edvame Jeho smr\u0165.<\/p>\n\n\n\n<p>\u00a0 \u00a0 Dne\u0161n\u00e1 4.p\u00f4stna nede\u013ea n\u00e1s chce v\u0161ak povzbudi\u0165 a naladi\u0165 na posolstvo, ktor\u00e9 je d\u00f4sledkom skuto\u010dn\u00e9ho kr\u00ed\u017ea Kristovho pre n\u00e1s a m\u00e1 n\u00e1zov: <em>Radujte sa! (Laetare)!<\/em> Pom\u00e1ha n\u00e1m pre\u017e\u00edva\u0165 a rozm\u00fd\u0161\u013ea\u0165 o Kristovom utrpen\u00ed a smrti nie iba citovo a mo\u017eno iba povrchne. Spome\u0148me si, ako s\u00e1m P\u00e1n Je\u017ei\u0161 usmernil pla\u010d\u00face jeruzalemsk\u00e9 \u017eeny a upozornil ich na nespr\u00e1vne ch\u00e1pan\u00e9 udalosti Jeho utrpenia a ukri\u017eovania, ke\u010f povedal: <em>\u201eNepla\u010dte nado mnou, ale pla\u010dte rad\u0161ej nad sebou a svojimi dietkami\u201c. <\/em>\u013dud SZ vzal vtedy na seba ve\u013ek\u00fa kliatbu, ke\u010f \u017eiadal Pil\u00e1ta aby Je\u017ei\u0161a dal ukri\u017eova\u0165 zvolan\u00edm: <em>\u201eKrv jeho na n\u00e1s a na na\u0161e deti!\u201c<\/em>\u00a0<\/p>\n\n\n\n<p>&nbsp; &nbsp; My, veriaci kres\u0165ania by sme v\u0161ak nemali pri na\u0161om p\u00f4stnom prem\u00fd\u0161\u013ean\u00ed zabudn\u00fa\u0165 na to, \u017ee Je\u017ei\u0161 ako prav\u00fd Bo\u017e\u00ed Bar\u00e1nok vylial svoju krv za n\u00e1s a za na\u0161e hriechy a dokonal na\u0161e vyk\u00fapenie a spasenie. Tak sme zachr\u00e1nen\u00ed z ka\u017edej zlej moci a sme zmieren\u00ed s Otcom nebesk\u00fdm. Ke\u010f takto ver\u00edme a vyzn\u00e1vame, m\u00e1me vpravde d\u00f4vod k pravej a trvalej radosti.<\/p>\n\n\n\n<p>&nbsp;&nbsp; Mil\u00ed bratia a sestry v P\u00e1novi!<\/p>\n\n\n\n<p>&nbsp;&nbsp; Pokia\u013e ide o \u013eud SZ ktor\u00fd obe\u0165 P\u00e1novu v on\u00fa Ve\u013ek\u00fa noc neprijal a neprijal ani to, \u010do pri\u0161lo<em> \u201ev prv\u00fd de\u0148 po sobote\u201c<\/em>, naplnili sa slov\u00e1 proroka \u00c1mosa: <em>\u201eH\u013ea, prich\u00e1dzaj\u00fa dni, &#8211; znie v\u00fdrok Hospodina, P\u00e1na &#8211; ke\u010f po\u0161lem na zem hlad. Nie hlad po chlebe ani sm\u00e4d po vode, ale po po\u010d\u00favan\u00ed Hospodinov\u00fdch slov. Putova\u0165 bud\u00fa od mora k moru, bud\u00fa sa t\u00fala\u0165, aby h\u013eadali slovo Hospodinovo, ale ho nen\u00e1jdu\u201c<\/em>.<\/p>\n\n\n\n<p><em>&nbsp;&nbsp; <\/em>Mohli by sme hovori\u0165 o naplnen\u00ed kliatby, ktor\u00fa \u013eud Izraela vzal na seba a ktor\u00e1 sa za\u010dala plni\u0165 kr\u00e1tko po P\u00e1novom ukri\u017eovan\u00ed a vzkriesen\u00ed. Mohli by sme hovori\u0165 o ve\u013ek\u00fdch pogromoch, ktor\u00e9 na tento \u013eud pri\u0161li, zvl\u00e1\u0161\u0165 o zni\u010den\u00ed Jeruzalema a jeho chr\u00e1mu v roku 70 po Kristu a mnoh\u00fdch in\u00fdch. Av\u0161ak, \u010do je mo\u017eno e\u0161te zauj\u00edmavej\u0161ie je to, \u017ee s mu\u010den\u00edckou smr\u0165ou J\u00e1na Krstite\u013ea a smr\u0165ou P\u00e1na Je\u017ei\u0161a Krista kon\u010d\u00ed v Izraeli \u00e9ra prorokov. Po nich nepri\u0161iel a nebol poslan\u00fd k \u013eu\u010fom ani jeden prorok, ktor\u00fd by hovoril v mene Hospodinovom. Ak sa o to nejak\u00ed \u013eudia pok\u00fasili, ve\u013emi skoro sa uk\u00e1zalo, \u017ee to neboli Bo\u017e\u00ed mu\u017eovia, ale falo\u0161n\u00ed proroci. \u017didia sa k nim nikdy viac nevr\u00e1tili a zavrhli ich. Preto v n\u00e1rode skuto\u010dne nastal <em>\u201ehlad po po\u010d\u00favan\u00ed Bo\u017eieho slova\u201c.<\/em> Nastalo h\u013eadanie a dokonca aj<em> \u201et\u00falanie\u201c <\/em>po svete, ale slovo Hospodinovo o dobe milosti Izraelci nena\u0161li.&nbsp;<\/p>\n\n\n\n<p>\u00a0\u00a0 Pre n\u00e1s je to pochopite\u013en\u00e9 vtedy, ak vieme, \u017ee v osobe P\u00e1na Je\u017ei\u0161a je plnos\u0165 Bo\u017eieho vyjavenia. V Je\u017ei\u0161ovi prehovoril Boh k svetu jasne, jednozna\u010dne a sp\u00e1sonosne, preto nebolo ani nebude dan\u00e9 nijak\u00e9 in\u00e9 slovo Bo\u017eie, alebo vyjavenie n\u00e1m, \u010di bud\u00facim pokoleniam. Preto ak niekto nepo\u010d\u00fava Kristovo slovo, ak nespozn\u00e1va a nesleduje Jeho cestu a \u00fadel, Jeho kr\u00ed\u017e, nem\u00f4\u017ee P\u00e1na Boha pozna\u0165, po\u010du\u0165 Ho a rozumie\u0165 Mu. Bez Je\u017ei\u0161a Krista\u00a0zost\u00e1va ka\u017ed\u00e9mu \u010dloveku \u201ehlad\u201c a \u201esm\u00e4d\u201c po Bo\u017eom slove.<\/p>\n\n\n\n<p>&nbsp;&nbsp; Ko\u013eko je teda t\u00fdch \u201enaroden\u00fdch\u201c, ale aj \u201eukri\u017eovan\u00fdch\u201c P\u00e1nov?<\/p>\n\n\n\n<p>Je a zost\u00e1va iste len ten jeden, ktor\u00fd pri\u0161iel v plnosti \u010dasu. Ale tento \u201eJeden\u201c s\u00fdti mnoh\u00fdch, ba v\u0161etk\u00fdch. On s\u00fdti na\u0161e du\u0161e, On jedin\u00fd m\u00f4\u017ee uhasi\u0165 n\u00e1\u0161 sm\u00e4d po \u017eivote. On to urobi\u0165 m\u00f4\u017ee a aj chce.&nbsp;<\/p>\n\n\n\n<p>&nbsp; &nbsp; Je\u017ei\u0161 Kristus je len jeden, ale narodi\u0165 sa chce a m\u00f4\u017ee v mnoh\u00fdch srdciach. On jedin\u00fd bol aj ukri\u017eovan\u00fd za<em> \u201emnoh\u00fdch<\/em>\u201c, toti\u017e za v\u0161etk\u00fdch a za na\u0161e hriechy a On Jedin\u00fd bol aj vzkriesen\u00fd pre v\u0161etk\u00fdch. V \u0147om m\u00e1me \u017eivot ve\u010dn\u00fd v\u0161etci, ktor\u00ed Ho prij\u00edmame ako <em>\u201eprav\u00fd chlieb z neba\u201c <\/em>a ako <em>\u201e\u017eiv\u00fa vodu\u201c<\/em> , lebo v \u0147om je aj slovo a zas\u013e\u00fabenie o z\u00e1chrane a ve\u010dnom \u017eivote. Za pr\u00edkladom apo\u0161tola Pavla, ktor\u00fd vyznal: <em>\u201eNe\u017eijem u\u017e ja, ale \u017eije vo mne Kristus\u201c <\/em>prij\u00edmajme Je\u017ei\u0161a, aby aj o n\u00e1s platilo: <em>\u201eKristus v n\u00e1s\u201c.<\/em><\/p>\n\n\n\n<p><em>&nbsp;&nbsp;<\/em> Po\u010d\u00favanie evanjelia, rozj\u00edmanie o P\u00e1novom utrpen\u00ed je chlieb, ktor\u00fd sa nikdy \u201enepreje\u201c, preto sa jeho evanjeliom v\u017edy s\u00fd\u0165me a prij\u00edmajme ho ako <em>\u201evodu \u017eivota\u201c<\/em>, aby sme mali v\u017edy istotu spasenia. Ak Jeho slovo nejeme ako ka\u017edodenn\u00fd chlieb a nepijeme ako \u010dist\u00fa vodu, na\u0161a du\u0161a bude v\u017edy nespokojn\u00e1, prahn\u00faca po nie\u010dom, \u010do nikdy nen\u00e1jde a nez\u00edska.<\/p>\n\n\n\n<p>&nbsp; &nbsp; Modlitba \u010dloveka bez tohoto chleba \u017eivota bude iba monol\u00f3gom \u010dloveka, bohoslu\u017eba prestane by\u0165 spolo\u010denstvom a ot\u00e1zky o zmysle \u017eivota a zmysle l\u00e1sky zostan\u00fa bez odpovede. Nastane iba <em>\u201et\u00falanie od mora k moru\u201c. <\/em>Slovo o kr\u00ed\u017ei Kristovom je s\u00edce <em>\u201etvrd\u00fdm\u201c <\/em>pokrmom, ale dok\u00e1\u017ee plne nas\u00fdti\u0165 a napoji\u0165 na\u0161e du\u0161e a d\u00e1va silu k \u017eivotu, ktor\u00fd nepozn\u00e1 pocity m\u00e1rnosti. D\u00e1va trval\u00fa rados\u0165 a pokoj v Duchu Sv\u00e4tom. Amen<\/p>\n\n\n\n<p>&nbsp; &nbsp; &nbsp; &nbsp; 4. p\u00f4sna nede\u013ea&nbsp; &nbsp; &nbsp; &nbsp; &nbsp; &nbsp; MyS&nbsp; &nbsp; &nbsp; &nbsp; &nbsp; &nbsp; \u013dubom\u00edr Batka st.<\/p>\n","protected":false},"excerpt":{"rendered":"<p>&nbsp; &nbsp; &nbsp; &nbsp; &nbsp; &nbsp; &nbsp; &nbsp; &nbsp; &nbsp; &nbsp; &nbsp; &nbsp; &nbsp; Hlad a sm\u00e4d po slovo Bo\u017eom S\u00fd\u0165, Bo\u017ee, \u013eud svoj ke\u010f v\u00f4kol p\u00fa\u0161\u0165, \u00faboh\u00fdch ukoj a neopus\u0165\u2026 Tak ve\u010f n\u00e1s k cie\u013eu rodinku cel\u00fa, ved\u013ea n\u00e1s stoj a z l\u00e1sky niekdy prive\u010f v stan svoj! Amen (M.R.) Am 8, 11 &#8211; &#8230; <a title=\"Hlad a sm\u00e4d po Bo\u017eom slove\" class=\"read-more\" href=\"https:\/\/www.e-anjelik.sk\/index.php\/2025\/04\/05\/hlad-a-smad-po-bozom-slove\/\" aria-label=\"Pre\u010d\u00edtajte si viac o Hlad a sm\u00e4d po Bo\u017eom slove\">\u010c\u00edta\u0165 viac<\/a><\/p>\n","protected":false},"author":4,"featured_media":0,"comment_status":"open","ping_status":"open","sticky":false,"template":"","format":"standard","meta":{"footnotes":""},"categories":[121,6,53,552],"tags":[],"class_list":["post-37834","post","type-post","status-publish","format-standard","hentry","category-kazne","category-myjavsky-seniorat","category-post","category-4-postna-nedela"],"_links":{"self":[{"href":"https:\/\/www.e-anjelik.sk\/index.php\/wp-json\/wp\/v2\/posts\/37834","targetHints":{"allow":["GET"]}}],"collection":[{"href":"https:\/\/www.e-anjelik.sk\/index.php\/wp-json\/wp\/v2\/posts"}],"about":[{"href":"https:\/\/www.e-anjelik.sk\/index.php\/wp-json\/wp\/v2\/types\/post"}],"author":[{"embeddable":true,"href":"https:\/\/www.e-anjelik.sk\/index.php\/wp-json\/wp\/v2\/users\/4"}],"replies":[{"embeddable":true,"href":"https:\/\/www.e-anjelik.sk\/index.php\/wp-json\/wp\/v2\/comments?post=37834"}],"version-history":[{"count":3,"href":"https:\/\/www.e-anjelik.sk\/index.php\/wp-json\/wp\/v2\/posts\/37834\/revisions"}],"predecessor-version":[{"id":37837,"href":"https:\/\/www.e-anjelik.sk\/index.php\/wp-json\/wp\/v2\/posts\/37834\/revisions\/37837"}],"wp:attachment":[{"href":"https:\/\/www.e-anjelik.sk\/index.php\/wp-json\/wp\/v2\/media?parent=37834"}],"wp:term":[{"taxonomy":"category","embeddable":true,"href":"https:\/\/www.e-anjelik.sk\/index.php\/wp-json\/wp\/v2\/categories?post=37834"},{"taxonomy":"post_tag","embeddable":true,"href":"https:\/\/www.e-anjelik.sk\/index.php\/wp-json\/wp\/v2\/tags?post=37834"}],"curies":[{"name":"wp","href":"https:\/\/api.w.org\/{rel}","templated":true}]}}