{"id":37862,"date":"2025-04-20T00:09:00","date_gmt":"2025-04-19T22:09:00","guid":{"rendered":"https:\/\/www.e-anjelik.sk\/?p=37862"},"modified":"2025-04-14T13:32:12","modified_gmt":"2025-04-14T11:32:12","slug":"rehor-uram-podtatransky-na-velku-noc","status":"publish","type":"post","link":"https:\/\/www.e-anjelik.sk\/index.php\/2025\/04\/20\/rehor-uram-podtatransky-na-velku-noc\/","title":{"rendered":"Rehor Uram Podtatransk\u00fd \u2014 Na Ve\u013ek\u00fa noc\u00a0\u00a0\u00a0\u00a0\u00a0"},"content":{"rendered":"\n<p>Zas v r\u00fachu novom zav\u00edtala vesna,<br>v zelenom r\u00fachu sladkej n\u00e1deje,<br>\u017ee obraz smrti: zima chladn\u00e1, desn\u00e1<br>sa strat\u00ed, zmizne, \u2014 a sa odeje<br>v \u0161at skvel\u00fd pole, hora, \u00fadol, niva,<br>a to, \u010do v sp\u00e1nku snilo, ba \u010do sn\u00edva,<br>k nov\u00e9mu \u017eitiu \u013e\u00fabo vstane zase<br>v odeve novom, v novej \u017eitia kr\u00e1se!<\/p>\n\n\n\n<p>I n\u00e1\u0161 to obraz! \u2014 Po kr\u00e1tkej tu chv\u00edli,<br>po trpkom boji, kr\u00ed\u017ei, chorob\u00e1ch<br>\u013eahne si telo chladnej do mohyly,<br>spo\u010dinie t\u00ed\u0161ko v zeme \u00fatrob\u00e1ch; \u2014<br>no, dlho v hrobe le\u017ea\u0165 nebudeme:<br>\u201eVstal Kristus z m\u0155tvych!&#8220; \u2013 I my povstaneme!<br>Hodina \u017eitia i n\u00e1m udrie zase:<br>vstaneme z hrobu v novej tela kr\u00e1se!<\/p>\n\n\n\n<p><\/p>\n","protected":false},"excerpt":{"rendered":"<p>Zas v r\u00fachu novom zav\u00edtala vesna,v zelenom r\u00fachu sladkej n\u00e1deje,\u017ee obraz smrti: zima chladn\u00e1, desn\u00e1sa strat\u00ed, zmizne, \u2014 a sa odejev \u0161at skvel\u00fd pole, hora, \u00fadol, niva,a to, \u010do v sp\u00e1nku snilo, ba \u010do sn\u00edva,k nov\u00e9mu \u017eitiu \u013e\u00fabo vstane zasev odeve novom, v novej \u017eitia kr\u00e1se! I n\u00e1\u0161 to obraz! \u2014 Po kr\u00e1tkej tu chv\u00edli,po &#8230; <a title=\"Rehor Uram Podtatransk\u00fd \u2014 Na Ve\u013ek\u00fa noc\u00a0\u00a0\u00a0\u00a0\u00a0\" class=\"read-more\" href=\"https:\/\/www.e-anjelik.sk\/index.php\/2025\/04\/20\/rehor-uram-podtatransky-na-velku-noc\/\" aria-label=\"Pre\u010d\u00edtajte si viac o Rehor Uram Podtatransk\u00fd \u2014 Na Ve\u013ek\u00fa noc\u00a0\u00a0\u00a0\u00a0\u00a0\">\u010c\u00edta\u0165 viac<\/a><\/p>\n","protected":false},"author":3,"featured_media":0,"comment_status":"open","ping_status":"open","sticky":false,"template":"","format":"standard","meta":{"footnotes":""},"categories":[595,165,77],"tags":[],"class_list":["post-37862","post","type-post","status-publish","format-standard","hentry","category-1-slavnost-velkonocna","category-poezia-2","category-velka-noc"],"_links":{"self":[{"href":"https:\/\/www.e-anjelik.sk\/index.php\/wp-json\/wp\/v2\/posts\/37862","targetHints":{"allow":["GET"]}}],"collection":[{"href":"https:\/\/www.e-anjelik.sk\/index.php\/wp-json\/wp\/v2\/posts"}],"about":[{"href":"https:\/\/www.e-anjelik.sk\/index.php\/wp-json\/wp\/v2\/types\/post"}],"author":[{"embeddable":true,"href":"https:\/\/www.e-anjelik.sk\/index.php\/wp-json\/wp\/v2\/users\/3"}],"replies":[{"embeddable":true,"href":"https:\/\/www.e-anjelik.sk\/index.php\/wp-json\/wp\/v2\/comments?post=37862"}],"version-history":[{"count":1,"href":"https:\/\/www.e-anjelik.sk\/index.php\/wp-json\/wp\/v2\/posts\/37862\/revisions"}],"predecessor-version":[{"id":37863,"href":"https:\/\/www.e-anjelik.sk\/index.php\/wp-json\/wp\/v2\/posts\/37862\/revisions\/37863"}],"wp:attachment":[{"href":"https:\/\/www.e-anjelik.sk\/index.php\/wp-json\/wp\/v2\/media?parent=37862"}],"wp:term":[{"taxonomy":"category","embeddable":true,"href":"https:\/\/www.e-anjelik.sk\/index.php\/wp-json\/wp\/v2\/categories?post=37862"},{"taxonomy":"post_tag","embeddable":true,"href":"https:\/\/www.e-anjelik.sk\/index.php\/wp-json\/wp\/v2\/tags?post=37862"}],"curies":[{"name":"wp","href":"https:\/\/api.w.org\/{rel}","templated":true}]}}