{"id":37885,"date":"2025-04-18T23:43:41","date_gmt":"2025-04-18T21:43:41","guid":{"rendered":"https:\/\/www.e-anjelik.sk\/?p=37885"},"modified":"2025-04-19T11:59:03","modified_gmt":"2025-04-19T09:59:03","slug":"cena-za-vykupenie","status":"publish","type":"post","link":"https:\/\/www.e-anjelik.sk\/index.php\/2025\/04\/18\/cena-za-vykupenie\/","title":{"rendered":"Cena za vyk\u00fapenie"},"content":{"rendered":"\n<p><em>&nbsp; &nbsp; &nbsp; &nbsp; &nbsp; &nbsp; &nbsp; &nbsp; &nbsp; &nbsp; &nbsp; &nbsp; &nbsp; &nbsp;<\/em><strong> &nbsp; &nbsp; Cena za vyk\u00fapenie<\/strong><\/p>\n\n\n\n<p><em>\u00d3, Spasite\u013eu,<\/em><\/p>\n\n\n\n<p><em>pod Tvoj\u00edm kr\u00ed\u017eom&nbsp;<\/em><\/p>\n\n\n\n<p><em>my stoj\u00edme dnes,<\/em><\/p>\n\n\n\n<p><em>vidiac Tvoje rany<\/em><\/p>\n\n\n\n<p><em>a veleb\u00edme Boha &#8211;&nbsp;<\/em><\/p>\n\n\n\n<p><em>v sm\u00fatku za t\u00fa obe\u0165.<\/em><\/p>\n\n\n\n<p><em>\u00d3, po\u017eehnan\u00fd, P\u00e1n n\u00e1\u0161 &#8211;<\/em><\/p>\n\n\n\n<p><em>Po\u017eehnan\u00fd!&nbsp; Amen. (M.R.)<\/em><\/p>\n\n\n\n<p><strong>1 K 7, 23:<\/strong><\/p>\n\n\n\n<p><strong>&nbsp;&nbsp; <\/strong><em>\u201eVe\u013emi draho ste boli k\u00fapen\u00ed! Nebu\u010fte otrokmi \u013eud\u00ed!\u201c Amen<\/em><\/p>\n\n\n\n<p><em>&nbsp; &nbsp; &nbsp; &nbsp; <\/em>&nbsp; &nbsp; Bratia a sestry v na\u0161om P\u00e1novi Je\u017ei\u0161ovi Kristovi!&nbsp; &nbsp;<\/p>\n\n\n\n<p><em>\u00a0\u00a0 <\/em>Sv\u00e4t\u00e9 pa\u0161ie, ktor\u00e9 sme dnes vypo\u010duli, priviedli n\u00e1s v duchu a v my\u0161lienkach na Golgotu, pod P\u00e1nov kr\u00ed\u017e. Jedna zo siedmych posledn\u00fdch viet, \u010di slov, ktor\u00e9 P\u00e1n Je\u017ei\u0161 na kr\u00ed\u017ei vyslovil bolo slovo: <em><em>\u201e<\/em>Dokonan\u00e9 !\u201c<\/em><\/p>\n\n\n\n<p><em>\u00a0 <\/em>Odpove\u010f na ot\u00e1zku: \u010do je dokonan\u00e9? &#8211;\u00a0je zrejm\u00e1. Dokonal nielen pozemsk\u00fd, \u010dasn\u00fd \u017eivot v \u013eudskom tele a cestu utrpenia, ale predov\u0161etk\u00fdm dielo vyk\u00fapenia sveta a hrie\u0161neho \u010dloveka.<\/p>\n\n\n\n<p>Ke\u010f v duchu stoj\u00edme pod Kristov\u00fdm kr\u00ed\u017eom a sledujeme v\u0161etko, \u010do pre\u017e\u00edval pred ukri\u017eovan\u00edm i na kr\u00ed\u017ei a\u017e do posledn\u00e9ho v\u00fddychu,\u00a0mus\u00edme vyzna\u0165, \u017ee nedok\u00e1\u017eeme plne pochopi\u0165 Bo\u017eiu sp\u00e1sonosn\u00fa v\u00f4\u013eu a ve\u013ekos\u0165 Bo\u017eej l\u00e1sky vo\u010di n\u00e1m. Rozumom nevieme pochopi\u0165, \u017ee Otec nechal trpie\u0165 a zomrie\u0165 svojho Syna za n\u00e1s a pre n\u00e1s. Nedok\u00e1\u017eeme ani plne prec\u00edti\u0165 ve\u013ekos\u0165 Kristov\u00fdch r\u00e1n, ktor\u00e9 pokorne prij\u00edmal od \u013eud\u00ed v\u00f4kol Neho.\u00a0<\/p>\n\n\n\n<p>&nbsp; &nbsp; Je n\u00e1ro\u010dn\u00e9 \u013eudsk\u00fdmi slovami plne vyjadri\u0165 d\u00f4sledky toho, \u010do Ve\u013ek\u00fd piatok oznamuje cel\u00e9mu svetu i n\u00e1m osobne. Vyk\u00fapenie a z\u00e1chrana sa toti\u017e t\u00fdka cel\u00e9ho Bo\u017eieho stvorenstva, ktor\u00e9 <em>\u201espolo\u010dne s nami vzdych\u00e1 a spolo\u010dne bolest\u00ed a\u017e dosia\u013e\u201c (R 8, 22)<\/em> Vyk\u00fapenie sa t\u00fdka cel\u00e9ho kozmu. M\u00e1 kozmick\u00fd dosah, lebo znamen\u00e1 nov\u00fa bud\u00facnos\u0165 pre cel\u00fd stvoren\u00fd, ale hriechom poru\u0161en\u00fd svet. Cel\u00fd svet je teda <em>\u201edraho k\u00fapen\u00fd\u201c<\/em> P\u00e1nom Bohom skrze Je\u017ei\u0161a Krista. Ve\u013eko piato\u010dn\u00e1 chv\u00ed\u013ea je vhodn\u00e1 k tomu, aby sme viac ml\u010dali ako hovorili. Aby sme viac po\u010d\u00favali, ako vysvet\u013eovali. Aby sme viac rozj\u00edmali ako u\u010dili. Iba tak je mo\u017en\u00e9 s apo\u0161tolom Pavlom <em>\u201evystihn\u00fa\u0165, \u010do je to za \u0161\u00edrka a d\u013a\u017eka, v\u00fd\u0161ka a h\u013abka, a pozna\u0165 l\u00e1sku Kristovu, ktor\u00e1 je nad v\u0161etky zn\u00e1mosti\u201c.(Ef 3,18 &#8211; 19)<\/em><\/p>\n\n\n\n<p>&nbsp;&nbsp; Na Ve\u013ek\u00fd piatok sa n\u00e1m slu\u0161\u00ed pok\u013eakn\u00fa\u0165 pred Bo\u017e\u00edm Bar\u00e1nkom, aby sme pri\u0161li k poznaniu Bo\u017eieho tajomstva, Krista P\u00e1na, lebo <em>\u201ev \u0147om s\u00fa skryt\u00e9 v\u0161etky poklady m\u00fadrosti a zn\u00e1mosti\u201c. (Kol 2, 2 &#8211; 3)<\/em><\/p>\n\n\n\n<p>&nbsp;&nbsp; Slu\u0161\u00ed sa n\u00e1m \u00faprimne sa modli\u0165 a spieva\u0165 s n\u00e1bo\u017en\u00fdm pevcom:<\/p>\n\n\n\n<p><em>\u201eTeba, Kriste zvelebujem,<\/em><br><em>za kr\u00ed\u017e, rany \u00fazkosti,<\/em><br><em>svoje srdce Ti darujem,<\/em><br><em>lebo si ma z milosti,<\/em><br><em>svojou smr\u0165ou spasil ve\u010dne,<\/em><br><em>miluje\u0161 ma nekone\u010dne.<\/em><br><em>Za t\u00fa milos\u0165 tis\u00edckr\u00e1t,<\/em><br><em>chcem Ti, Pane, \u010fakova\u0165.\u201c (ES 92,5)<\/em><\/p>\n\n\n\n<p><em>\u00a0\u00a0 <\/em>Ak predsa m\u00e1me a m\u00f4\u017eeme nie\u010do poveda\u0165, tak azda to, \u017ee Ve\u013ek\u00fd piatok je odpove\u010fou na ot\u00e1zku, ktor\u00fa si niekedy kladieme podobe ako apo\u0161tol Pavol: <em>\u201eBiedny ja \u010dlovek, kto ma vyslobod\u00ed z tohto tela smrti?\u201c (R 7, 24)<\/em> Ke\u010f\u017ee sv\u00e4t\u00edme Ve\u013ek\u00fd piatok u\u017e po vzkriesen\u00ed Je\u017ei\u0161ovom, m\u00f4\u017eeme radostne kon\u0161tatova\u0165: <em>\u201eV\u010faka za to Bohu, ktor\u00fd n\u00e1m dal v\u00ed\u0165azstvo v na\u0161om P\u00e1novi, Je\u017ei\u0161ovi Kristovi\u201c.<\/em><\/p>\n\n\n\n<p><strong>&nbsp;&nbsp; Krv P\u00e1na Je\u017ei\u0161a n\u00e1s zachr\u00e1nila!<\/strong><\/p>\n\n\n\n<p><em>&nbsp;&nbsp; Preto nezab\u00fadajme, \u017ee sme:<\/em><\/p>\n\n\n\n<p><em>1. boli draho k\u00fapen\u00ed<\/em><br><em>2. a k slobode povolan\u00ed<\/em><\/p>\n\n\n\n<p><em>&nbsp;&nbsp;<\/em> Bratia a sestry v Kristu, P\u00e1novi!<\/p>\n\n\n\n<p>&nbsp;&nbsp;<em> \u201eVe\u013emi draho ste boli k\u00fapen\u00ed<\/em>\u201c- sved\u010d\u00ed apo\u0161tol Pavel a kladie to na srdce nielen kres\u0165anom v Korinte, ale v\u0161etk\u00fdm. Hriech, ktor\u00fdm je neposlu\u0161nos\u0165 vo\u010di P\u00e1nu Bohu a ur\u00e1\u017eka Jeho l\u00e1sky, mohol by\u0165 potla\u010den\u00fd len jedin\u00fdm prostriedkom. T\u00fdm najdrah\u0161\u00edm platidlom, ktor\u00fdm bola Kristova nevinn\u00e1 krv a Jeho \u017eivot.<\/p>\n\n\n\n<p>\u00a0 \u00a0 Krv obetn\u00fdch zvierat, alebo ak\u00e9ko\u013evek in\u00e9 obete, vr\u00e1tane \u013eudskej krvi takou hodnotou nie je. Ve\u013ekos\u0165 Bo\u017eej l\u00e1sky a milosti je v tom, \u017ee On s\u00e1m dal svojho jednoroden\u00e9ho Syna ako obe\u0165 a v\u00fdkupn\u00e9 za n\u00e1s. (\u017dd 8, 3)<\/p>\n\n\n\n<p>\u00a0\u00a0 My sme sa dostali skrze p\u00e1d prv\u00e9ho Adama nie k slobode, ale k otroctvu. Je to otroctvo hriechu, poku\u0161ite\u013ea a smrti. Otroctvo, ktor\u00e9 zotro\u010duje \u013eud\u00ed nie je teda iba soci\u00e1lnym, alebo pr\u00e1vnym stavom. Je tu zjavne aj in\u00e9 otroctvo a in\u00ed zotro\u010dovatelia ako t\u00ed, \u010do niekedy z\u00edskavaj\u00fa a maj\u00fa moc nad \u017eivotom a majetkom \u010dloveka.\u00a0 \u00a0 \u00a0<\/p>\n\n\n\n<p>&nbsp;&nbsp; &nbsp; D\u00f4sledkom otroctva hriechu je smr\u0165. Preto bola cena za na\u0161e vyk\u00fapenie z tohoto otroctva tak\u00e1 ve\u013ek\u00e1 a vyk\u00fapenie tak\u00e9 drah\u00e9.<\/p>\n\n\n\n<p>Zaplatil ju v\u0161ak s\u00e1m n\u00e1\u0161 nebesk\u00fd Otec, ktor\u00fd dal Syna na drevo kr\u00ed\u017ea, aby sa stal <em>\u201ebezvadnou obe\u0165ou\u201c<\/em> a na\u0161\u00edm <em>\u201eve\u013ekono\u010dn\u00fdm Bar\u00e1nkom\u201c. <\/em>On, druh\u00fd Adam, vyk\u00fapil n\u00e1s z otroctva smrti do sl\u00e1vnej slobody Bo\u017e\u00edch det\u00ed. Otec nebesk\u00fd n\u00e1s <em>\u201ek\u00fapil\u201c <\/em>pre seba, pre svoj ve\u010dn\u00fd \u017eivot <em>\u201enie zlatom, ani striebrom, ale drahou krvou nevinn\u00e9ho a nepo\u0161kvrnen\u00e9ho Bar\u00e1nka, Krista\u201c,<\/em> aby sme boli Jeho vlastn\u00ed. Aby sme \u017eili s N\u00edm v Jeho kr\u00e1\u013eovstve.<\/p>\n\n\n\n<p>&nbsp;&nbsp; Toto n\u00e1dhern\u00e9 evanjelium mus\u00ed by\u0165 oznamovan\u00e9 cel\u00e9mu svetu, lebo k tejto sl\u00e1vnej slobode a ceste k nej niet nijakej inej alternat\u00edvy.<\/p>\n\n\n\n<p>Darmo by sa o to pok\u00fa\u0161al \u010dlovek s\u00e1m obetovan\u00edm krvi zvierat, alebo aj svojej vlastnej, alebo ak\u00fdmiko\u013evek z\u00e1sluhami. Tu vpravde plat\u00ed: niet inej cesty! Pravdiv\u00e9 je preto u\u017e slovo \u017ealmistu SZ, ktor\u00e9 je prorock\u00fdm slovom: <em>\u201eNik nem\u00f4\u017ee brata vyk\u00fapi\u0165, ni cenu zmierenia za\u0148 vyplati\u0165, lebo je pridrah\u00e9 v\u00fdkupn\u00e9 za jeho du\u0161u. Upusti\u0165 mus\u00ed ka\u017ed\u00fd od toho\u201c (\u017d 49, 8 &#8211; 9) <\/em>Zachra\u0148uje n\u00e1s len drah\u00e1 krv P\u00e1na Je\u017ei\u0161a Krista.<\/p>\n\n\n\n<p>&nbsp;&nbsp; Bratia a sestry v P\u00e1novi!<\/p>\n\n\n\n<p>&nbsp;&nbsp; T\u00fdm, \u017ee sme boli Je\u017ei\u0161om Kristom vyk\u00fapen\u00ed pre nebo, \u017ee za n\u00e1s <em>\u201ezaplatil\u201c<\/em> a k\u00fapil si n\u00e1s pre seba, znamen\u00e1 aj to, \u017ee nem\u00e1me ma\u0165 in\u00fdch p\u00e1nov ako Jeho.<em> \u201eKristus n\u00e1s oslobodil k slobode\u201c.&nbsp;<\/em><\/p>\n\n\n\n<p><em>&nbsp;&nbsp;<\/em> Mohla by vznikn\u00fa\u0165 polemika, \u010di diskusia o tom, \u010di skuto\u010dnos\u0165, \u017ee patr\u00edm Je\u017ei\u0161ovi Kristovi a \u017ee Mu chcem sl\u00fa\u017ei\u0165 znamen\u00e1 obmedzenie \u013eudskej slobody, alebo nie. \u010ci nie je slobodnej\u0161\u00ed ten, kto nem\u00e1 Je\u017ei\u0161a ako P\u00e1na a patr\u00ed &#8211; ako mnoh\u00ed hovoria &#8211; len s\u00e1m sebe?<\/p>\n\n\n\n<p>\u00a0\u00a0 Ale pozn\u00e1me \u010dloveka, ktor\u00fd patr\u00ed len s\u00e1m sebe? Je to azda ten, kto sl\u00fa\u017ei nejakej strane, alebo nejak\u00e9mu vodcovi? Ten, kto s\u00edce nechod\u00ed do kostola a nie je veden\u00fd Kristov\u00fdm slovom, ale vysed\u00e1va na r\u00f4znych pochybn\u00fdch miestach a je veden\u00fd v\u0161elijak\u00fdmi \u201ez\u00e1vislos\u0165ami\u201c? Alebo s\u00fa to t\u00ed, ktor\u00ed rad\u0161ej ako modlitebn\u00fa kni\u017eku \u010d\u00edtaj\u00fa svoje tu\u010dn\u00e9 kont\u00e1 v banke? By\u0165 otrokom mamony je tie\u017e \u00faboh\u00e9, <em>\u201eve\u010f \u010do prospeje \u010dloveku, keby z\u00edskal aj cel\u00fd svet a svojej du\u0161i by u\u0161kodil\u201c?\u00a0<\/em><\/p>\n\n\n\n<p><em>&nbsp;&nbsp; <\/em>Apo\u0161tol Pavel kres\u0165anom odkazuje<em>: \u201eNebu\u010fte otrokmi \u013eud\u00ed !\u201c<\/em><\/p>\n\n\n\n<p>Despoti v\u0161etk\u00fdch \u010dias a ka\u017ed\u00e9ho zafarbenia a razenia nikdy nemali radi kres\u0165anov pre ich vn\u00fatorn\u00fa slobodu. Kres\u0165an nem\u00f4\u017ee \u201ezbo\u017estvova\u0165\u201c \u010dloveka, sl\u00fa\u017ei\u0165 \u010dloveku ako otrok a nekriticky ho oslavova\u0165, alebo mu d\u00f4verova\u0165 viac ako P\u00e1nu Bohu. O\u010dak\u00e1va\u0165 primnoho od \u010dloveka je scestn\u00e9 a klamn\u00e9, ako to pred jedn\u00fdmi vo\u013ebami vyjadril nemenovan\u00fd populistick\u00fd politik: \u201eNikto v\u00e1m nem\u00f4\u017ee da\u0165 to\u013eko, ako v\u00e1m m\u00f4\u017eem ja s\u013e\u00fabi\u0165!\u201c. Dejiny, i 20.storo\u010die a\u017e do s\u00fa\u010dasnosti n\u00e1m n\u00e1m dalo azda dos\u0165 pr\u00edkladov, aby sme sa pou\u010dili kam vedie a ako kon\u010d\u00ed \u201eotro\u010denie\u201c \u010dloveku a \u017eivot bez \u00facty a d\u00f4very k P\u00e1nu Bohu a Bo\u017eiemu synovi.<\/p>\n\n\n\n<p>&nbsp;&nbsp; Na druhej strane, ka\u017ed\u00fd m\u00f4\u017ee n\u00e1js\u0165 silu a ochotu slobodne sl\u00fa\u017ei\u0165 bl\u00ed\u017enemu, ak miluje P\u00e1na Boha a ochotne k\u013eak\u00e1 pod kr\u00ed\u017e P\u00e1na Je\u017ei\u0161a Krista. Lebo trvalo plat\u00ed: ve\u013emi draho sme boli k\u00fapen\u00ed a k slobode Bo\u017e\u00edch det\u00ed povolan\u00ed. Preto, bratia a sestry<\/p>\n\n\n\n<p><em>\u00a0\u201ePo\u010fakujme Kristu P\u00e1nu,<\/em><br><em>vzd\u00e1vajme mu \u00faprimn\u00fa \u010des\u0165, chv\u00e1lu,<\/em><br><em>ve\u010f pre svoje umu\u010denie<\/em><br><em>daroval n\u00e1m hriechov odpustenie<\/em>\u201c. (ES 109, 1) Amen<\/p>\n\n\n\n<p>&nbsp;&nbsp; &nbsp; &nbsp; &nbsp; &nbsp; &nbsp; &nbsp; &nbsp; &nbsp; Ve\u013ek\u00fd piatok &#8211; MyS&nbsp; &#8211; \u013dubom\u00edr Batka st.<\/p>\n\n\n\n<p><strong>Modlitba k pa\u0161iam:<\/strong><\/p>\n\n\n\n<p><em>Dotrpels\u2019 Pane, &#8211; mraky tmy sa n\u00ed\u017eia &#8211;<\/em><br><em>a vern\u00ed Tvoji skladaj\u00fa \u0164a z kr\u00ed\u017ea\u2026<\/em><br><em>I my nies\u0165 chceme Tvoje drah\u00e9 telo,<\/em><br><em>\u010do za n\u00e1s v ran\u00e1ch bolestne sa chvelo.<\/em><\/p>\n\n\n\n<p><em>Nad hrobom Tvoj\u00edm, v tom Tvojom chr\u00e1me<\/em><br><em>stoj\u00edme, &#8211; Teba , Pane, uklad\u00e1me,<\/em><br><em>do du\u0161\u00ed svojich, vediac \u017ee smr\u0165 zvl\u00e1dne\u0161<\/em><br><em>a sl\u00e1vne vstane\u0161 &#8211; i v n\u00e1s sl\u00e1vne vstane\u0161! Amen. (M.R.)<\/em><\/p>\n","protected":false},"excerpt":{"rendered":"<p>&nbsp; &nbsp; &nbsp; &nbsp; &nbsp; &nbsp; &nbsp; &nbsp; &nbsp; &nbsp; &nbsp; &nbsp; &nbsp; &nbsp; &nbsp; &nbsp; Cena za vyk\u00fapenie \u00d3, Spasite\u013eu, pod Tvoj\u00edm kr\u00ed\u017eom&nbsp; my stoj\u00edme dnes, vidiac Tvoje rany a veleb\u00edme Boha &#8211;&nbsp; v sm\u00fatku za t\u00fa obe\u0165. \u00d3, po\u017eehnan\u00fd, P\u00e1n n\u00e1\u0161 &#8211; Po\u017eehnan\u00fd!&nbsp; Amen. (M.R.) 1 K 7, 23: &nbsp;&nbsp; \u201eVe\u013emi draho ste &#8230; <a title=\"Cena za vyk\u00fapenie\" class=\"read-more\" href=\"https:\/\/www.e-anjelik.sk\/index.php\/2025\/04\/18\/cena-za-vykupenie\/\" aria-label=\"Pre\u010d\u00edtajte si viac o Cena za vyk\u00fapenie\">\u010c\u00edta\u0165 viac<\/a><\/p>\n","protected":false},"author":4,"featured_media":0,"comment_status":"open","ping_status":"open","sticky":false,"template":"","format":"standard","meta":{"footnotes":""},"categories":[121,6,72],"tags":[],"class_list":["post-37885","post","type-post","status-publish","format-standard","hentry","category-kazne","category-myjavsky-seniorat","category-v-piatok"],"_links":{"self":[{"href":"https:\/\/www.e-anjelik.sk\/index.php\/wp-json\/wp\/v2\/posts\/37885","targetHints":{"allow":["GET"]}}],"collection":[{"href":"https:\/\/www.e-anjelik.sk\/index.php\/wp-json\/wp\/v2\/posts"}],"about":[{"href":"https:\/\/www.e-anjelik.sk\/index.php\/wp-json\/wp\/v2\/types\/post"}],"author":[{"embeddable":true,"href":"https:\/\/www.e-anjelik.sk\/index.php\/wp-json\/wp\/v2\/users\/4"}],"replies":[{"embeddable":true,"href":"https:\/\/www.e-anjelik.sk\/index.php\/wp-json\/wp\/v2\/comments?post=37885"}],"version-history":[{"count":2,"href":"https:\/\/www.e-anjelik.sk\/index.php\/wp-json\/wp\/v2\/posts\/37885\/revisions"}],"predecessor-version":[{"id":37889,"href":"https:\/\/www.e-anjelik.sk\/index.php\/wp-json\/wp\/v2\/posts\/37885\/revisions\/37889"}],"wp:attachment":[{"href":"https:\/\/www.e-anjelik.sk\/index.php\/wp-json\/wp\/v2\/media?parent=37885"}],"wp:term":[{"taxonomy":"category","embeddable":true,"href":"https:\/\/www.e-anjelik.sk\/index.php\/wp-json\/wp\/v2\/categories?post=37885"},{"taxonomy":"post_tag","embeddable":true,"href":"https:\/\/www.e-anjelik.sk\/index.php\/wp-json\/wp\/v2\/tags?post=37885"}],"curies":[{"name":"wp","href":"https:\/\/api.w.org\/{rel}","templated":true}]}}