{"id":37896,"date":"2025-04-20T00:48:45","date_gmt":"2025-04-19T22:48:45","guid":{"rendered":"https:\/\/www.e-anjelik.sk\/?p=37896"},"modified":"2025-04-20T07:41:15","modified_gmt":"2025-04-20T05:41:15","slug":"ked-nastala-sobota","status":"publish","type":"post","link":"https:\/\/www.e-anjelik.sk\/index.php\/2025\/04\/20\/ked-nastala-sobota\/","title":{"rendered":"Ke\u010f nastala sobota"},"content":{"rendered":"\n<p>&nbsp;&nbsp; &nbsp; &nbsp; &nbsp; &nbsp; &nbsp; &nbsp; &nbsp; &nbsp; &nbsp; &nbsp; &nbsp; &nbsp; &nbsp;<strong> &nbsp; &nbsp; Ke\u010f nastala sobota<\/strong><\/p>\n\n\n\n<p><strong>L 23, 53 &#8211; 56:<\/strong><\/p>\n\n\n\n<p><strong>\u00a0\u00a0<\/strong><em> \u201eKe\u010f Ho s\u0148al, zavinul Ho do pl\u00e1tna a polo\u017eil do hrobu, vytesan\u00e9ho v skale, v ktorom e\u0161te nikto nikdy nele\u017eal. (54) A bol de\u0148 pr\u00edpravy a nast\u00e1vala sobota. (55)\u00a0 \u017deny, ktor\u00e9 Ho nasledovali a pri\u0161li s N\u00edm z Galiley, d\u00edvali sa na hrob a na to, ako bolo ulo\u017een\u00e9 Jeho telo. (56) Potom sa vr\u00e1tili a pripravili vonn\u00e9 veci a masti. Ale v sobou, pod\u013ea prik\u00e1zania, odpo\u010d\u00edvali\u201c. Amen<\/em><\/p>\n\n\n\n<p><em>&nbsp; <\/em>&nbsp; Bratia a sestry v Kristu, P\u00e1novi!&nbsp;<\/p>\n\n\n\n<p>\u00a0 \u00a0 Apo\u0161tol Pavel pri pr\u00edchode do korintsk\u00e9ho cirkevn\u00e9ho zboru plnil to, \u010do s\u013e\u00fabil. Ni\u010d in\u00e9 si neumienil vedie\u0165 medzi nimi, jedine <em>\u201eJe\u017ei\u0161a Krista a to toho ukri\u017eovan\u00e9ho\u201c<\/em>. Akoko\u013evek je zves\u0165 o kr\u00ed\u017ei Bo\u017eieho Syna nepochopite\u013en\u00e1 \u013eudsk\u00e9mu rozumu, lebo \u010dlovek nedok\u00e1\u017ee plne pochopi\u0165 tak\u00fa ve\u013ek\u00fa l\u00e1sku, tak\u00e9 hlbok\u00e9 pon\u00ed\u017eenie a tak\u00fa dokonal\u00fa slu\u017ebu a akoko\u013evek je <em>\u201eslovo o kr\u00ed\u017ei \u017didom pohor\u0161enie a pohanom bl\u00e1znovstvom\u201c, <\/em>je predsa len o \u010dosi prijate\u013enej\u0161ie ako zves\u0165 a slovo o vzkriesen\u00ed. Napriek tomu sa Pavel i ostatn\u00ed apo\u0161tolovia nevyh\u00fdbali slovu a svedectvu o ukri\u017eovanom a vzkriesenom Je\u017ei\u0161ovi.<\/p>\n\n\n\n<p>&nbsp;&nbsp; P\u00e1n Je\u017ei\u0161 s\u00e1m premohol ich pochybnosti. Preto k plnosti zvesti o ukri\u017eovan\u00ed Je\u017ei\u0161a Krista patr\u00ed aj svedectvo o Jeho vzkriesen\u00ed. <em>\u201eNi\u010d in\u00e9 nevedie\u0165, len toho Ukri\u017eovan\u00e9ho\u201c <\/em>znamen\u00e1 z\u00e1rove\u0148 a s\u00fa\u010dasne veri\u0165 v P\u00e1na vzkriesen\u00e9ho a \u017eiv\u00e9ho. In\u00e9ho Krista naozaj niet a nemo\u017eno prija\u0165. Za Jeho ukri\u017eovan\u00edm i vzkriesen\u00edm stoj\u00ed Bo\u017eia milos\u0165 a moc, aj ke\u010f zdanlivo akoby Boh na okamih svojho Syna opustil. Ale ako \u017dalmista predpovedal, On Ho <em>\u201eneopustil a svojmu zbo\u017en\u00e9mu nedal vidie\u0165 poru\u0161enie\u201c.<\/em><\/p>\n\n\n\n<p>&nbsp;&nbsp; Dnes, na Bielu sobotu si pripom\u00edname to, \u010do o P\u00e1novi vyzn\u00e1vame v Kr\u00e9de: \u201c<em>\u2026zost\u00fapil do pekiel\u201c. <\/em>To je tie\u017e nie\u010do skryt\u00e9 na\u0161im o\u010diam a n\u00e1\u0161mu rozumu. Vo svoje podstate to znamen\u00e1, \u017ee P\u00e1n <em>\u201ezost\u00fapil\u201c<\/em> nielen do hrobu, ke\u010f bolo pochovan\u00e9 Jeho telo, spo\u010d\u00edvaj\u00face v skalnom hrobe Jozefa z Arimatie, ale Jeho du\u0161a <em>\u201ezost\u00fapila\u201c<\/em> do r\u00ed\u0161e m\u0155tvych, kde du\u0161e o\u010dak\u00e1vaj\u00fa posledn\u00fd s\u00fad.<\/p>\n\n\n\n<p>&nbsp; &nbsp; Zost\u00fapil k t\u00fdm, ku ktor\u00fdm patrili mnoh\u00ed proroci ohlasuj\u00faci pr\u00edchod Mesi\u00e1\u0161a a mnoh\u00ed veriaci, i \u010fal\u0161\u00ed, ktor\u00fdm e\u0161te v tele zvestoval vyk\u00fapenie a tela z m\u0155tvych vzkriesenie, z\u00e1chranu zo smrti a ve\u010dn\u00fd \u017eivot. Aj apo\u0161tol Peter sved\u010d\u00ed, \u017ee Kristus P\u00e1n <em>\u201ezost\u00fapil\u2026a k\u00e1zal v\u00e4znen\u00fdm duchom\u201c. <\/em>A ke\u010f tam, v \u201epodsvet\u00ed\u201c, ktor\u00e9 sa javilo \u013eu\u010fom ako jednozna\u010dn\u00e1 dom\u00e9na smrti a diabla \u201ezdvihol z\u00e1stavu svojho v\u00ed\u0165azstva\u201c, zdvihol ju potom tu na zemi, ke\u010f bol sl\u00e1vne vzkriesen\u00fd a vy\u0161iel z hrobu v novom, osl\u00e1venom tele.<\/p>\n\n\n\n<p>&nbsp; &nbsp; Jozef z Arimatie vykonal hrdinsk\u00fa a skvel\u00fa slu\u017ebu Je\u017ei\u0161ovi, ke\u010f Jeho telo d\u00f4stojne pochoval vo svojom novom skalnom hrobe. Viac urobi\u0165 nemohol, ale ani \u010falej dovidie\u0165 nemohol, len po hrobov\u00fd kame\u0148. Ani zbo\u017en\u00e9 \u017eeny, ktor\u00e9 pri\u0161li s Je\u017ei\u0161om z Galiey nevideli a\u017e do ve\u013ekono\u010dn\u00e9ho r\u00e1na \u010falej, len po hrob, ku ktor\u00e9mu prich\u00e1dzali s vonn\u00fdmi vecami a mas\u0165ami, aby vykonali m\u0155tvemu posledn\u00fa slu\u017ebu, ktor\u00fa predt\u00fdm nestihli vykona\u0165.<\/p>\n\n\n\n<p>&nbsp; &nbsp; Je mo\u017eno zauj\u00edmav\u00e1 ot\u00e1zka, \u010do sa stalo s vonn\u00fdmi vecami potom, ako v otvorenom hrobe telo P\u00e1novo nena\u0161li. P\u00edsmo sv\u00e4t\u00e9 o tom ni\u010d nehovor\u00ed. Niekto povedal, \u017ee ich asi zobral z\u00e1hradn\u00edk, ktor\u00fd sa mo\u017eno pote\u0161il z toho, ak\u00fd skvel\u00fd \u00falovok sa mu dostal do r\u00fak. Ak sa v\u0161ak uspokojil s t\u00fdmto n\u00e1lezom drahocenn\u00fdch mast\u00ed, v skuto\u010dnosti by na\u0161iel a z\u00edskal len ve\u013emi m\u00e1lo\u201a preto\u017ee mohol n\u00e1js\u0165 dar omnoho v\u00e4\u010d\u0161\u00ed.&nbsp;<\/p>\n\n\n\n<p>\u00a0\u00a0 Biela sobota aj n\u00e1m pripom\u00edna a poukazuje na hrob J\u00e1na Je\u017ei\u0161a.<em>\u00a0<\/em>Je ch\u00e1pan\u00e1 ako de\u0148 pripom\u00ednaj\u00faci hrobov\u00fd odpo\u010dinok m\u0155tveho tela P\u00e1novho. Pr\u00e1vom v\u0161ak m\u00f4\u017eeme dolo\u017ei\u0165, \u017ee okrem odpo\u010dinku tela v hrobe n\u00e1m pripom\u00edna aj to, \u017ee P\u00e1n u\u017e za\u010dal svoje misijn\u00e9 a v\u00ed\u0165azn\u00e9 \u0165a\u017eenie medzi zosnul\u00fdmi.\u00a0<\/p>\n\n\n\n<p>\u00a0\u00a0 Aj v zajtraj\u0161ie r\u00e1no bude ono pokra\u010dova\u0165 medzi nami \u017eiv\u00fdmi, v kruhu veriacich a v pozemskej cirkvi P\u00e1novej, aby n\u00e1s P\u00e1n oslovil, otvoril n\u00e1m o\u010di a srdce pre Jeho spr\u00e1vne videnie a poznanie, \u017ee Ten, ktor\u00fd bol m\u0155tvy o\u017eil. Svedectvo o tom, \u017ee \u201ezost\u00fapil do pekiel\u201c a \u201ev tret\u00ed de\u0148 vstal z m\u0155tvych\u201c nech n\u00e1s napln\u00ed rados\u0165ou a pokojom, preto\u017ee P\u00e1n Je\u017ei\u0161 nezostal v hrobe, ale \u017eije a kra\u013euje na veky vekov! Amen<\/p>\n\n\n\n<p>&nbsp;&nbsp; &nbsp; &nbsp; &nbsp; &nbsp; &nbsp; &nbsp; &nbsp; &nbsp; &nbsp; Biela sobota &#8211;&nbsp; MyS &#8211;&nbsp; \u013dubom\u00edr Batka st.<\/p>\n","protected":false},"excerpt":{"rendered":"<p>&nbsp;&nbsp; &nbsp; &nbsp; &nbsp; &nbsp; &nbsp; &nbsp; &nbsp; &nbsp; &nbsp; &nbsp; &nbsp; &nbsp; &nbsp; &nbsp; &nbsp; Ke\u010f nastala sobota L 23, 53 &#8211; 56: \u00a0\u00a0 \u201eKe\u010f Ho s\u0148al, zavinul Ho do pl\u00e1tna a polo\u017eil do hrobu, vytesan\u00e9ho v skale, v ktorom e\u0161te nikto nikdy nele\u017eal. (54) A bol de\u0148 pr\u00edpravy a nast\u00e1vala sobota. (55)\u00a0 \u017deny, &#8230; <a title=\"Ke\u010f nastala sobota\" class=\"read-more\" href=\"https:\/\/www.e-anjelik.sk\/index.php\/2025\/04\/20\/ked-nastala-sobota\/\" aria-label=\"Pre\u010d\u00edtajte si viac o Ke\u010f nastala sobota\">\u010c\u00edta\u0165 viac<\/a><\/p>\n","protected":false},"author":4,"featured_media":0,"comment_status":"open","ping_status":"open","sticky":false,"template":"","format":"standard","meta":{"footnotes":""},"categories":[83,121,6],"tags":[],"class_list":["post-37896","post","type-post","status-publish","format-standard","hentry","category-biela-sobota","category-kazne","category-myjavsky-seniorat"],"_links":{"self":[{"href":"https:\/\/www.e-anjelik.sk\/index.php\/wp-json\/wp\/v2\/posts\/37896","targetHints":{"allow":["GET"]}}],"collection":[{"href":"https:\/\/www.e-anjelik.sk\/index.php\/wp-json\/wp\/v2\/posts"}],"about":[{"href":"https:\/\/www.e-anjelik.sk\/index.php\/wp-json\/wp\/v2\/types\/post"}],"author":[{"embeddable":true,"href":"https:\/\/www.e-anjelik.sk\/index.php\/wp-json\/wp\/v2\/users\/4"}],"replies":[{"embeddable":true,"href":"https:\/\/www.e-anjelik.sk\/index.php\/wp-json\/wp\/v2\/comments?post=37896"}],"version-history":[{"count":2,"href":"https:\/\/www.e-anjelik.sk\/index.php\/wp-json\/wp\/v2\/posts\/37896\/revisions"}],"predecessor-version":[{"id":37903,"href":"https:\/\/www.e-anjelik.sk\/index.php\/wp-json\/wp\/v2\/posts\/37896\/revisions\/37903"}],"wp:attachment":[{"href":"https:\/\/www.e-anjelik.sk\/index.php\/wp-json\/wp\/v2\/media?parent=37896"}],"wp:term":[{"taxonomy":"category","embeddable":true,"href":"https:\/\/www.e-anjelik.sk\/index.php\/wp-json\/wp\/v2\/categories?post=37896"},{"taxonomy":"post_tag","embeddable":true,"href":"https:\/\/www.e-anjelik.sk\/index.php\/wp-json\/wp\/v2\/tags?post=37896"}],"curies":[{"name":"wp","href":"https:\/\/api.w.org\/{rel}","templated":true}]}}