{"id":3790,"date":"2011-09-26T19:19:48","date_gmt":"2011-09-26T19:19:48","guid":{"rendered":"http:\/\/e-anjelik.sk\/?p=3790"},"modified":"2011-09-26T19:19:48","modified_gmt":"2011-09-26T19:19:48","slug":"stretnutie-rodakov","status":"publish","type":"post","link":"https:\/\/www.e-anjelik.sk\/index.php\/2011\/09\/26\/stretnutie-rodakov\/","title":{"rendered":"Stretnutie rod\u00e1kov"},"content":{"rendered":"<p>&nbsp;Cez v&iacute;kend 24. &ndash; 25. septembra 2011 sa uskuto\u010dnilo v&nbsp;cirkevnom zbore Sv&auml;t&yacute; Jur tradi\u010dn&eacute;, u\u017e 18. stretnutie rod&aacute;kov zo Sv&auml;t&eacute;ho Jura. Tento rok sa niesol v duchu&nbsp;rodinnej atmosf&eacute;ry, preto\u017ee niektor&iacute; st&aacute;li hostia u\u017e nie s&uacute; medzi nami, niektor&yacute;m nedovolil zdravotn&yacute; stav z&uacute;\u010dastni\u0165 sa tohto stretnutia a&nbsp;tak nakoniec pri&scaron;lo 18 host&iacute;. Niektor&iacute; pri&scaron;li u\u017e v&nbsp;stredu a&nbsp;e&scaron;te ponav&scaron;tevovali Slovensko a zaspom&iacute;nali na kr&aacute;sy svojej rodnej krajiny, in&iacute; pri&scaron;li a\u017e v&nbsp;sobotu, kedy sa spolo\u010dn&yacute;m poseden&iacute;m a&nbsp;dru\u017en&yacute;mi rozhovormi ofici&aacute;lne za\u010dalo tohtoro\u010dn&eacute; stretnutie rod&aacute;kov. Rados\u0165 v&scaron;etk&yacute;ch pr&iacute;tomn&yacute;ch z toho, \u017ee im P&aacute;n Boh doprial op&auml;\u0165 uzrie\u0165 svoje rodn&eacute; mesto a&nbsp;svojich krajanov &#8211; rod&aacute;kov, s&nbsp;ktor&yacute;mi sa inak nestret&aacute;vaj&uacute;, pod\u010diarkuje fakt, \u017ee toto posedenie trvalo a\u017e do neskor&eacute;ho ve\u010dera.<\/p>\n<p class=\"MsoNormal\">Program pokra\u010doval v&nbsp;nede\u013eu r&aacute;no pobo\u017enos\u0165ou v&nbsp;kaplnke na evanjelickom cintor&iacute;ne, kde pr&iacute;tomn&yacute;ch pozdravil azda najstar&scaron;&iacute; &uacute;\u010dastn&iacute;k a&nbsp;dlhoro\u010dn&yacute; organiz&aacute;tor Karl Kowatsch. Vo svojom pr&iacute;hovore si spomenul na v&scaron;etk&yacute;ch, ktor&yacute;ch si P&aacute;n \u017eivota i&nbsp;smrti povolal k&nbsp;sebe, a&nbsp;\u010fakoval P&aacute;nu Bohu za to, \u017ee e&scaron;te tu m&ocirc;\u017ee st&aacute;\u0165 a prij&iacute;ma\u0165 od P&aacute;na Boha v&scaron;etko po\u017eehnanie.<\/p>\n<p class=\"MsoNormal\">Zves\u0165ou slova Bo\u017eieho posl&uacute;\u017eil brat far&aacute;r Metzl z&nbsp;Nemecka. Vo svojej k&aacute;zni vyzdvihol skuto\u010dnos\u0165, \u017ee Bohu je mil&yacute; ka\u017ed&yacute; z&nbsp;ka\u017ed&eacute;ho n&aacute;roda, kto Mu ver&iacute; a&nbsp;vz&yacute;va Jeho meno. Zd&ocirc;raznil, \u017ee P&aacute;nu Bohu je jedno, \u010di sme z&nbsp;Nemecka, alebo z&nbsp;Rak&uacute;ska, alebo Slovenska, podstatn&eacute; je, \u017ee v&nbsp;Kristovi sme v&scaron;etci jedno a&nbsp;v&scaron;etci smerujeme do jedinej nebeskej ot\u010diny. Po tejto kr&aacute;tkej pobo\u017enosti sme e&scaron;te polo\u017eili veniec k&nbsp;pam&auml;tn&iacute;ku obet&iacute; druhej svetovej vojny a&nbsp;pobrali sme sa do kostola,<span>&nbsp; <\/span>kde sme sl&aacute;vili slu\u017eby Bo\u017eie s&nbsp;Ve\u010derou P&aacute;novou.<\/p>\n<p class=\"MsoNormal\">Na t&yacute;chto slu\u017eb&aacute;ch Bo\u017e&iacute;ch posl&uacute;\u017eil op&auml;\u0165 brat far&aacute;r Metzl zves\u0165ou slova Bo\u017eieho, ktor&aacute; bola pre pr&iacute;tomn&yacute;ch tlmo\u010den&aacute; do sloven\u010diny. Prekladom posl&uacute;\u017eil brat emeritn&yacute; gener&aacute;lny biskup profesor Filo. Brat far&aacute;r prirovnal v&scaron;etk&yacute;ch rod&aacute;kov k&nbsp;malomocn&eacute;mu, ktor&yacute; pri&scaron;iel za P&aacute;nom Je\u017ei&scaron;om, ten ho prijal a&nbsp;uzdravil. To neznamen&aacute;, \u017ee by azda Nemci &#8211; rod&aacute;ci, ktor&iacute; museli po druhej svetovej vojne opusti\u0165 Sv&auml;t&yacute; Jur boli malomocn&iacute;, alebo ne\u010dist&iacute;, ale tak ako aj malomocn&iacute; vtedy boli spolo\u010dnos\u0165ou vy\u010dlenen&iacute; na okraj spolo\u010dnosti a&nbsp;odmietan&iacute;, podobn&eacute; pocity za\u017eili v&scaron;etci, ktor&iacute; vtedy museli od&iacute;s\u0165. Je\u017ei&scaron; Kristus v&scaron;ak nielen sn&iacute;ma z&nbsp;\u010dloveka jeho ne\u010distotu, ale z&aacute;rove\u0148 ma\u017ee aj spolo\u010densk&eacute; rozdiely, potiera neprijatie a&nbsp;vy\u010dlenenie. Tak ako si to Kristus \u017eelal, aby v&scaron;etci jedno boli. T&uacute;to jednotu napriek mnoh&yacute;m rozdielom m&ocirc;\u017eeme dosiahnu\u0165 jedine v&nbsp;Je\u017ei&scaron;ovi Kristovi. D&ocirc;kazom toho boli nielen tieto Bohoslu\u017eby, kde sa spolo\u010dne v jednom chr&aacute;me na jedn&yacute;ch Bohoslu\u017eb&aacute;ch z&uacute;\u010dastnili, spievali a modlili aj Slov&aacute;ci, aj Nemci, aj Rak&uacute;&scaron;ania a&nbsp;na potvrdenie tejto jednoty spolo\u010dne k\u013eakali ku olt&aacute;ru a&nbsp;spolo\u010dne prij&iacute;mali sviatos\u0165 Ve\u010dere P&aacute;novej, ktor&uacute; prisluhovali svorne brat far&aacute;r Metzl a&nbsp;brat emeritn&yacute; biskup Filo.<\/p>\n<p class=\"MsoNormal\">Na slu\u017eb&aacute;ch Bo\u017e&iacute;ch ako aj na pobo\u017enosti v&nbsp;kaplnke posl&uacute;\u017eil spevokol &bdquo;Singende Omas&ldquo; (Spievaj&uacute;ce babi\u010dky) z&nbsp;Bratislavy.<\/p>\n<p class=\"MsoNormal\">Po slu\u017eb&aacute;ch Bo\u017e&iacute;ch bolo pre v&scaron;etk&yacute;ch pr&iacute;tomn&yacute;ch pripraven&eacute; ob\u010derstvenie, o&nbsp;ktor&eacute; sa postarali dom&aacute;ci viery. Ani sme sa nenazdali a&nbsp;zvon u\u017e host&iacute; volal k&nbsp;sl&aacute;vnostn&eacute;mu obedu v&nbsp;zariaden&iacute; Agap&eacute;. Ani t&yacute;mto obedom sa v&scaron;ak spolo\u010denstvo bratov a&nbsp;sestier neskon\u010dilo, preto\u017ee pokra\u010dovalo \u010falej spolo\u010dn&yacute;mi rozhovormi a&nbsp;n&aacute;v&scaron;tevami t&yacute;ch, ktor&iacute; sa rozhodli zosta\u0165 a&nbsp;zostali a\u017e do pondelka.<\/p>\n<p class=\"MsoNormal\">\u010eakujeme P&aacute;nu Bohu, \u017ee m&ocirc;\u017eeme ma\u0165 aj tak&eacute;to spolo\u010denstv&aacute; a&nbsp;stretnutia, ktor&eacute; n&aacute;s upozor\u0148uj&uacute; na chyby minulosti a&nbsp;d&aacute;vaj&uacute; n&aacute;m nov&uacute; n&aacute;dej do bud&uacute;cnosti. Preto\u017ee ani dia\u013eka, ani dlhoro\u010dn&eacute; odl&uacute;\u010denie nem&ocirc;\u017ee pretrha\u0165 put&aacute; l&aacute;sky, ktor&eacute; boli Je\u017ei&scaron;om Kristom vybudovan&eacute; a&nbsp;aj napriek rozluke modlitbami upev\u0148ovan&eacute;. D&uacute;fame, \u017ee aj v&nbsp;nasleduj&uacute;com roku sa budeme m&ocirc;c\u0165 op&auml;\u0165 stretn&uacute;\u0165 s&nbsp;na&scaron;imi krajanmi \u017eij&uacute;cimi v&nbsp;Nemecku a&nbsp;Rak&uacute;sku tu, na p&ocirc;de n&aacute;&scaron;ho cirkevn&eacute;ho zboru.<span>&nbsp; <\/span><span>&nbsp;&nbsp;&nbsp;<\/span><\/p>\n<p class=\"MsoNormal\">Michal Kore\u0148<\/p>\n<p class=\"MsoNormal\"><span>&nbsp; &nbsp;&nbsp;<\/span><\/p>\n","protected":false},"excerpt":{"rendered":"<p>&nbsp;Cez v&iacute;kend 24. &ndash; 25. septembra 2011 sa uskuto\u010dnilo v&nbsp;cirkevnom zbore Sv&auml;t&yacute; Jur tradi\u010dn&eacute;, u\u017e 18. stretnutie rod&aacute;kov zo Sv&auml;t&eacute;ho Jura. Tento rok sa niesol v duchu&nbsp;rodinnej atmosf&eacute;ry, preto\u017ee niektor&iacute; st&aacute;li hostia u\u017e nie s&uacute; medzi nami, niektor&yacute;m nedovolil zdravotn&yacute; stav z&uacute;\u010dastni\u0165 sa tohto stretnutia a&nbsp;tak nakoniec pri&scaron;lo 18 host&iacute;. Niektor&iacute; pri&scaron;li u\u017e v&nbsp;stredu a&nbsp;e&scaron;te &#8230; <a title=\"Stretnutie rod\u00e1kov\" class=\"read-more\" href=\"https:\/\/www.e-anjelik.sk\/index.php\/2011\/09\/26\/stretnutie-rodakov\/\" aria-label=\"Pre\u010d\u00edtajte si viac o Stretnutie rod\u00e1kov\">\u010c\u00edta\u0165 viac<\/a><\/p>\n","protected":false},"author":57,"featured_media":0,"comment_status":"open","ping_status":"open","sticky":false,"template":"","format":"standard","meta":{"footnotes":""},"categories":[1],"tags":[],"class_list":["post-3790","post","type-post","status-publish","format-standard","hentry","category-adventna-modlitba"],"_links":{"self":[{"href":"https:\/\/www.e-anjelik.sk\/index.php\/wp-json\/wp\/v2\/posts\/3790","targetHints":{"allow":["GET"]}}],"collection":[{"href":"https:\/\/www.e-anjelik.sk\/index.php\/wp-json\/wp\/v2\/posts"}],"about":[{"href":"https:\/\/www.e-anjelik.sk\/index.php\/wp-json\/wp\/v2\/types\/post"}],"author":[{"embeddable":true,"href":"https:\/\/www.e-anjelik.sk\/index.php\/wp-json\/wp\/v2\/users\/57"}],"replies":[{"embeddable":true,"href":"https:\/\/www.e-anjelik.sk\/index.php\/wp-json\/wp\/v2\/comments?post=3790"}],"version-history":[{"count":0,"href":"https:\/\/www.e-anjelik.sk\/index.php\/wp-json\/wp\/v2\/posts\/3790\/revisions"}],"wp:attachment":[{"href":"https:\/\/www.e-anjelik.sk\/index.php\/wp-json\/wp\/v2\/media?parent=3790"}],"wp:term":[{"taxonomy":"category","embeddable":true,"href":"https:\/\/www.e-anjelik.sk\/index.php\/wp-json\/wp\/v2\/categories?post=3790"},{"taxonomy":"post_tag","embeddable":true,"href":"https:\/\/www.e-anjelik.sk\/index.php\/wp-json\/wp\/v2\/tags?post=3790"}],"curies":[{"name":"wp","href":"https:\/\/api.w.org\/{rel}","templated":true}]}}