{"id":3792,"date":"2011-09-29T16:14:46","date_gmt":"2011-09-29T16:14:46","guid":{"rendered":"http:\/\/e-anjelik.sk\/?p=3792"},"modified":"2011-09-29T16:14:46","modified_gmt":"2011-09-29T16:14:46","slug":"zjavenie-jana-kap-12-14-komentar-prof-louisa-brightona","status":"publish","type":"post","link":"https:\/\/www.e-anjelik.sk\/index.php\/2011\/09\/29\/zjavenie-jana-kap-12-14-komentar-prof-louisa-brightona\/","title":{"rendered":"Zjavenie J\u00e1na &#8211; Kap 12-14, Koment\u00e1r Prof. Louisa Brightona"},"content":{"rendered":"<p>Koment&aacute;r Prof.&nbsp;Louis Brighton&nbsp;<br \/>\n&Uacute;vod do Zjavenia J&aacute;na &#8211; 12-14, Interregnum<\/p>\n<p>Kapitoly 12-14 sl&uacute;\u017eia ako interregnum, to znamen&aacute;, pauza medzi druh&yacute;m (8:06-11:19) a tret&iacute;m (15:1-16:21) sedemn&aacute;sobn&yacute;m viden&iacute;m udalost&iacute; odohr&aacute;vaj&uacute;cich sa na Zemi.&nbsp; Po\u010das tejto pauzy o vl&aacute;dnutie z&aacute;pasia protikladn&eacute; sily.&nbsp; T&aacute;to prest&aacute;vka medzi druhou a tre\u0165ou pozemskou v&iacute;ziou je viac ne\u017e len pauza, ako bola peri&oacute;da, ktor&aacute; sa odohrala medzi &scaron;iesty a siedmej pe\u010date v prvom sedemn&aacute;sobnom viden&iacute; ( 7, 1-17) , a tou, medzi sa medzi &scaron;iestym a siedmym tr&uacute;ben&iacute;m anjela v druhej v&iacute;zii (10,1-11,14).&nbsp; <br \/>\nV tejto prest&aacute;vke medzi druhou a tre\u0165ou v&iacute;zia je dlh&scaron;ia pauza, alebo zastavenia, ktor&yacute;m je preru&scaron;enie norm&aacute;lneho priebehu prorockej v&iacute;zie v Zjaven&iacute; o dian&iacute; na Zemi.&nbsp; Zobrazenie udalost&iacute; na Zemi je pozastaven&eacute;, aby J&aacute;n mohol vidie\u0165 kozmick&uacute; v&iacute;ziu ktor&aacute; presahuje to, \u010do videl \u017ee sa dialo na Zemi.&nbsp; \u010co J&aacute;n videl v Zjaven&iacute; 12-14 dominuje a ur\u010duje udalosti, ktor&eacute; vid&iacute; odohr&aacute;va\u0165 sa na Zemi.&nbsp; To znamen&aacute;, \u017ee tieto kapitoly vizu&aacute;lne vysvet\u013euj&uacute; udalosti, ktor&eacute; J&aacute;n vid&iacute; dia\u0165 sa na Zemi.24<\/p>\n<p>&nbsp;Udalosti zobrazen&eacute; v tomto interregnu s&uacute; kozmickej povahy, preto\u017ee vyjaven&eacute; dianie sa deje na zemi ako i nad \u0148ou.&nbsp; To, \u010do sa zobrazuje pred o\u010dami J&aacute;na nie je ni\u010d men&scaron;ieho, ako kozmick&aacute; vojna medzi Bohom a princom temnoty, vojna, ktor&aacute; sa kon&aacute; v nebi a potom zost&uacute;pi na zem.&nbsp; T&aacute;to vojna medzi Bohom a Luciferom (padl&yacute;m anjelom, vi\u010f Iz 14, 12, Iz 26, 1, Lk 10, 17-18), je prame\u0148om a pr&iacute;\u010dinou vojny medzi Bo\u017e&iacute;m \u013eu\u010fom na zemi a silami zla.&nbsp; Zjavenie 12-14 tak vyjavuje a vysvet\u013euje v&scaron;etko, \u010do vid&iacute; J&aacute;n ako dianie na Zemi od doby osl&aacute;venia Krista a\u017e do konca s&uacute;\u010dasn&eacute;ho sveta pri Kristovom n&aacute;vrate.<\/p>\n<p>Kapitola 12 predstavuje &uacute;\u017easn&eacute; sc&eacute;ny \u017eeny s Die\u0165a\u0165om, draka, ktor&yacute; sa pok&uacute;&scaron;a zni\u010di\u0165 Die\u0165a a (potom, \u010do Die\u0165a je vzat&eacute; do neba), vojnu v nebi, \u010do m&aacute; za n&aacute;sledok vyl&uacute;\u010denie&nbsp;satana z nebeskej Bo\u017eej pr&iacute;tomnosti.&nbsp; Kapitola kon\u010d&iacute; t&yacute;m, ako si drak vylieva zlos\u0165 na \u017eenu a jej potomkov.&nbsp; V&iacute;zia pokra\u010duje v kapitole 13 sc&eacute;nou dvoch desiv&yacute;ch be&scaron;ti&iacute;, ktor&eacute; drak vy\u010daril aby ich pou\u017eil v jeho vojne proti \u017eene a jej pokoleniu. Vesm&iacute;rna v&iacute;zia tohto interregna kon\u010d&iacute; v kapitole 14 v&yacute;javmi v&iacute;\u0165azstva a radosti nad rozsudkom a zvrhnut&iacute;m zl&yacute;ch s&iacute;l draka.<\/p>\n","protected":false},"excerpt":{"rendered":"<p>Koment&aacute;r Prof.&nbsp;Louis Brighton&nbsp; &Uacute;vod do Zjavenia J&aacute;na &#8211; 12-14, Interregnum Kapitoly 12-14 sl&uacute;\u017eia ako interregnum, to znamen&aacute;, pauza medzi druh&yacute;m (8:06-11:19) a tret&iacute;m (15:1-16:21) sedemn&aacute;sobn&yacute;m viden&iacute;m udalost&iacute; odohr&aacute;vaj&uacute;cich sa na Zemi.&nbsp; Po\u010das tejto pauzy o vl&aacute;dnutie z&aacute;pasia protikladn&eacute; sily.&nbsp; T&aacute;to prest&aacute;vka medzi druhou a tre\u0165ou pozemskou v&iacute;ziou je viac ne\u017e len pauza, ako bola peri&oacute;da, &#8230; <a title=\"Zjavenie J\u00e1na &#8211; Kap 12-14, Koment\u00e1r Prof. Louisa Brightona\" class=\"read-more\" href=\"https:\/\/www.e-anjelik.sk\/index.php\/2011\/09\/29\/zjavenie-jana-kap-12-14-komentar-prof-louisa-brightona\/\" aria-label=\"Pre\u010d\u00edtajte si viac o Zjavenie J\u00e1na &#8211; Kap 12-14, Koment\u00e1r Prof. Louisa Brightona\">\u010c\u00edta\u0165 viac<\/a><\/p>\n","protected":false},"author":12,"featured_media":0,"comment_status":"open","ping_status":"open","sticky":false,"template":"","format":"standard","meta":{"footnotes":""},"categories":[1],"tags":[],"class_list":["post-3792","post","type-post","status-publish","format-standard","hentry","category-adventna-modlitba"],"_links":{"self":[{"href":"https:\/\/www.e-anjelik.sk\/index.php\/wp-json\/wp\/v2\/posts\/3792","targetHints":{"allow":["GET"]}}],"collection":[{"href":"https:\/\/www.e-anjelik.sk\/index.php\/wp-json\/wp\/v2\/posts"}],"about":[{"href":"https:\/\/www.e-anjelik.sk\/index.php\/wp-json\/wp\/v2\/types\/post"}],"author":[{"embeddable":true,"href":"https:\/\/www.e-anjelik.sk\/index.php\/wp-json\/wp\/v2\/users\/12"}],"replies":[{"embeddable":true,"href":"https:\/\/www.e-anjelik.sk\/index.php\/wp-json\/wp\/v2\/comments?post=3792"}],"version-history":[{"count":0,"href":"https:\/\/www.e-anjelik.sk\/index.php\/wp-json\/wp\/v2\/posts\/3792\/revisions"}],"wp:attachment":[{"href":"https:\/\/www.e-anjelik.sk\/index.php\/wp-json\/wp\/v2\/media?parent=3792"}],"wp:term":[{"taxonomy":"category","embeddable":true,"href":"https:\/\/www.e-anjelik.sk\/index.php\/wp-json\/wp\/v2\/categories?post=3792"},{"taxonomy":"post_tag","embeddable":true,"href":"https:\/\/www.e-anjelik.sk\/index.php\/wp-json\/wp\/v2\/tags?post=3792"}],"curies":[{"name":"wp","href":"https:\/\/api.w.org\/{rel}","templated":true}]}}