{"id":37921,"date":"2025-05-03T22:32:42","date_gmt":"2025-05-03T20:32:42","guid":{"rendered":"https:\/\/www.e-anjelik.sk\/?p=37921"},"modified":"2025-05-04T16:42:11","modified_gmt":"2025-05-04T14:42:11","slug":"ako-sa-rodi-viera","status":"publish","type":"post","link":"https:\/\/www.e-anjelik.sk\/index.php\/2025\/05\/03\/ako-sa-rodi-viera\/","title":{"rendered":"Ako sa rod\u00ed viera"},"content":{"rendered":"\n<p><em>&nbsp;&nbsp; &nbsp; &nbsp; &nbsp; &nbsp; &nbsp; &nbsp; &nbsp; &nbsp; &nbsp; &nbsp; &nbsp;<\/em><strong> &nbsp; &nbsp; &nbsp; &nbsp; Ako sa rod\u00ed viera<\/strong><\/p>\n\n\n\n<p><em>Ty vstal si mocne, Kriste mil\u00fd,<\/em><\/p>\n\n\n\n<p><em>To z\u00e1rukou je n\u00e1\u0161ho \u017eitia &#8211;<\/em><\/p>\n\n\n\n<p><em>Aby sme s Tebou ve\u010dne \u017eili.<\/em><\/p>\n\n\n\n<p><em>N\u00e1s ponad smrti vlnobitia<\/em><\/p>\n\n\n\n<p><em>Prenesie\u0161 s l\u00e1skou, vzbud\u00ed\u0161 z hrobu,<\/em><\/p>\n\n\n\n<p><em>Ty, Kriste ve\u010dn\u00fd, Pane mil\u00fd,<\/em><\/p>\n\n\n\n<p><em>bu\u010f pochv\u00e1len\u00fd v t\u00fato dobu,<\/em><\/p>\n\n\n\n<p><em>Tys\u2019 umrel, vstal si, by sme \u017eili. Amen&nbsp; (Z.O.)<\/em><\/p>\n\n\n\n<p><strong>Mk 16, 9 &#8211; 14:<\/strong><\/p>\n\n\n\n<p><strong>&nbsp; &nbsp; <\/strong>&nbsp; Bohumil\u00ed kres\u0165ania, bratia a sestry v Kristu, P\u00e1novi!<\/p>\n\n\n\n<p>&nbsp; Star\u00e9 latinsk\u00e9 pr\u00edslovie (v preklade) hovor\u00ed: <em>\u201eProti smrti nieto lieku, ani byl\u00edn v z\u00e1hrad\u00e1ch\u201c. <\/em>Keby sme ho ch\u00e1pali v absol\u00fatnom zmysle, znamenalo by to, \u017ee sme posolstvo Ve\u013ekej noci nevzali na vedomie,&nbsp;alebo sme ho nevzali v\u00e1\u017ene. Boli by sme podobn\u00ed u\u010den\u00edkom, ktor\u00ed po\u010duli Je\u017ei\u0161ove slov\u00e1 pred Jeho smr\u0165ou, ke\u010f hovoril: <em>\u201eZborte tento chr\u00e1m a za tri dni ho postav\u00edm\u201c. <\/em>Aj in\u00fdmi slovami ich pripravoval na Ve\u013ekono\u010dn\u00fd div. Patrili k nim slov\u00e1 o Jon\u00e1\u0161ovom znamen\u00ed, o zrne, ktor\u00e9, ke\u010f neodumrie, neprinesie \u00fa\u017eitok. A hovoril im aj celkom otvorene, \u017ee <em>\u201emus\u00ed \u00eds\u0165 do Jeruzalema, mus\u00ed trpie\u0165 a bude zabit\u00fd, ale na tret\u00ed de\u0148 vstane z m\u0155tvych\u201c.<\/em><\/p>\n\n\n\n<p><em>&nbsp;<\/em> &nbsp; Ani obrazn\u00e1 re\u010d, ani priame poukazy u\u010den\u00edci nech\u00e1pali, lebo so vzkriesen\u00edm v\u00e1\u017ene nepo\u010d\u00edtali. To len dosved\u010duje, \u017ee bez pomoci Ducha Sv\u00e4t\u00e9ho ani u\u010den\u00edci ni\u010d z evanjelia neprij\u00edmali a nerozumeli a <em>\u201eboli leniv\u00ed srdcom veri\u0165 v\u0161etko, \u010do hovorili proroci\u201c (L 24, 25)<\/em><\/p>\n\n\n\n<p>Evanjelista Marek podobne sved\u010d\u00ed, \u017ee ke\u010f M\u00e1ria Magdal\u00e9na priniesla u\u010den\u00edkom spr\u00e1vu o vzkriesen\u00ed, oni <em>\u201e\u017ealostili a plakali\u201c (v.10<\/em>) <em>\u201eT\u00ed v\u0161ak, ke\u010f po\u010duli, \u017ee \u017eije a \u017ee Ho videla, neuverili\u201c. (v.11)<\/em>\u00a0Podobne neuverili ani emausk\u00fdm u\u010den\u00edkom (v.12). Preto nesk\u00f4r Je\u017ei\u0161 <em>\u201ekarhal ich ned\u00f4veru a tvrdos\u0165 srdca, \u017ee neuverili t\u00fdm, \u010do Ho videli vzkriesen\u00e9ho\u201c. (14)<\/em><\/p>\n\n\n\n<p><em>&nbsp;&nbsp; <\/em>V\u00e4\u010d\u0161ina z n\u00e1s od detstva pozn\u00e1 P\u00edsmo sv\u00e4t\u00e9 a tak sa vo v\u0161etkom podob\u00e1me u\u010den\u00edkom. V mnohom never\u00edme Je\u017ei\u0161ov\u00fdm slov\u00e1m a s\u013eubom, a\u017e dovtedy, k\u00fdm Duch Sv\u00e4t\u00fd s\u00e1m neprekon\u00e1 na\u0161u<em> <em>\u201e<\/em>mal\u00fa vieru\u201c, <\/em>a <em>\u201etvrdos\u0165 srdca<\/em>\u201c. Podob\u00e1me sa im aj v ich pasivite a v strachu a najm\u00e4 v <em>\u201ekardioskler\u00f3ze\u201c<\/em>, ktor\u00fd je hor\u0161ia choroba ako v\u0161etky ostatn\u00e9, preto\u017ee tvrdos\u0165 srdca odmieta pr\u00e1ve ten jedin\u00fd liek proti smrti, ktor\u00fdm je evanjelium o vzkriesenom a \u017eivom P\u00e1novi Je\u017ei\u0161ovi Kristovi. On je toti\u017e \u201esvetlom\u201c v ka\u017edej tme a \u017eivotom, ktor\u00fd v\u00ed\u0165az\u00ed nad smr\u0165ou.<\/p>\n\n\n\n<p>&nbsp; &nbsp; Preto: <strong><em>Neodporujme svedectvu Ducha Sv\u00e4t\u00e9ho<\/em><\/strong><strong>,<\/strong> ale:<\/p>\n\n\n\n<p><em>1. verme Bo\u017e\u00edm poslom<\/em><\/p>\n\n\n\n<p><em>2 a majme miesto pla\u010du rados\u0165&nbsp;<\/em><\/p>\n\n\n\n<p><em>&nbsp;<\/em>&nbsp; Mil\u00ed bratia a sestry v P\u00e1novi!<\/p>\n\n\n\n<p>&nbsp; Kedyko\u013evek sa \u013eudia vzpieraj\u00fa moci Ducha Sv\u00e4t\u00e9ho, v\u017edy z\u00edskaj\u00fa iba nepokoj, neistotu a strach. Ale ovoc\u00edm Ducha Sv\u00e4t\u00e9ho je rados\u0165 a pokoj. Ten pon\u00faka P\u00e1n Je\u017ei\u0161 aj n\u00e1m, tak ako ho priniesol Je\u017ei\u0161 u\u010den\u00edkom po vzkriesen\u00ed, ke\u010f ako prv\u00e9 slovo im povedal: <em>\u201ePokoj v\u00e1m!\u201c <\/em>Ak by boli u\u010den\u00edci uverili Je\u017ei\u0161ov\u00fdm slov\u00e1m u\u017e sk\u00f4r, neboli by pre\u017e\u00edvali tak\u00fd \u0161ok a nepokoj v srdci. Preto stratili aj duchovn\u00e9 prvenstvo pri zvesti o v\u00ed\u0165azstve \u017eivota nad smr\u0165ou. Toto posolstvo ako prv\u00e1 niesla do sveta M\u00e1ria Magdal\u00e9na.<\/p>\n\n\n\n<p>&nbsp;&nbsp; Pripom\u00edname si to preto, aby sme si uvedomili, \u017ee ak sa v na\u0161om povolan\u00ed nies\u0165 evanjelium svetu nedok\u00e1\u017eeme vern\u00fdmi, P\u00e1n si n\u00e1jde in\u00fdch. Apo\u0161tol Pavel preto naliehavo, s ve\u013ekou prosbou sa obracia na kres\u0165anov v R\u00edme: <em><em>\u201e<\/em>Pros\u00edm v\u00e1s teda, bratia, pre milosrdenstvo Bo\u017eie, vyd\u00e1vajte svoje tel\u00e1 v \u017eiv\u00fa, sv\u00e4t\u00fa, Bohu pr\u00edjemn\u00fa obe\u0165, va\u0161u rozumn\u00fa to slu\u017ebu Bohu\u201c.<\/em> Kedyko\u013evek sa m\u00f4\u017ee naplni\u0165 slovo:<em> <em>\u201e<\/em>Ak t\u00edto bud\u00fa ml\u010da\u0165, kamenie bude kri\u010da\u0165\u201c. <\/em>Je v\u0161ak pravdou, \u017ee u\u010den\u00edci po kr\u00e1tkom t\u00e1pan\u00ed uverili a tak sa stali viery hodn\u00fdmi svedkami pre svet. Aj apo\u0161tol Pavol s\u00e1m spoznal, \u017ee natrvalo <em>\u201esa vzpiera\u0165 ost\u0148u\u201c<\/em> nem\u00e1 silu.<\/p>\n\n\n\n<p>&nbsp; Mil\u00ed bratia a sestry v P\u00e1novi!&nbsp;<\/p>\n\n\n\n<p>&nbsp; To s\u00fa tie najd\u00f4le\u017eitej\u0161ie z\u00e1pasy, ktor\u00e9 m\u00e1me ka\u017ed\u00fd z n\u00e1s vybojova\u0165 za pr\u00edkladom pochybuj\u00faceho Tom\u00e1\u0161a, August\u00edna, M. Luthera a in\u00fdch, ktor\u00ed dosiahli blahoslavenstvo. Pam\u00e4tajme na to, \u017ee k takej viere n\u00e1s chce vies\u0165 a pom\u00e1ha\u0165 n\u00e1m s\u00e1m Duch Sv\u00e4t\u00fd, prostredn\u00edctvom zvestovan\u00e9ho slova a sviatost\u00ed.<\/p>\n\n\n\n<p>2. Neodporujme Duchu Sv\u00e4t\u00e9mu, aby namiesto pla\u010du a strachu&nbsp;vst\u00fapila do na\u0161ich s\u0155dc rados\u0165. Duch Sv\u00e4t\u00fd m\u00e1 moc a silu premeni\u0165 v\u0161etky na\u0161e pochybnosti na \u017eiv\u00fa vieru a tak na prav\u00fa rados\u0165.<\/p>\n\n\n\n<p>&nbsp; Mysl\u00edm, \u017ee t\u00fato sk\u00fasenos\u0165 m\u00e1me aj my mnoh\u00ed, ktor\u00ed sa l\u00fa\u010dili nad hrobom so svojimi mil\u00fdmi a drah\u00fdmi. Viera n\u00e1s dok\u00e1zala upokoji\u0165 a privies\u0165 k blahoslavenstvu.<\/p>\n\n\n\n<p>&nbsp; Apo\u0161tol Pavel spom\u00edna na svoju osobn\u00fa sk\u00fasenos\u0165, ke\u010f pri stroskotan\u00ed lode, v ohrozen\u00ed \u017eivota pripomenul Bo\u017eiu moc a milos\u0165, \u017ee \u201e<em>v\u0161etk\u00fdm sa vr\u00e1tila dobr\u00e1 myse\u013e\u201c.&nbsp;<\/em><\/p>\n\n\n\n<p><em>&nbsp;&nbsp; <\/em>D\u00f4verujme Bo\u017e\u00edm poslom a svedkom aj my dnes, ke\u010f n\u00e1m evanjelisti a apo\u0161tolovia zvestuj\u00fa ten najv\u00e4\u010d\u0161\u00ed prejav a skutok Bo\u017eej moci a pomoci pre n\u00e1s.<\/p>\n\n\n\n<p>&nbsp;&nbsp; Pam\u00e4tajme, \u017ee proti smrti je \u201eLiek\u201c. Je to \u201ebylina\u201c, ktor\u00e1 vyr\u00e1stla pre n\u00e1s v skalnom hrobe v Getsemanskej z\u00e1hrade v to prv\u00e9 sl\u00e1vne ve\u013ekono\u010dn\u00e9 r\u00e1no. Prij\u00edmajme tento <em>\u201eLiek a Dar\u201c<\/em> s d\u00f4verou, ke\u010f hovor\u00ed: <em>\u201eJa som vzkriesenie a \u017eivot, kto ver\u00ed vo m\u0148a, bude \u017ei\u0165, aj ke\u010f umrel\u201c.<\/em><\/p>\n\n\n\n<p><em>&nbsp;<\/em>&nbsp; Preto Mu dobrore\u010dme a vzd\u00e1vajme mu naveky chv\u00e1ly:<\/p>\n\n\n\n<p><em>\u201eNastal n\u00e1m \u010das preradostn\u00fd,\u00a0<\/em><br><em>kres\u0165ania plesajme,<\/em><br><em>nadi\u0161iel \u010das ve\u013ekono\u010dn\u00fd,\u00a0<\/em><br><em>radostne spievajme:<\/em><br><em>Vy\u0161iel z hrobu n\u00e1\u0161 Spasite\u013e,<\/em><br><em>zv\u00ed\u0165azil n\u00e1\u0161 Vykupite\u013e,<\/em><br><em>chv\u00e1lu Mu vzd\u00e1vajme\u201c. <\/em>Amen\u00a0(ES 141, 1)<\/p>\n\n\n\n<p>&nbsp;&nbsp; &nbsp; &nbsp; &nbsp; 1.nede\u013ea po Ve\u013ekej noci &nbsp; &#8211;&nbsp; MyS &#8211;&nbsp; \u013dubom\u00edr Batka st.<\/p>\n\n\n\n<p><\/p>\n","protected":false},"excerpt":{"rendered":"<p>&nbsp;&nbsp; &nbsp; &nbsp; &nbsp; &nbsp; &nbsp; &nbsp; &nbsp; &nbsp; &nbsp; &nbsp; &nbsp; &nbsp; &nbsp; &nbsp; &nbsp; Ako sa rod\u00ed viera Ty vstal si mocne, Kriste mil\u00fd, To z\u00e1rukou je n\u00e1\u0161ho \u017eitia &#8211; Aby sme s Tebou ve\u010dne \u017eili. N\u00e1s ponad smrti vlnobitia Prenesie\u0161 s l\u00e1skou, vzbud\u00ed\u0161 z hrobu, Ty, Kriste ve\u010dn\u00fd, Pane mil\u00fd, bu\u010f pochv\u00e1len\u00fd &#8230; <a title=\"Ako sa rod\u00ed viera\" class=\"read-more\" href=\"https:\/\/www.e-anjelik.sk\/index.php\/2025\/05\/03\/ako-sa-rodi-viera\/\" aria-label=\"Pre\u010d\u00edtajte si viac o Ako sa rod\u00ed viera\">\u010c\u00edta\u0165 viac<\/a><\/p>\n","protected":false},"author":4,"featured_media":0,"comment_status":"open","ping_status":"open","sticky":false,"template":"","format":"standard","meta":{"footnotes":""},"categories":[553,121,6,385],"tags":[],"class_list":["post-37921","post","type-post","status-publish","format-standard","hentry","category-1-nedela-po-velkej-noci","category-kazne","category-myjavsky-seniorat","category-nedele-po-velkej-noci"],"_links":{"self":[{"href":"https:\/\/www.e-anjelik.sk\/index.php\/wp-json\/wp\/v2\/posts\/37921","targetHints":{"allow":["GET"]}}],"collection":[{"href":"https:\/\/www.e-anjelik.sk\/index.php\/wp-json\/wp\/v2\/posts"}],"about":[{"href":"https:\/\/www.e-anjelik.sk\/index.php\/wp-json\/wp\/v2\/types\/post"}],"author":[{"embeddable":true,"href":"https:\/\/www.e-anjelik.sk\/index.php\/wp-json\/wp\/v2\/users\/4"}],"replies":[{"embeddable":true,"href":"https:\/\/www.e-anjelik.sk\/index.php\/wp-json\/wp\/v2\/comments?post=37921"}],"version-history":[{"count":5,"href":"https:\/\/www.e-anjelik.sk\/index.php\/wp-json\/wp\/v2\/posts\/37921\/revisions"}],"predecessor-version":[{"id":37927,"href":"https:\/\/www.e-anjelik.sk\/index.php\/wp-json\/wp\/v2\/posts\/37921\/revisions\/37927"}],"wp:attachment":[{"href":"https:\/\/www.e-anjelik.sk\/index.php\/wp-json\/wp\/v2\/media?parent=37921"}],"wp:term":[{"taxonomy":"category","embeddable":true,"href":"https:\/\/www.e-anjelik.sk\/index.php\/wp-json\/wp\/v2\/categories?post=37921"},{"taxonomy":"post_tag","embeddable":true,"href":"https:\/\/www.e-anjelik.sk\/index.php\/wp-json\/wp\/v2\/tags?post=37921"}],"curies":[{"name":"wp","href":"https:\/\/api.w.org\/{rel}","templated":true}]}}