{"id":37929,"date":"2025-05-09T15:12:58","date_gmt":"2025-05-09T13:12:58","guid":{"rendered":"https:\/\/www.e-anjelik.sk\/?p=37929"},"modified":"2025-05-09T17:40:16","modified_gmt":"2025-05-09T15:40:16","slug":"vztah-jezisa-k-nam","status":"publish","type":"post","link":"https:\/\/www.e-anjelik.sk\/index.php\/2025\/05\/09\/vztah-jezisa-k-nam\/","title":{"rendered":"Vz\u0165ah Je\u017ei\u0161a k n\u00e1m"},"content":{"rendered":"\n<p><strong>&nbsp; &nbsp; &nbsp; &nbsp; &nbsp; &nbsp; &nbsp; &nbsp; &nbsp; &nbsp; &nbsp; &nbsp; &nbsp; &nbsp; &nbsp; &nbsp; Vz\u0165ah Je\u017ei\u0161a k n\u00e1m<\/strong><\/p>\n\n\n\n<p><strong>J&nbsp; 10, 11&nbsp; &#8211; 16:<\/strong><\/p>\n\n\n\n<p><em>\u201eJa som dobr\u00fd pastier. Dobr\u00fd pastier du\u0161u kladie za ovce. (12) N\u00e1jomn\u00edk a ten, \u010do nie je pastier, a ovce nie s\u00fa jeho, ke\u010f vid\u00ed prich\u00e1dza\u0165 vlka, op\u00fa\u0161\u0165a ovce a utek\u00e1, &#8211; a vlk ich chyt\u00e1 a rozh\u00e1\u0148a; (13) n\u00e1jomn\u00edk v\u0161ak utek\u00e1, preto\u017ee je n\u00e1jomn\u00edk a nedb\u00e1 o ovce.\u00a0<\/em><em>(14) Ja som dobr\u00fd pastier: zn\u00e1m svoje a m\u0148a znaj\u00fa moje, (15) ako ma zn\u00e1 Otec, aj ja zn\u00e1m Otca, a du\u0161u kladiem za ovce. (16) M\u00e1m aj in\u00e9 ovce, ktor\u00e9 nie s\u00fa z tohto ov\u010dinca. Aj tie mus\u00edm vies\u0165, a po\u010duj\u00fa m\u00f4j hlas, a bude jedno st\u00e1do a jeden pastier\u201c. Amen<\/em><\/p>\n\n\n\n<p><em>&nbsp;&nbsp; <\/em>&nbsp; &nbsp; Bohumil\u00ed kres\u0165ania, bratia. a sestry v P\u00e1novi Je\u017ei\u0161ovi Kristovi!<\/p>\n\n\n\n<p><strong>&nbsp;&nbsp; <\/strong>Po spolo\u010denskej zmene v ne\u017enej revol\u00facii sa dostalo ov\u010diarstvo na Slovensku do kr\u00edzy. O jednom z najstar\u0161\u00edch povolan\u00ed sa hovorilo, \u017ee \u201esa neopl\u00e1ca\u201c, \u017ee je stratov\u00e9 a bl\u00ed\u017ei sa jeho koniec. Dnes t\u00ed, ktor\u00ed chovaj\u00fa ovce nesta\u010dia z\u00e1sobi\u0165 najm\u00e4 pred ve\u013ekono\u010dn\u00fdmi sviatkami jahniatkami ani dom\u00e1ci trh, nie to napr. trh v Taliansku, pr\u00edpadne v in\u00fdch krajin\u00e1ch, kde je ob\u013euba jah\u0148aciny tradi\u010dn\u00e1. Ov\u010diarstvo a pastierstvo kvitne \u010falej a to v\u0161ade tam, kde s\u00fa splnen\u00e9 dve podmienky. Prvou je, \u017ee pastier oviec mus\u00ed by\u0165 dobr\u00fd odborn\u00edk a vlastn\u00edk, ktor\u00fd sa o ovce zodpovedne star\u00e1. Druhou je to, \u017ee mus\u00ed ma\u0165 dobr\u00e9, kvalitn\u00e9 ovce, ktor\u00e9 tvoria z\u00e1klad st\u00e1da.<\/p>\n\n\n\n<p>&nbsp; &nbsp; Druh\u00fa nede\u013eu po Ve\u013ekej noci sv\u00e4t\u00edme v cirkvi ako nede\u013eu Dobr\u00e9ho pastiera a preto si chceme na \u00favod pripomen\u00fa\u0165, \u017ee to, \u010do plat\u00ed o sala\u0161n\u00edctve a ov\u010diarstve, plat\u00ed aj v duchovnej oblasti. Pokia\u013e ide o kvalitu n\u00e1\u0161ho duchovn\u00e9ho Pastiera, Je\u017ei\u0161a Krista o jeho \u201eodbornos\u0165 a sp\u00f4sobilos\u0165\u201c vies\u0165, p\u00e1s\u0165 a stara\u0165 sa o ovce, o tom nemus\u00edme v\u00f4bec pochybova\u0165. V cirkvi to vyjadruje u\u017e zn\u00e1ma viano\u010dn\u00e1 koleda:<em> \u201eDobr\u00fd pastier sa narodil, by ove\u010dky vyslobodil\u2026\u201c. <\/em>Ve\u013ekono\u010dn\u00e9 posolstvo je potvrden\u00edm tohoto o\u010dak\u00e1vania. Preto sa n\u00e1m s\u00e1m P\u00e1n predstavuje vo svojom evanjeliu:<em> \u201eJa som dobr\u00fd Pastier\u2026<\/em>\u201c. &nbsp;<\/p>\n\n\n\n<p>&nbsp; &nbsp; &nbsp; &nbsp; <strong>Vz\u0165ah Je\u017ei\u0161a Krista k n\u00e1m zna\u010d<\/strong>\u00ed, \u017ee:<\/p>\n\n\n\n<ol class=\"wp-block-list\">\n<li>sa n\u00e1s nikdy nevzd\u00e1va<\/li>\n\n\n\n<li>na\u0161e chyby napr\u00e1va&nbsp;<\/li>\n\n\n\n<li>v jedno st\u00e1do n\u00e1s sp\u00e1ja<\/li>\n<\/ol>\n\n\n\n<p>&nbsp;&nbsp; Bratia a sestry v P\u00e1novi!<\/p>\n\n\n\n<p>&nbsp; Je\u017ei\u0161 Kristus v\u017edy myslel a mysl\u00ed na svoju zachra\u0148uj\u00facu a vodcovsk\u00fa \u00falohu, ke\u010f n\u00e1s oslovuje ako, \u201estraten\u00e9 ovce\u201c, ktor\u00e9 stratili schopnos\u0165 n\u00e1js\u0165 svoj \u201enebesk\u00fd sala\u0161\u201c a spolo\u010denstvo s na\u0161\u00edm nebesk\u00fdm Otcom. Ako ovce bl\u00fadime v\u017edy vtedy, ke\u010f zab\u00fadame na to, \u017ee Otcovi a Je\u017ei\u0161ovi patr\u00edme, \u017ee On n\u00e1s pre seba stvoril, dal n\u00e1m \u017eivot a preto je v\u017edy \u201enespokojn\u00e9 na\u0161e srdce, k\u00fdm nespo\u010dinie v Bohu\u201c (A. August\u00edn), v Bo\u017eom n\u00e1ru\u010d\u00ed. Preto ako Dobr\u00fd pastier polo\u017eil \u017eivot \u201eza ovce\u201c. Nezomrel pre svoje hriechy, ale pre na\u0161e hriechy.<\/p>\n\n\n\n<p>&nbsp;&nbsp; Uvedomujeme si, \u017ee t\u00e1 druh\u00e1 podmienka, \u017ee ovce maj\u00fa by\u0165 \u201ezdrav\u00e9\u201c a pokojn\u00e9, nie je splnen\u00e1. \u010clovek je hrie\u0161nik a my z na\u0161ej strane pripom\u00edname rozbit\u00e9 a spla\u0161en\u00e9 st\u00e1do, ktor\u00e9 nevie n\u00e1js\u0165 spr\u00e1vnu cestu na svoj \u201esala\u0161\u201c. Preto bl\u00fadime a \u010dasto aj hynieme. Preto potrebujeme pomoc v mnoh\u00fdch oblastiach. \u201eOvca\u201c sama nepre\u017eije. Aj ke\u010f na \u010das m\u00f4\u017ee existova\u0165 a \u017ei\u0165 sama, aj ke\u010f mo\u017eno od jari do jesene sa jej m\u00f4\u017ee dobre vodi\u0165 a dari\u0165, inak je to v jeseni a v \u201ezime\u201c. Ovce vtedy sam\u00e9 nepre\u017eij\u00fa.<\/p>\n\n\n\n<p>&nbsp; &nbsp; &nbsp; Ale \u201eovce\u201c nepre\u017eij\u00fa ani vtedy, ke\u010f s\u00edce maj\u00fa dostatok \u201epa\u0161e\u201c, ale vo \u201evo\u013enej pr\u00edrode\u201c s\u00fa ohrozen\u00e9 prirodzen\u00fdmi lovcami, vlkmi a medve\u010fmi, \u010di in\u00fdmi \u201epred\u00e1tormi\u201c. Vzkriesen\u00fd a osl\u00e1ven\u00fd P\u00e1n Je\u017ei\u0161 Kristus n\u00e1m v\u017edy pon\u00faka svoju ochranu, svoje vedenie, svoje \u00fato\u010di\u0161te a hovor\u00ed: <em>\u201eJa som dobr\u00fd pastier\u2026.\u201c<\/em>. Slovo dobr\u00fd znamen\u00e1 nielen to, \u017ee On s\u00e1m je \u017eiv\u00fd a navr\u00e1ten\u00fd k Otcovi, ale \u017ee je dobr\u00fd vo\u010di n\u00e1m. Rozumie n\u00e1m v na\u0161ich \u00fazkostiach, v na\u0161om strachu zo smrti i pri na\u0161om h\u013eadan\u00ed cesty n\u00e1vratu k Otcovi a je skuto\u010dn\u00fd \u201eOdborn\u00edk\u201c a \u201ePomocn\u00edk\u201c, ktor\u00fd n\u00e1s nikdy neopust\u00ed a v ka\u017edom ohrozen\u00ed n\u00e1m pom\u00f4\u017ee. On a n\u00e1s nikdy nevzdal a nevzd\u00e1va pre to, \u017ee sme zhre\u0161ili a denne hre\u0161\u00edme.<\/p>\n\n\n\n<p>&nbsp;&nbsp; \u010clovek, ktor\u00fd sa stal hrie\u0161nik t\u00fdm, \u017ee uveril viac tomu \u201ezl\u00e9mu duchu\u201c, \u010di\u017ee poku\u0161ite\u013eovi ako svojmu Otcovi. Uveril, \u017ee sa dok\u00e1\u017ee v\u017edy s\u00e1m o seba najlep\u0161ie postara\u0165, ale stal sa \u201ezat\u00falanou\u201c, ovcou, stratenou pre kr\u00e1\u013eovstvo Bo\u017eie. N\u00e1vrat \u010dloveka k P\u00e1nu v\u0161ak nie je u\u017e v \u013eudskej moci. Je to v\u0161ak z\u00e1merom a cie\u013eom n\u00e1\u0161ho Otca, ktor\u00fd je v nebesiach. Pre tento n\u00e1vrat urobil P\u00e1n Boh v\u0161etko, preto\u017ee <em>\u201etak miloval svet, \u017ee dal svojho Syna\u201c<\/em> za na\u0161e vyk\u00fapenie.<\/p>\n\n\n\n<p>&nbsp; &nbsp; Iste viete, \u010domu sa dnes hovor\u00ed \u201eekologick\u00e1 kosa\u010dka\u201c. \u00c1no, mysl\u00ed sa t\u00fdm ove\u010dka, ktor\u00e1 sp\u00e1sa v\u0161etku tr\u00e1vu v z\u00e1hrade, alebo na l\u00fake a to bez v\u00e4\u010d\u0161\u00edch n\u00e1kladov. Navy\u0161e, ako \u013eudov\u00e1 piese\u0148 hovor\u00ed, d\u00e1va <em>\u201etrojak\u00fd \u00fa\u017eitok: \u017ein\u010di\u010dku, bryndzi\u010dku, v zime kabani\u010dku\u201c. <\/em>T\u00ed \u013eudia, ktor\u00ed si v minulom roku chceli zadov\u00e1\u017ei\u0165 namiesto benz\u00ednovej tak\u00fato \u201eekologick\u00fa kosa\u010dku\u201c, zistili, \u017ee sa d\u00e1 u n\u00e1s len ve\u013emi \u0165a\u017eko \u201ezohna\u0165\u201c a dokonca, \u017ee je zrazu poriadne drah\u00e1. Preto niektor\u00ed \u013eudia kupovali ove\u010dky draho a\u017e na Morave.<\/p>\n\n\n\n<p>&nbsp;&nbsp; Ani na\u0161e vyk\u00fapenie nebola \u201elacn\u00e1 z\u00e1le\u017eitos\u0165\u201c. Nie pre kvalitu n\u00e1s, oviec, ale pre v\u00fd\u0161ku ceny, ktor\u00fa musel n\u00e1\u0161 Otec zaplati\u0165 ako v\u00fdkupn\u00e9 za n\u00e1s. Preto m\u00e1me o tom v\u017edy vedie\u0165, \u017ee <em>\u201eve\u013emi draho boli sme k\u00fapen\u00ed\u201c<\/em>, ako n\u00e1m to pripom\u00edna apo\u0161tolsk\u00e9 slovo. Svojou smr\u0165ou a zost\u00fapen\u00edm k zosnul\u00fdm dok\u00e1zal, \u017ee sa n\u00e1s nikdy nevzd\u00e1va. To je d\u00f4kaz o Jeho trvalom vz\u0165ahu k n\u00e1m.&nbsp;<\/p>\n\n\n\n<p>&nbsp; Bratia a sestry v P\u00e1novi! &nbsp;<\/p>\n\n\n\n<p>&nbsp;Je\u017ei\u0161 Kristus ako Dobr\u00fd pastier vie o v\u0161etk\u00fdch na\u0161ich potreb\u00e1ch a zas\u013eubuje n\u00e1m svoju pr\u00edtomnos\u0165, pomoc a silu Ducha Sv\u00e4t\u00e9ho, ktor\u00fd prem\u00e1ha na\u0161e mdl\u00e9 a slab\u00e9 telo. On n\u00e1s u\u017e dnes sprev\u00e1dza a chce n\u00e1m pom\u00e1ha\u0165 naprav\u00e1\u0165 v\u0161etky na\u0161e chyby a nedostatky. Tam, kde sa zrod\u00ed prav\u00e1 d\u00f4vera v Neho a v moc Jeho slova, za\u010d\u00edna ochotn\u00e9 nasledovanie a prich\u00e1dzaj\u00fa v\u017edy nov\u00e9 sk\u00fasenosti, \u017ee P\u00e1n Je\u017ei\u0161 je skuto\u010dne <em>\u201eChlieb \u017eivota\u201c<\/em>, \u017ee je <em>\u201eSvetlo sveta\u201c<\/em> a <em>\u201eDobr\u00fd pastier\u201c,<\/em> ktor\u00fd n\u00e1m pom\u00e1ha v z\u00e1pase o zlom. S Jeho mocou a pomocou m\u00f4\u017eeme prekon\u00e1va\u0165 strach z moci hriechu diabla, ktor\u00e9 sa n\u00e1m javia niekedy ako neprekonate\u013en\u00e9.&nbsp;<\/p>\n\n\n\n<p>&nbsp; &nbsp; P\u00e1n Je\u017ei\u0161 dokazuje, \u017ee plat\u00ed Jeho slovo a s\u013eub: <em>\u201eJa im d\u00e1vam ve\u010dn\u00fd \u017eivot a nikto mi ich nevytrhne z ruky\u201c. <\/em>On nie je n\u00e1jomn\u00edk, ktor\u00fd op\u00fa\u0161\u0165a ovce a utek\u00e1 vtedy, ke\u010f prich\u00e1dza poku\u0161enie a nebezpe\u010denstvo. On n\u00e1s s\u00fdti a tak posil\u0148uje svoj\u00edm slovom a svojimi sviatos\u0165ami, aby sme z t\u00fdchto zdrojov \u010derpali silu a odvahu zosta\u0165 pri \u0147om, v Jeho cirkvi a spolo\u010denstve podobne veriacich. Ke\u010f vieme, \u017ee On je s nami, sna\u017eme sa na\u0161\u00edm nasledovan\u00edm by\u0165 \u010das\u0165ou Jeho tela. S apo\u0161tolom Pavlom vyzn\u00e1vame: <em>\u201eNie \u017ee by som u\u017e bol dosiahol, alebo bol u\u017e dokonal\u00fd, ale sna\u017e\u00edm sa, \u010di ozaj uchv\u00e1tim, na\u010do ma aj Kristus Je\u017ei\u0161 uchv\u00e1til\u2026. cie\u013e m\u00e1m v\u017edy pred o\u010dami a be\u017e\u00edm za odmenou nebesk\u00e9ho povolania Bo\u017eieho v Kristu Je\u017ei\u0161i\u201c. (Fil 3; 12, 14)<\/em><\/p>\n\n\n\n<p>3.Bratia a sestry!<\/p>\n\n\n\n<p>&nbsp; &nbsp; P\u00e1n Je\u017ei\u0161 je ten Dobr\u00fd pastier, ktor\u00e9ho n\u00e1m poslal n\u00e1\u0161 nebesk\u00fd Otec, aby n\u00e1s v na\u0161ej n\u00fadzi na\u0161iel, povolal, viedol a napokon zhroma\u017edil nielen tu v pozemskej cirkvi, ale aby napokon bolo <em>\u201ejedno st\u00e1do a jeden Pastier\u201c.<\/em> Poz\u00fdva n\u00e1s k nasledovaniu, preto\u017ee chce v\u0161etky svoje ove\u010dky zhroma\u017edi\u0165 v \u201enebeskom ov\u010d\u00ednci\u201c. To bol a je Jeho kone\u010dn\u00fd cie\u013e a z\u00e1mer, ktor\u00fdm Ho poveril Otec.&nbsp;<\/p>\n\n\n\n<p>&nbsp;&nbsp; Mo\u017eno \u017ee na\u0161e cirkev niekedy pripom\u00edna nejak\u00fd star\u00fd, u\u017e vyblednut\u00fd obraz, mo\u017eno dokonca s niektor\u00fdmi vadami a chybami, ktor\u00e9 je m\u00f4\u017eu robi\u0165 ned\u00f4veryhodnou, alebo takou, ku ktorej sa P\u00e1n Je\u017ei\u0161 u\u017e nem\u00f4\u017ee prizna\u0165 a prizn\u00e1va\u0165. Svet okolo n\u00e1s sa iste podob\u00e1 pochybuj\u00facemu Tom\u00e1\u0161ovi, ktor\u00fd by chce nielen vidie\u0165, ale sa aj dotkn\u00fa\u0165 Je\u017ei\u0161a. M\u00f4\u017eu Ho teda vidi\u0165 a pozna\u0165 v na\u0161ej cirkvi? M\u00f4\u017eu Ho tu spozna\u0165 a vidie\u0165 aj na\u0161e deti a mlad\u00ed \u013eudia?<\/p>\n\n\n\n<p>&nbsp; &nbsp; V obdob\u00ed po Ve\u013ekej noci s\u00fa v na\u0161ich cirkevn\u00fdch zboroch sl\u00e1vnosti konfirm\u00e1cie. N\u00e1dejame sa v\u017edy nanovo, \u017ee t\u00e1to pr\u00edle\u017eitos\u0165 je bude skuto\u010dne pre na\u0161e deti a ml\u00e1de\u017e \u201epotvrden\u00edm ich krstnej zmluvy\u201c a \u201eutvrden\u00edm vo viere\u201c.<\/p>\n\n\n\n<p>&nbsp;&nbsp; &nbsp; Ak aj my sami, ako<em> \u201e\u017eiv\u00e9 kamene&#8220;<\/em> budeme sved\u010di\u0165 slovom verne o tom, \u017ee P\u00e1n Je\u017ei\u0161 sa n\u00e1s, hoc hrie\u0161nych nevzd\u00e1va, \u017ee n\u00e1m pom\u00e1ha k nov\u00e9mu \u017eivotu a my ako otcovia a matky to aj svoj\u00edm vyznan\u00edm i sp\u00f4sobom \u017eivota budeme sna\u017ene dokazova\u0165, nemus\u00edme sa ob\u00e1va\u0165 o to, \u017ee napokon aj na\u0161e rodiny bud\u00fa silnej\u0161ie, kraj\u0161ie a jednotnej\u0161ie, lebo v nich je \u017eiv\u00fd a pr\u00edtomn\u00fd Kristus P\u00e1n ako Dobr\u00fd pastier. Potom m\u00f4\u017eeme o\u010dak\u00e1va\u0165 naplnenie aj toho s\u013eubu, ktor\u00fd n\u00e1m dal, ke\u010f n\u00e1s v\u0161etk\u00fdch chce spoji\u0165 v jednu ve\u013ek\u00fa rodinu Bo\u017e\u00edch synov a dc\u00e9r.<\/p>\n\n\n\n<p>&nbsp; &nbsp; O to sa teda sami usilujme a prosme, aby na\u0161e rodiny boli \u017eivou Kristovou cirkvou, spolo\u010denstvom viery, l\u00e1sky a n\u00e1deje a potom smieme bez strachu, v pravej n\u00e1deji o\u010dak\u00e1va\u0165 aj naplnenie toho kone\u010dn\u00e9ho cie\u013ea, ktor\u00fd n\u00e1m zas\u013e\u00fabil n\u00e1\u0161 Dobr\u00fd pastier: <em>\u201eM\u00e1m aj in\u00e9 ovce, ktor\u00e9 nie s\u00fa z tohto ov\u010dinca. Aj tie mus\u00edm vies\u0165, a po\u010duj\u00fa m\u00f4j hlas, a bude jedno st\u00e1do a jeden pastier\u201c. Amen<\/em><\/p>\n\n\n\n<p><em>&nbsp; &nbsp; &nbsp; &nbsp; &nbsp; &nbsp; <\/em>2. nede\u013ea po Ve\u013ekej noci &#8211; MyS &#8211; \u013dubom\u00edr Batka st.<\/p>\n\n\n\n<p><\/p>\n","protected":false},"excerpt":{"rendered":"<p>&nbsp; &nbsp; &nbsp; &nbsp; &nbsp; &nbsp; &nbsp; &nbsp; &nbsp; &nbsp; &nbsp; &nbsp; &nbsp; &nbsp; &nbsp; &nbsp; Vz\u0165ah Je\u017ei\u0161a k n\u00e1m J&nbsp; 10, 11&nbsp; &#8211; 16: \u201eJa som dobr\u00fd pastier. Dobr\u00fd pastier du\u0161u kladie za ovce. (12) N\u00e1jomn\u00edk a ten, \u010do nie je pastier, a ovce nie s\u00fa jeho, ke\u010f vid\u00ed prich\u00e1dza\u0165 vlka, op\u00fa\u0161\u0165a ovce a &#8230; <a title=\"Vz\u0165ah Je\u017ei\u0161a k n\u00e1m\" class=\"read-more\" href=\"https:\/\/www.e-anjelik.sk\/index.php\/2025\/05\/09\/vztah-jezisa-k-nam\/\" aria-label=\"Pre\u010d\u00edtajte si viac o Vz\u0165ah Je\u017ei\u0161a k n\u00e1m\">\u010c\u00edta\u0165 viac<\/a><\/p>\n","protected":false},"author":4,"featured_media":0,"comment_status":"open","ping_status":"open","sticky":false,"template":"","format":"standard","meta":{"footnotes":""},"categories":[554,121,66,6,385],"tags":[],"class_list":["post-37929","post","type-post","status-publish","format-standard","hentry","category-2-nedela-po-velkej-noci","category-kazne","category-konfirmacia","category-myjavsky-seniorat","category-nedele-po-velkej-noci"],"_links":{"self":[{"href":"https:\/\/www.e-anjelik.sk\/index.php\/wp-json\/wp\/v2\/posts\/37929","targetHints":{"allow":["GET"]}}],"collection":[{"href":"https:\/\/www.e-anjelik.sk\/index.php\/wp-json\/wp\/v2\/posts"}],"about":[{"href":"https:\/\/www.e-anjelik.sk\/index.php\/wp-json\/wp\/v2\/types\/post"}],"author":[{"embeddable":true,"href":"https:\/\/www.e-anjelik.sk\/index.php\/wp-json\/wp\/v2\/users\/4"}],"replies":[{"embeddable":true,"href":"https:\/\/www.e-anjelik.sk\/index.php\/wp-json\/wp\/v2\/comments?post=37929"}],"version-history":[{"count":4,"href":"https:\/\/www.e-anjelik.sk\/index.php\/wp-json\/wp\/v2\/posts\/37929\/revisions"}],"predecessor-version":[{"id":37935,"href":"https:\/\/www.e-anjelik.sk\/index.php\/wp-json\/wp\/v2\/posts\/37929\/revisions\/37935"}],"wp:attachment":[{"href":"https:\/\/www.e-anjelik.sk\/index.php\/wp-json\/wp\/v2\/media?parent=37929"}],"wp:term":[{"taxonomy":"category","embeddable":true,"href":"https:\/\/www.e-anjelik.sk\/index.php\/wp-json\/wp\/v2\/categories?post=37929"},{"taxonomy":"post_tag","embeddable":true,"href":"https:\/\/www.e-anjelik.sk\/index.php\/wp-json\/wp\/v2\/tags?post=37929"}],"curies":[{"name":"wp","href":"https:\/\/api.w.org\/{rel}","templated":true}]}}