{"id":3794,"date":"2011-10-04T10:59:50","date_gmt":"2011-10-04T10:59:50","guid":{"rendered":"http:\/\/e-anjelik.sk\/?p=3794"},"modified":"2011-10-04T10:59:50","modified_gmt":"2011-10-04T10:59:50","slug":"1-ekumenicky-beh-v-stetinepolsko","status":"publish","type":"post","link":"https:\/\/www.e-anjelik.sk\/index.php\/2011\/10\/04\/1-ekumenicky-beh-v-stetinepolsko\/","title":{"rendered":"1. ekumenick\u00fd beh v \u0160tet\u00edne,Po\u013esko"},"content":{"rendered":"<p>25. septembra 2011 sa v meste &Scaron;tet&iacute;ne konal 1. ekumenick&yacute; beh. Organizovala ho miestna ekumenick&aacute; iniciat&iacute;va (\u010dlenovia cirkv&iacute; Po\u013eskej Ekumeniockej rady, RKC a Letni\u010dnej cirkvi). Na &scaron;tarte bolo 35 os&ocirc;b. Trasa tohto &nbsp;behu merala 5 km. Beh sa niesol pod heslom:&quot;Be\u017e- tvoj duchovn&yacute; plat&iacute;!&quot; Toti\u017e za ka\u017ed&eacute;ho dobehnut&eacute;ho do cie\u013ea do spolo\u010dnej pokladne zaplat&iacute; jeho duchovn&yacute;. Takto z&iacute;skan&eacute; peniaze p&ocirc;jdu pre hospic pre dospel&yacute;ch v &Scaron;tet&iacute;ne. Z&aacute;vod vyhral Tomasz Waszczuk z Cirkvi adventistov siedmeho d\u0148a.&nbsp;<\/p>\n<p>(<a href=\"http:\/\/www.luteranie.pl\">www.luteranie.pl<\/a> &nbsp;<\/p>\n","protected":false},"excerpt":{"rendered":"<p>25. septembra 2011 sa v meste &Scaron;tet&iacute;ne konal 1. ekumenick&yacute; beh. Organizovala ho miestna ekumenick&aacute; iniciat&iacute;va (\u010dlenovia cirkv&iacute; Po\u013eskej Ekumeniockej rady, RKC a Letni\u010dnej cirkvi). Na &scaron;tarte bolo 35 os&ocirc;b. Trasa tohto &nbsp;behu merala 5 km. Beh sa niesol pod heslom:&quot;Be\u017e- tvoj duchovn&yacute; plat&iacute;!&quot; Toti\u017e za ka\u017ed&eacute;ho dobehnut&eacute;ho do cie\u013ea do spolo\u010dnej pokladne zaplat&iacute; jeho &#8230; <a title=\"1. ekumenick\u00fd beh v \u0160tet\u00edne,Po\u013esko\" class=\"read-more\" href=\"https:\/\/www.e-anjelik.sk\/index.php\/2011\/10\/04\/1-ekumenicky-beh-v-stetinepolsko\/\" aria-label=\"Pre\u010d\u00edtajte si viac o 1. ekumenick\u00fd beh v \u0160tet\u00edne,Po\u013esko\">\u010c\u00edta\u0165 viac<\/a><\/p>\n","protected":false},"author":22,"featured_media":0,"comment_status":"open","ping_status":"open","sticky":false,"template":"","format":"standard","meta":{"footnotes":""},"categories":[2],"tags":[],"class_list":["post-3794","post","type-post","status-publish","format-standard","hentry","category-ekumena"],"_links":{"self":[{"href":"https:\/\/www.e-anjelik.sk\/index.php\/wp-json\/wp\/v2\/posts\/3794","targetHints":{"allow":["GET"]}}],"collection":[{"href":"https:\/\/www.e-anjelik.sk\/index.php\/wp-json\/wp\/v2\/posts"}],"about":[{"href":"https:\/\/www.e-anjelik.sk\/index.php\/wp-json\/wp\/v2\/types\/post"}],"author":[{"embeddable":true,"href":"https:\/\/www.e-anjelik.sk\/index.php\/wp-json\/wp\/v2\/users\/22"}],"replies":[{"embeddable":true,"href":"https:\/\/www.e-anjelik.sk\/index.php\/wp-json\/wp\/v2\/comments?post=3794"}],"version-history":[{"count":0,"href":"https:\/\/www.e-anjelik.sk\/index.php\/wp-json\/wp\/v2\/posts\/3794\/revisions"}],"wp:attachment":[{"href":"https:\/\/www.e-anjelik.sk\/index.php\/wp-json\/wp\/v2\/media?parent=3794"}],"wp:term":[{"taxonomy":"category","embeddable":true,"href":"https:\/\/www.e-anjelik.sk\/index.php\/wp-json\/wp\/v2\/categories?post=3794"},{"taxonomy":"post_tag","embeddable":true,"href":"https:\/\/www.e-anjelik.sk\/index.php\/wp-json\/wp\/v2\/tags?post=3794"}],"curies":[{"name":"wp","href":"https:\/\/api.w.org\/{rel}","templated":true}]}}