{"id":37941,"date":"2025-05-17T18:59:53","date_gmt":"2025-05-17T16:59:53","guid":{"rendered":"https:\/\/www.e-anjelik.sk\/?p=37941"},"modified":"2025-05-18T18:08:20","modified_gmt":"2025-05-18T16:08:20","slug":"konfirmacny-prihovor","status":"publish","type":"post","link":"https:\/\/www.e-anjelik.sk\/index.php\/2025\/05\/17\/konfirmacny-prihovor\/","title":{"rendered":"Konfirma\u010dn\u00fd pr\u00edhovor"},"content":{"rendered":"\n<p>&nbsp;&nbsp; &nbsp; &nbsp; &nbsp; &nbsp; &nbsp; &nbsp; &nbsp; &nbsp; &nbsp; &nbsp; &nbsp; &nbsp; &nbsp; &nbsp; &nbsp;<strong> &nbsp; Konfirma\u010dn\u00fd pr\u00edhovor<\/strong><\/p>\n\n\n\n<p><em>\u0160tedr\u00fd Darca, Hospodine,<\/em><\/p>\n\n\n\n<p><em>bu\u010f Ti chv\u00e1la, zvelebenie,<\/em><\/p>\n\n\n\n<p><em>\u017ee sa Tvoja l\u00e1ska nepominie<\/em><\/p>\n\n\n\n<p><em>pre to na\u0161e pokolenie!<\/em><\/p>\n\n\n\n<p><em>My pros\u00edme a Ty d\u00e1va\u0161 &#8211;<\/em><\/p>\n\n\n\n<p><em>pr\u00e1cu zdarom po\u017eehn\u00e1va\u0161-<\/em><\/p>\n\n\n\n<p><em>praje\u0161 n\u00e1m v\u017edy to, \u010do treba,<\/em><\/p>\n\n\n\n<p><em>ako slova &#8211; tak i chleba!<\/em><\/p>\n\n\n\n<p><em>\u00d3, s\u00fd\u0165 n\u00e1s i tejto chv\u00edle,<\/em><\/p>\n\n\n\n<p><em>vychov\u00e1vaj ducha k sile,<\/em><\/p>\n\n\n\n<p><em>nech\u017ee pravda Tvoja svieti,<\/em><\/p>\n\n\n\n<p><em>vedie \u017eitia p\u00fa\u0165ou k zdaru,<\/em><\/p>\n\n\n\n<p><em>nebesk\u00fd n\u00e1\u0161 Hospod\u00e1ru,<\/em><\/p>\n\n\n\n<p><em>a po \u010dasnej smrte\u013enosti<\/em><\/p>\n\n\n\n<p><em>v nebesiach n\u00e1s ve\u010dne hosti! Amen&nbsp;<\/em><\/p>\n\n\n\n<p><strong>1 S 17, 32 &#8211; 46:<\/strong><\/p>\n\n\n\n<p><strong>\u00a0\u00a0 \u201e<\/strong><em>D\u00e1vid povedal Saulovi: nech z neho nikto nem\u00e1 strach; tvoj slu\u017eobn\u00edk p\u00f4jde s bude bojova\u0165 s t\u00fdm Fili\u0161t\u00edncom. (33) A Saul odpovedal D\u00e1vidovi: nem\u00f4\u017ee\u0161 \u00eds\u0165 proti tomu Fili\u0161t\u00edncovi a bojova\u0165 s n\u00edm, ve\u010f ty si chlapec, on v\u0161ak je bojovn\u00edkom od svojej mladosti. (34) Ale D\u00e1vid povedal Saulovi: Tvoj slu\u017eobn\u00edk bol pastierom pri st\u00e1de svojho otca; ke\u010f pri\u0161iel lev alebo medve\u010f a odvliekol ovcu zo st\u00e1da, (35) pustil som sa za n\u00edm, zrazil som ho\u00a0a vytrhol som mu ju z tlamy. Ak sa v\u0161ak oboril na m\u0148a, chytil som ho za bradu a bil som ho, k\u00fdm som ho nezabil. (36) Aj leva a medve\u010fa zabil tvoj slu\u017eobn\u00edk a tento neobrezan\u00fd Fili\u0161t\u00ednec bude ako jeden z nich, preto\u017ee hanil \u0161\u00edky Boha \u017eiv\u00e9ho.<\/em> <em>(37) \u010ealej D\u00e1vid hovoril: Hospodin, ktor\u00fd ma vytrhol z moci leva a z paz\u00farov medve\u010fa, vytrhne ma i z ruky toho Fili\u0161t\u00ednca. Vtedy povedal Saul D\u00e1vidovi: Cho\u010f a Hospodin bude s tebou! (38) Potom Saul obliekol D\u00e1vida do svojich \u0161iat, dal mu na hlavu bronzov\u00fa prilbu a navliekol mu pancier.\u00a0(39) D\u00e1vid si prip\u00e1sal i me\u010d na \u0161aty a chcel pokro\u010di\u0165, ale nako\u013eko nebol na to zvyknut\u00fd, povedal Saulovi: Nevl\u00e1dzem v tom chodi\u0165, lebo nie som na to zvyknut\u00fd.\u00a0I zlo\u017eil to D\u00e1vid zo seba.\u00a0(40) Vzal si do ruky palicu, vybral z potoka p\u00e4\u0165 hladk\u00fdch kame\u0148ov, vlo\u017eil ich do kapsy medzi pastierske n\u00e1\u010dinie, ktor\u00e9 mal, vzal si do ruky praka tak sa pribli\u017eoval k Fili\u0161t\u00edncovi. (41) A Fili\u0161t\u00ednec sa st\u00e1le viac a viac pribli\u017eoval k D\u00e1vidovi; mu\u017e, ktor\u00fd niesol jeho \u0161t\u00edt, kr\u00e1\u010dal pre n\u00edm. (42) Ke\u010f Fili\u0161t\u00ednec pozrel a videl D\u00e1vida, pohrdol n\u00edm, lebo bol len mlad\u00edkom \u010dervenol\u00edcim a pekn\u00fdm na vzh\u013ead.\u00a0 (43) I povedal Fili\u0161t\u00ednec D\u00e1vidovi: \u010ci som ja pes, \u017ee ide\u0161 proti mne s palicou? A Fili\u0161t\u00ednec preklial D\u00e1vida svojimi bohmi. (44) A \u010falej Fili\u0161t\u00ednec hovoril D\u00e1vidovi takto: Len po\u010f ku mne, nech d\u00e1m tvoje telo nebesk\u00e9mu vt\u00e1ctvu a po\u013enej zveri!\u00a0<\/em><em>(45) Nato D\u00e1vid odpovedal Fili\u0161t\u00edncovi: Ty prich\u00e1dza\u0161 ku mne s me\u010dom, s kopijou a so \u0161t\u00edtom,, ale ja idem k tebe v mene Hospodina mocnost\u00ed, Boha \u0161\u00edkov izraelsk\u00fdch, ktor\u00e9ho ty si potupoval. (46) Dnes \u0165a Hospodin vyd\u00e1 do mojich r\u00fak, zraz\u00edm \u0165a, a zotnem ti hlavu. Dnes vyd\u00e1m m\u0155tvoly fili\u0161t\u00ednskeho vojska nebesk\u00e9mu vt\u00e1ctvu a zemsk\u00fdm \u0161elm\u00e1m, aby cel\u00e1 zem poznala, \u017ee je Boh v Izraeli\u201c. Amen<\/em><\/p>\n\n\n\n<p><em>&nbsp;&nbsp; &nbsp; &nbsp; &nbsp; &nbsp; &nbsp; &nbsp; &nbsp; &nbsp; <\/em>Sl\u00e1vnostn\u00e9 kres\u0165ansk\u00e9 zhroma\u017edenie,&nbsp;<\/p>\n\n\n\n<p>&nbsp;&nbsp; &nbsp; &nbsp; &nbsp; &nbsp; bratia a sestry v Kristu, P\u00e1novi, mil\u00ed konfirmandi!<\/p>\n\n\n\n<p>&nbsp;&nbsp; &nbsp; Jar sa prejavuje v\u0161ade okolo n\u00e1s. Pri\u0161la do na\u0161ich z\u00e1hrad, na polia, do lesov a odiala v\u0161etko do kr\u00e1snej zelene, farby n\u00e1deje. Okrem nej do n\u00e1\u0161ho cirkevn\u00e9ho zboru, do n\u00e1\u0161ho chr\u00e1mu v dne\u0161n\u00fa tretiu nede\u013eu po Ve\u013ekej noci (lat.Jubilate) aj duchovn\u00e1 jar. Pri\u0161la v podobe radostnej oslavy vzkriesen\u00e9ho Krista P\u00e1na a nanovo prin\u00e1\u0161a radostn\u00fa oslava \u017eivota a v\u00fdzvu k plesaniu a dnes aj v podobe sl\u00e1vnosti konfirm\u00e1cie na\u0161ich det\u00ed, mlad\u00fdch ratolest\u00ed a n\u00e1dej\u00ed cirkevn\u00e9ho zboru.&nbsp;<\/p>\n\n\n\n<p>&nbsp;&nbsp; &nbsp; &nbsp; Ke\u010f boli pred \u0161trn\u00e1stimi rokmi boli tieto deti pokrsten\u00e9, vn\u00edmali sme ich Krst ako duchovn\u00e9 znovuzrodenie. Rodi\u010dia a krstn\u00ed rodi\u010dia s\u013e\u00fabili v ich mene, \u017ee ich bud\u00fa v\u017edy priv\u00e1dza\u0165 k \u017eiv\u00e9mu, Vzkriesen\u00e9mu P\u00e1novi, aby mohli nesk\u00f4r sami vyzna\u0165 svoju vieru v Neho, s\u013e\u00fabi\u0165 Mu vernos\u0165 a z\u00e1rove\u0148 aj vernos\u0165 na\u0161ej duchovnej matke &#8211; evanjelickej cirkvi. Tento s\u013eub bol z\u00e1kladom a v\u00fdchodiskom cel\u00e9ho \u010fal\u0161ieho konania a spolo\u010dn\u00e9ho kres\u0165ansk\u00e9ho \u017eivota, smeruj\u00facemu k pln\u00e9mu a prav\u00e9mu \u017eivota.<\/p>\n\n\n\n<p>\u00a0\u00a0 Konfirma\u010dn\u00e1 pr\u00edprava sa kon\u010dila, ale my si spolo\u010dne uvedomujeme, \u017ee v kone\u010dnom cieli e\u0161te nie sme, \u017ee sme e\u0161te nedosiahli to, o \u010do sa m\u00e1me usilova\u0165, ale spolo\u010dne <em>\u201esna\u017ene be\u017e\u00edme\u201c. <\/em>Ak s apo\u0161tolom Pavlom prirovn\u00e1me na\u0161u kres\u0165ansk\u00fa p\u00fa\u0165 k marat\u00f3nskemu behu, k behu na dlh\u00fa tra\u0165, m\u00f4\u017eeme poveda\u0165, \u017ee sme dosiahli, alebo pri\u0161li k \u201eprvej ob\u010derstvovacej stanici\u201c na tejto trati. Chceme spolo\u010dne prija\u0165 Kristom P\u00e1nom pon\u00faknut\u00e9 \u201eob\u010derstvenie\u201c, doplnenie \u201evody\u201c a duchovn\u00fdch kal\u00f3ri\u00ed prostredn\u00edctvom \u201eprav\u00e9ho pokrmu a n\u00e1poja\u201c, ktor\u00fd n\u00e1m d\u00e1 silu \u201ebojova\u0165\u201c \u010falej dobr\u00fd boj viery. \u00davodn\u00e9\u00a0biblick\u00e9 slovo je pre n\u00e1s povzbuden\u00edm a v\u00fdzvou:<\/p>\n\n\n\n<p><strong>&nbsp;Vykro\u010dme spolu na \u010fal\u0161iu cestu \u017eivota v mene Bo\u017eieho Syna!<\/strong><\/p>\n\n\n\n<ol class=\"wp-block-list\">\n<li><em>On n\u00e1m \u00faspech zaru\u010d\u00ed<\/em><\/li>\n\n\n\n<li><em>On n\u00e1m v l\u00e1ske \u017ei\u0165 u\u010d\u00ed<\/em><\/li>\n\n\n\n<li><em>On n\u00e1s cez pok\u00e1nie omilost\u00ed<\/em><\/li>\n<\/ol>\n\n\n\n<p><em>&nbsp;&nbsp;<\/em> Mil\u00ed bratia a sestry, mil\u00ed konfirmandi !<\/p>\n\n\n\n<p>&nbsp;&nbsp; Hovor\u00ed sa &#8211; a iste pr\u00e1vom, \u017ee \u017eivot je boj. Nemus\u00ed v\u017edy \u00eds\u0165 priamo o pre\u017eitie, alebo zachovanie \u017eivota. Neraz tak hovor\u00edme aj vtedy, ke\u010f n\u00e1m ide o kvalitu \u017eivota. Ke\u010f m\u00e1me pozna\u0165 a z\u00edska\u0165 prav\u00e9 hodnoty \u017eivota. Aj vtedy je d\u00f4le\u017eit\u00e9 napn\u00fa\u0165 sily a um a je potrebn\u00e9 z\u00e1pasi\u0165 o mnoh\u00e9, zdanlivo drobn\u00e9 v\u00ed\u0165azstv\u00e1.<\/p>\n\n\n\n<p>&nbsp; K tak\u00e9mu z\u00e1pasu o prav\u00fa hodnotu patr\u00ed aj z\u00e1pas o v\u00ed\u0165azstvo viery v nebesk\u00e9ho Otca. V\u017edy bol d\u00f4le\u017eit\u00fd, a je aj dnes, jej pr\u00ednos pre n\u00e1s, poznanie a sk\u00fasenos\u0165, \u017ee viera patr\u00ed k d\u00f4le\u017eit\u00fdm a prav\u00fdm hodnot\u00e1m \u017eivota.<\/p>\n\n\n\n<p>&nbsp;&nbsp; Ke\u010f sa e\u0161te raz zapo\u010d\u00favame do textu P\u00edsma sv\u00e4t\u00e9ho, uvedomujeme si, \u017ee m\u00e1me pred sebou pr\u00edbeh a pr\u00edklad mlad\u00e9ho mu\u017ea, e\u0161te v podstate len \u201e\u010dervenol\u00edceho chlapca D\u00e1vida\u201c, ktor\u00fd vstupuje na prahu mladosti do d\u00f4le\u017eit\u00e9ho boja a z\u00e1pasu, ale hovor\u00ed odhodlane a s vierou k svojmu protivn\u00edkovi: <em>\u201eTy prich\u00e1dza\u0161 ku mne s me\u010dom, s kopijou a so \u0161t\u00edtom, ale ja idem k tebe v mene Hospodina mocnost\u00ed, Boha \u0161\u00edkov izraelsk\u00fdch\u201c\u2026&nbsp;<\/em><\/p>\n\n\n\n<p><em>\u00a0\u00a0 \u00a0<\/em> Mlad\u00fd pastier D\u00e1vid, neskor\u0161\u00ed kr\u00e1\u013e Izraela jasne hovor\u00ed a vyzn\u00e1va osobn\u00fa vieru a presved\u010denie, kto mu v tomto, \u013eudsky viden\u00e9 &#8211;\u00a0nerovnom boji s mocn\u00fdm Fili\u0161t\u00edncom, pom\u00f4\u017ee a zaru\u010d\u00ed \u00faspech. Je to viera v Bo\u017eiu pomoc. Preto sa sna\u017eme aj my urobi\u0165 n\u00e1\u0161 \u017eivot \u017eivotom a z\u00e1pasom bojovan\u00fdm s Bo\u017eou pomocou. Pre n\u00e1s to znamen\u00e1 milos\u0165 a pomoc n\u00e1\u0161ho P\u00e1na Je\u017ei\u0161a Krista, d\u00f4veru v Toho, v meno ktor\u00e9ho sme boli pokrsten\u00ed a mene ktor\u00e9ho smieme dosiahnu\u0165 napokon aj ten kone\u010dn\u00fd cie\u013e &#8211; \u017eivot v plnosti a sl\u00e1ve neba.<\/p>\n\n\n\n<p>&nbsp; &nbsp; Mil\u00ed konfirmandi!&nbsp;<\/p>\n\n\n\n<p>Aj doteraz ste sa sna\u017eili prekon\u00e1va\u0165 rozli\u010dn\u00e9 prek\u00e1\u017eky a \u00faskalia \u017eivota, ale je ist\u00e9 a nepochybn\u00e9, \u017ee mnoh\u00e9 a e\u0161te v\u00e4\u010d\u0161ie z\u00e1pasy a sk\u00fa\u0161ky v\u00e1s \u010dakaj\u00fa. Bud\u00fa to rozli\u010dn\u00e9 \u201ezvierat\u00e1\u201c, raz \u201elev, inokedy medve\u010f\u201c, ktor\u00fd v\u00e1s bud\u00fa chcie\u0165 ol\u00fapi\u0165 o duchovn\u00e9 hodnoty, ktor\u00e9 ste z\u00edskali a ktor\u00e9 si m\u00e1te str\u00e1\u017ei\u0165. T\u00fdmi zvieratami s\u00fa \u013eudia, ktor\u00ed \u017eij\u00fa okolo n\u00e1s. Niekedy s\u00fa to protivn\u00edci slab\u0161\u00ed, m\u00e1lo nebezpe\u010dn\u00ed, ale m\u00f4\u017eete narazi\u0165 aj na \u201efili\u0161t\u00edncov\u201c, siln\u00fdch ozbrojencov, ktor\u00ed s\u00fa mocn\u00ed a bezoh\u013eadn\u00ed. Aj oni m\u00f4\u017eu ma\u0165 \u201evieru v svojich bohov\u201c a bud\u00fa sa v\u00e1m mo\u017eno vysmieva\u0165, inokedy bud\u00fa zastra\u0161ova\u0165, pr\u00e1ve tak, ako to robil Goli\u00e1\u0161 vo\u010di D\u00e1vidovi. Zosta\u0148te pevn\u00ed, pokojn\u00ed, nekl\u00e1tiv\u00ed vo viere. P\u00e1n Je\u017ei\u0161 v\u00e1m svoju pomoc poskytne a On s\u00e1m v\u00e1m napokon zaru\u010d\u00ed \u00faspech \u017eivota.<\/p>\n\n\n\n<p>2. Uvedomte si tie\u017e, \u017ee aj na\u010falej bud\u00fa pri v\u00e1s va\u0161i mil\u00ed a drah\u00ed rodi\u010dia, krstn\u00ed i star\u00ed rodi\u010dia, ktor\u00ed v\u00e1s s l\u00e1skou prijali, s l\u00e1skou v\u00e1s vychov\u00e1vali a preukazovali v\u00e1m mnoh\u00e9 dobro. Aj vtedy, ke\u010f v\u00e1s napom\u00ednali, sna\u017eili sa v\u00e1m preuk\u00e1za\u0165 dobro a l\u00e1sku. Iste ste im u\u017e po\u010fakovali za v\u0161etko, urob\u00edte tak e\u0161te raz a znovu aj tu v spolo\u010denstve ostatn\u00fdch veriacich. Nepochybne sa m\u00f4\u017eete na nich, otcov i matky oprie\u0165 aj v \u010fal\u0161om \u017eivote po konfirm\u00e1cii. Ani t\u00e1to spolo\u010dn\u00e1 cesta v rodine, v ktorej predov\u0161etk\u00fdm m\u00e1 kvitn\u00fa\u0165 l\u00e1ska dnes nekon\u010d\u00ed.<\/p>\n\n\n\n<p>&nbsp;&nbsp; Pri tom v\u0161ak ka\u017ed\u00fd rodi\u010d vie, \u017ee t\u00fdm na\u0161\u00edm najlep\u0161\u00edm U\u010dite\u013eom l\u00e1sky je n\u00e1\u0161 spolo\u010dn\u00fd P\u00e1n Je\u017ei\u0161 Kristus. On bude ma\u0165 pre v\u00e1s v\u017edy \u010das,&nbsp;On v\u00e1m bude pripraven\u00fd odpusti\u0165 v\u00e1m v\u017edy znovu va\u0161e hriechy mladosti a On n\u00e1m v\u0161etk\u00fdm dal pr\u00edklad skuto\u010dnej a pravej l\u00e1sky. Preto na Neho pam\u00e4tajte v\u017edy, na Neho myslite, ke\u010f budete h\u013eada\u0165 zdroj l\u00e1sky a od Neho sa u\u010dte v\u017edy nanovo. Spolo\u010dne \u017eime z Jeho zas\u013e\u00fabenie: \u201eAjh\u013ea, ja som s vami po v\u0161etky dni\u2026\u201c.<\/p>\n\n\n\n<p>&nbsp; &nbsp; Ned\u00e1vno sme si pribl\u00ed\u017eili syna ko\u0161ariskej fary, Milana Rastislava \u0160tef\u00e1nika, ktor\u00fd miloval svojich najbli\u017e\u0161\u00edch, ale aj svoj n\u00e1rod, z ktor\u00e9ho vy\u0161iel a na slobodu ktor\u00e9ho nezabudol ani v cudzom svete a pre ktor\u00fd vst\u00fapil aj do \u0165a\u017ek\u00e9ho boja ako letec a vojak. Bol mu\u017eom viery, l\u00e1sky a n\u00e1deje a je na\u0161\u00edm ve\u013ek\u00fdm pr\u00edkladom.<\/p>\n\n\n\n<p>\u00a0\u00a0 \u00a0 Najv\u00e4\u010d\u0161\u00edm a najdokonalej\u0161\u00edm pr\u00edkladom v d\u00f4vere k nebesk\u00e9mu Otcovi a\u00a0pr\u00edkladom dokonalej l\u00e1sky je\u00a0Syn Bo\u017e\u00ed, Je\u017ei\u0161 Kristus.<\/p>\n\n\n\n<p>V Jeho meno d\u00f4verujte a s od Neho sa u\u010dte aj\u00a0pravej, obetavej l\u00e1ske.\u00a0<\/p>\n\n\n\n<p>&nbsp;&nbsp; 3. Bratia a sestry, mil\u00ed konfirmandi!<\/p>\n\n\n\n<p>&nbsp;&nbsp; Predstavili sme si mlad\u00e9ho pastiera, neskor\u0161ieho mil\u00e9ho pevca Hospodinovho a skladate\u013ea kr\u00e1snych \u017dalmov, \u00faspe\u0161n\u00e9ho kr\u00e1\u013ea D\u00e1vida. Od neho sa iste tie\u017e m\u00f4\u017eeme u\u010di\u0165 pevne d\u00f4verova\u0165 Hospodinu a sl\u00fa\u017eiacej l\u00e1ske, preto\u017ee ani on nei\u0161iel do z\u00e1pasu s Goli\u00e1\u0161om pre osobn\u00fa sl\u00e1vu, ale pre dobro svojho n\u00e1roda. Bol ochotn\u00fd polo\u017ei\u0165 svoj \u017eivot za bratov.&nbsp; &nbsp;<\/p>\n\n\n\n<p>&nbsp;&nbsp; &nbsp; &nbsp; Av\u0161ak aj ten najv\u00e4\u010d\u0161\u00ed hrdina, alebo \u010dlovek, ktor\u00fd s\u00edce miluje svojich, m\u00f4\u017ee v ur\u010ditom okamihu zakol\u00edsa\u0165 a sklama\u0165 seba aj in\u00fdch. Nem\u00f4\u017eeme ob\u00eds\u0165 ani ve\u013ek\u00fd tie\u0148 na \u017eivote kr\u00e1\u013ea D\u00e1vida, toti\u017e jeho hriech vo\u010di svojmu vojakovi Uri\u00e1\u0161ovi Chetejsk\u00e9mu a jeho man\u017eelke Bat\u0161ebe, ktor\u00fa si nez\u00e1konne vzal za man\u017eelku.&nbsp;<\/p>\n\n\n\n<p>&nbsp;&nbsp; &nbsp; My ako kres\u0165ania vieme, \u017ee nie sme dokonal\u00ed v l\u00e1ske. Zost\u00e1va preto ot\u00e1zka, \u010do m\u00e1me urobi\u0165 vtedy, ak azda zlyh\u00e1me na na\u0161ej ceste, ak zakopneme a padneme do hriechu.&nbsp;<\/p>\n\n\n\n<p>&nbsp;&nbsp; Kr\u00e1\u013e D\u00e1vid prostredn\u00edctvom a s pomocou Bo\u017eieho mu\u017ea N\u00e1tana spoznal pravdu o sebe, spoznal svoj hriech, ale aj cestu, ktor\u00e1 je cestou v\u0161etk\u00fdch kaj\u00facich hrie\u0161nikov. Z Bo\u017eieho slova pozn\u00e1vame svoj hriech, u\u010d\u00edme sa ho vyzna\u0165 a \u013eutova\u0165 a potom prosi\u0165 o odpustenie nebesk\u00e9ho Otca i na\u0161ich bl\u00ed\u017enych.&nbsp;<\/p>\n\n\n\n<p>&nbsp;&nbsp; &nbsp; Aj vy ste dnes iste pri\u0161li do chr\u00e1mu po prosb\u00e1ch o zmierenie a odpustenie toho, \u010do ste mo\u017eno zanedbali, v \u010dom ste sklamali a t\u00fdm P\u00e1na Boha rozhnevali. Kr\u00e1\u010da\u0165 cestou Kristovou znamen\u00e1 aj to, \u017ee vieme, kam a ku komu m\u00e1me \u00eds\u0165 a zd\u00f4veri\u0165 sa so svojimi hriechmi. Vieme, pred k\u00fdm a pre\u010do m\u00e1me urobi\u0165 prav\u00e9 pok\u00e1nie. Op\u00e4\u0165 je t\u00fdm najlep\u0161\u00edm Radcom, cestou a pravdou n\u00e1\u0161 P\u00e1n a Syn Bo\u017e\u00ed. Nevy\u017eenie n\u00e1s, ani sa n\u00e1m nevysmeje, ani nezneu\u017eije proti n\u00e1m na\u0161e pok\u00e1nie. Naopak, On je Ten, ktor\u00fd n\u00e1m pom\u00e1ha t\u00fdm, \u017ee n\u00e1m zo svojej milosti d\u00e1va pln\u00e9 odpustenie a pomocn\u00fa ruku na \u010fal\u0161ej ceste \u017eivota. &nbsp;<\/p>\n\n\n\n<p>&nbsp; &nbsp; Sl\u00e1vnostn\u00e9 kres\u0165ansk\u00e9 zhroma\u017edenie, bratia a sestry, mil\u00ed konfirmandi!&nbsp;<\/p>\n\n\n\n<p>&nbsp; &nbsp; Vykro\u010dme preto spolo\u010dne na \u010fal\u0161iu cestu \u017eivota v mene Bo\u017eieho Syna, P\u00e1na Je\u017ei\u0161a Krista. On n\u00e1m \u00faspech zaru\u010d\u00ed, On n\u00e1s aj na\u010falej v l\u00e1ske \u017ei\u0165 nau\u010d\u00ed a On n\u00e1s, kaj\u00facich hrie\u0161nikov, dokonale omilost\u00ed, pozdvihne a zachov\u00e1 vo viere a privedie aj k prav\u00e9mu cie\u013eu \u017eivota vo ve\u010dnosti. Amen<\/p>\n\n\n\n<p>\u00a0\u00a0 \u00a0 \u00a0 \u00a0 \u00a0 \u00a0 \u00a0 \u00a0 3. nede\u013ea po Ve\u013ekej noci.\u00a0 &#8211; MyS &#8211; \u013dubom\u00edr Batka st.<\/p>\n\n\n\n<p><\/p>\n","protected":false},"excerpt":{"rendered":"<p>&nbsp;&nbsp; &nbsp; &nbsp; &nbsp; &nbsp; &nbsp; &nbsp; &nbsp; &nbsp; &nbsp; &nbsp; &nbsp; &nbsp; &nbsp; &nbsp; &nbsp; &nbsp; Konfirma\u010dn\u00fd pr\u00edhovor \u0160tedr\u00fd Darca, Hospodine, bu\u010f Ti chv\u00e1la, zvelebenie, \u017ee sa Tvoja l\u00e1ska nepominie pre to na\u0161e pokolenie! My pros\u00edme a Ty d\u00e1va\u0161 &#8211; pr\u00e1cu zdarom po\u017eehn\u00e1va\u0161- praje\u0161 n\u00e1m v\u017edy to, \u010do treba, ako slova &#8211; tak i &#8230; <a title=\"Konfirma\u010dn\u00fd pr\u00edhovor\" class=\"read-more\" href=\"https:\/\/www.e-anjelik.sk\/index.php\/2025\/05\/17\/konfirmacny-prihovor\/\" aria-label=\"Pre\u010d\u00edtajte si viac o Konfirma\u010dn\u00fd pr\u00edhovor\">\u010c\u00edta\u0165 viac<\/a><\/p>\n","protected":false},"author":4,"featured_media":0,"comment_status":"open","ping_status":"open","sticky":false,"template":"","format":"standard","meta":{"footnotes":""},"categories":[601,121,66,6],"tags":[],"class_list":["post-37941","post","type-post","status-publish","format-standard","hentry","category-3-nedela-po-velkej-noci","category-kazne","category-konfirmacia","category-myjavsky-seniorat"],"_links":{"self":[{"href":"https:\/\/www.e-anjelik.sk\/index.php\/wp-json\/wp\/v2\/posts\/37941","targetHints":{"allow":["GET"]}}],"collection":[{"href":"https:\/\/www.e-anjelik.sk\/index.php\/wp-json\/wp\/v2\/posts"}],"about":[{"href":"https:\/\/www.e-anjelik.sk\/index.php\/wp-json\/wp\/v2\/types\/post"}],"author":[{"embeddable":true,"href":"https:\/\/www.e-anjelik.sk\/index.php\/wp-json\/wp\/v2\/users\/4"}],"replies":[{"embeddable":true,"href":"https:\/\/www.e-anjelik.sk\/index.php\/wp-json\/wp\/v2\/comments?post=37941"}],"version-history":[{"count":6,"href":"https:\/\/www.e-anjelik.sk\/index.php\/wp-json\/wp\/v2\/posts\/37941\/revisions"}],"predecessor-version":[{"id":37948,"href":"https:\/\/www.e-anjelik.sk\/index.php\/wp-json\/wp\/v2\/posts\/37941\/revisions\/37948"}],"wp:attachment":[{"href":"https:\/\/www.e-anjelik.sk\/index.php\/wp-json\/wp\/v2\/media?parent=37941"}],"wp:term":[{"taxonomy":"category","embeddable":true,"href":"https:\/\/www.e-anjelik.sk\/index.php\/wp-json\/wp\/v2\/categories?post=37941"},{"taxonomy":"post_tag","embeddable":true,"href":"https:\/\/www.e-anjelik.sk\/index.php\/wp-json\/wp\/v2\/tags?post=37941"}],"curies":[{"name":"wp","href":"https:\/\/api.w.org\/{rel}","templated":true}]}}