{"id":3795,"date":"2011-10-04T12:09:15","date_gmt":"2011-10-04T12:09:15","guid":{"rendered":"http:\/\/e-anjelik.sk\/?p=3795"},"modified":"2011-10-04T12:09:15","modified_gmt":"2011-10-04T12:09:15","slug":"24-novych-prvakov-na-univerzite-janosa-selyiho-teologickej-fakulte-v-komarne","status":"publish","type":"post","link":"https:\/\/www.e-anjelik.sk\/index.php\/2011\/10\/04\/24-novych-prvakov-na-univerzite-janosa-selyiho-teologickej-fakulte-v-komarne\/","title":{"rendered":"24 nov\u00fdch prv\u00e1kov na Univerzite J\u00e1nosa Selyiho -teologickej fakulte v Kom\u00e1rne"},"content":{"rendered":"<p>Na Univerite J&aacute;nosa Selyiho, Reformovanej teologickej fakulte za\u010d&iacute;na v novom &scaron;tud&iacute;jnom roku &scaron;tudova\u0165 24 prv&aacute;kov. Na 5-ro\u010dn&yacute; magistersk&yacute; program reformovanej teol&oacute;gie sa namiesto 15 prihl&aacute;silo iba&nbsp;6 z&aacute;ujemcov, k&yacute;m na nov&yacute; trojro\u010dn&yacute;&nbsp;bakal&aacute;rsky smer misiol&oacute;gie, diak&oacute;nie a soci&aacute;lnej pr&aacute;ce 18 os&ocirc;b. Celkovo m&aacute; fakulta teraz zap&iacute;san&yacute;ch na &scaron;t&uacute;dium&nbsp;vo v&scaron;etk&yacute;ch ro\u010dn&iacute;koch spolu 80 posluch&aacute;\u010dov.&nbsp;&nbsp;<\/p>\n<p>(<a href=\"http:\/\/www.reformata.sk\">www.reformata.sk<\/a>)<\/p>\n","protected":false},"excerpt":{"rendered":"<p>Na Univerite J&aacute;nosa Selyiho, Reformovanej teologickej fakulte za\u010d&iacute;na v novom &scaron;tud&iacute;jnom roku &scaron;tudova\u0165 24 prv&aacute;kov. Na 5-ro\u010dn&yacute; magistersk&yacute; program reformovanej teol&oacute;gie sa namiesto 15 prihl&aacute;silo iba&nbsp;6 z&aacute;ujemcov, k&yacute;m na nov&yacute; trojro\u010dn&yacute;&nbsp;bakal&aacute;rsky smer misiol&oacute;gie, diak&oacute;nie a soci&aacute;lnej pr&aacute;ce 18 os&ocirc;b. Celkovo m&aacute; fakulta teraz zap&iacute;san&yacute;ch na &scaron;t&uacute;dium&nbsp;vo v&scaron;etk&yacute;ch ro\u010dn&iacute;koch spolu 80 posluch&aacute;\u010dov.&nbsp;&nbsp; (www.reformata.sk)<\/p>\n","protected":false},"author":22,"featured_media":0,"comment_status":"open","ping_status":"open","sticky":false,"template":"","format":"standard","meta":{"footnotes":""},"categories":[2],"tags":[],"class_list":["post-3795","post","type-post","status-publish","format-standard","hentry","category-ekumena"],"_links":{"self":[{"href":"https:\/\/www.e-anjelik.sk\/index.php\/wp-json\/wp\/v2\/posts\/3795","targetHints":{"allow":["GET"]}}],"collection":[{"href":"https:\/\/www.e-anjelik.sk\/index.php\/wp-json\/wp\/v2\/posts"}],"about":[{"href":"https:\/\/www.e-anjelik.sk\/index.php\/wp-json\/wp\/v2\/types\/post"}],"author":[{"embeddable":true,"href":"https:\/\/www.e-anjelik.sk\/index.php\/wp-json\/wp\/v2\/users\/22"}],"replies":[{"embeddable":true,"href":"https:\/\/www.e-anjelik.sk\/index.php\/wp-json\/wp\/v2\/comments?post=3795"}],"version-history":[{"count":0,"href":"https:\/\/www.e-anjelik.sk\/index.php\/wp-json\/wp\/v2\/posts\/3795\/revisions"}],"wp:attachment":[{"href":"https:\/\/www.e-anjelik.sk\/index.php\/wp-json\/wp\/v2\/media?parent=3795"}],"wp:term":[{"taxonomy":"category","embeddable":true,"href":"https:\/\/www.e-anjelik.sk\/index.php\/wp-json\/wp\/v2\/categories?post=3795"},{"taxonomy":"post_tag","embeddable":true,"href":"https:\/\/www.e-anjelik.sk\/index.php\/wp-json\/wp\/v2\/tags?post=3795"}],"curies":[{"name":"wp","href":"https:\/\/api.w.org\/{rel}","templated":true}]}}