{"id":37956,"date":"2025-05-27T00:13:29","date_gmt":"2025-05-26T22:13:29","guid":{"rendered":"https:\/\/www.e-anjelik.sk\/?p=37956"},"modified":"2025-05-27T18:58:24","modified_gmt":"2025-05-27T16:58:24","slug":"ked-slavne-vitazime-spievajme","status":"publish","type":"post","link":"https:\/\/www.e-anjelik.sk\/index.php\/2025\/05\/27\/ked-slavne-vitazime-spievajme\/","title":{"rendered":"Ke\u010f sl\u00e1vne v\u00ed\u0165az\u00edme, spievajme"},"content":{"rendered":"\n<p>&nbsp; &nbsp; &nbsp; &nbsp; &nbsp; &nbsp; &nbsp; &nbsp; &nbsp; <strong>&nbsp; &nbsp; Ke\u010f sl\u00e1vne v\u00ed\u0165az\u00edme, spievajme !<\/strong><\/p>\n\n\n\n<p>\u00davodn\u00e1 modlitba:<\/p>\n\n\n\n<p>&nbsp;&nbsp; <em>Nebesk\u00fd Ot\u010de, ve\u013ekos\u0165 Tvojho diela ktor\u00e9 si vykonal v Kristu Je\u017ei\u0161i n\u00e1s nap\u013a\u0148a rados\u0165ou, n\u00e1dejou a \u00fa\u017easom. Vid\u00edme v tom Tvoju ve\u013ek\u00fa l\u00e1sku. Ty si sa k n\u00e1m v Je\u017ei\u0161ovi hlboko sklonil, aby si n\u00e1s pozdvihol z na\u0161ich p\u00e1dov a hriechov. Popraj n\u00e1m v\u017edy znovu po\u010du\u0165 Tvoje evanjelium. Povzbu\u010f n\u00e1s a pote\u0161, aby n\u00e1s nikto a ni\u010d neodl\u00fa\u010dilo od Teba a Tvojej l\u00e1sky. Daj, aby sa aj dnes na\u0161a du\u0161a upokojila a rozospievala oslavnou hymnou v\u00ed\u0165azstva, ktor\u00e9 je v na\u0161om P\u00e1novi a Spasite\u013eovi. Amen<\/em><\/p>\n\n\n\n<p><strong>R 8, 33 &#8211; 39:<\/strong><\/p>\n\n\n\n<p><strong>\u00a0\u00a0<\/strong><em> \u201eKto bude \u017ealova\u0165 na vyvolen\u00fdch Bo\u017e\u00edch? Je to Boh, ktor\u00fd ospravedl\u0148uje. (34) Kto ich ods\u00fadi? Je to Kristus, ktor\u00fd umrel, ba i z m\u0155tvych vstal, je na pravici Bo\u017eej a sa aj prihov\u00e1ra za n\u00e1s. (35) Kto n\u00e1s odl\u00fa\u010di od l\u00e1sky Kristovej? S\u00fa\u017eenie alebo \u00fazkos\u0165, prenasledovanie alebo hlad, nahota, nebezpe\u010denstvo alebo me\u010d? (36) Ako je nap\u00edsan\u00e9: Pre Teba b\u00fdvame m\u0155tven\u00ed cel\u00fd de\u0148, pokladaj\u00fa n\u00e1s za ovce na zabitie. (37) Ale v tomto v\u0161etkom sl\u00e1vne v\u00ed\u0165az\u00edme skrze Toho, ktor\u00fd si n\u00e1s zamiloval. (38) Lebo som presved\u010den\u00fd, \u017ee ani smr\u0165 ani \u017eivot ani anjeli ani knie\u017eatstv\u00e1 ani pr\u00edtomnos\u0165 ani bud\u00facnos\u0165 ani mocnosti (39) ani vysokos\u0165 ani hlbokos\u0165 ani nijak\u00e9 in\u00e9 stvorenstv\u00e1 nebud\u00fa n\u00e1s m\u00f4c\u0165 odl\u00fa\u010di\u0165 od l\u00e1sky Bo\u017eej, ktor\u00e1 je v Kristu Je\u017ei\u0161i, na\u0161om P\u00e1novi\u201c. Amen<\/em><\/p>\n\n\n\n<p>&nbsp;&nbsp; Mil\u00ed bratia a sestry, mil\u00ed priatelia!<\/p>\n\n\n\n<p>&nbsp; &nbsp; Ke\u010f sa podar\u00ed \u0161portovcom nejakej krajiny z\u00edska\u0165 v\u00ed\u0165azstvo, hr\u00e1\u010di, div\u00e1ci i fan\u00fa\u0161ikovia vyd\u00e1vaj\u00fa neraz siln\u00e9 v\u00fdkriky radosti a odu\u0161evnene spievaj\u00fa klubov\u00fa, alebo n\u00e1rodn\u00fa hymnu v\u00ed\u0165azstva.<\/p>\n\n\n\n<p>Spom\u00ednam si na 68-my rok, ako sme ako \u0161tudenti v\u00edtali pr\u00edchod tzv. pra\u017eskej jari. Ke\u010f sme koncom apr\u00edla pochodovali na Dev\u00edn, bolo to pri neust\u00e1lom speve a jasote. Podobne aj p\u00fa\u0165 na Bradlo v tom istom roku a oslavy, ktor\u00e9 sa tam po rokoch op\u00e4\u0165 slobodne konali, boli v znamen\u00ed spevu.&nbsp;<\/p>\n\n\n\n<p>\u00a0\u00a0 \u00a0 Mnoh\u00ed z v\u00e1s star\u0161\u00edch si mo\u017eno spomeniete na skon\u010denie 2.svetovej vojny a \u0165a\u017eko vybojovan\u00e9 v\u00ed\u0165azstvo, ke\u010f sa tie\u017e v\u0161ade oz\u00fdval spev, jasot a zvuk harmoniky. Pr\u00edchod \u201ene\u017enej revol\u00facie\u201c v 89-tom roku sa niesol podobne v znamen\u00ed spevu a piesn\u00ed Marty Kubi\u0161ovej, Karla Kryla a \u201ehymny\u201c t\u00fdch dn\u00ed:<em> <em>\u201e<\/em>S\u013e\u00fabili sme si l\u00e1sku\u2026.\u201c. <\/em>\u00c1no, opojn\u00e1 slas\u0165 v\u00ed\u0165azstva vedie v\u017edy a prirodzene k vyjadreniu radosti spevom a oslavn\u00fdmi hymnami.<\/p>\n\n\n\n<p>&nbsp;&nbsp; Je \u0161koda, \u017ee ve\u013ekono\u010dn\u00e9 v\u00ed\u0165azstvo, ktor\u00e9 je trval\u00e9 a ktor\u00e9 nem\u00e1 obdoby, u\u017e nedok\u00e1\u017ee mnoh\u00fdch rozospieva\u0165 a naplni\u0165 rados\u0165ou. Alebo ak predsa, tak iba nakr\u00e1tko, mo\u017eno jeden-dva dni, alebo dva-tri t\u00fd\u017edne. Pritom ide o v\u00ed\u0165azstvo \u017eivota nad hrobom, smr\u0165ou a peklom, ktor\u00e9 je t\u00fdm najv\u00e4\u010d\u0161\u00edm v\u00ed\u0165azstvom v\u00f4bec. Je nielen v\u00ed\u0165azstvom samotn\u00e9ho P\u00e1na Je\u017ei\u0161a Krista, ale aj n\u00e1s veriacich v Neho, lebo On hovor\u00ed: <em>\u201ePreto\u017ee ja \u017eijem, aj vy budete \u017ei\u0165!\u201c<\/em>&nbsp;<\/p>\n\n\n\n<p>&nbsp; Dne\u0161n\u00e1 nede\u013ea s latinsk\u00fdm n\u00e1zvom: Cantate! = Spievajte! &#8211; n\u00e1s preto chce vies\u0165 a povzbudi\u0165 k radostn\u00e9mu spevu a oslave, ktor\u00e1 m\u00e1 a m\u00f4\u017ee by\u0165 v na\u0161ich \u017eivotoch trval\u00e1. To je zmysel a odkaz aj dne\u0161n\u00e9ho \u00favodn\u00e9ho sv\u00e4t\u00e9ho textu. Znie ako mohutn\u00e1 salva a v\u00fdbuch radosti za ktor\u00fd sa apo\u0161tol Pavel nehanb\u00ed, lebo vie, \u017ee ho u\u017e nikto a ni\u010d nem\u00f4\u017ee odl\u00fa\u010di\u0165 od l\u00e1sky Bo\u017eej a Kristovej.<\/p>\n\n\n\n<p>\u00a0 Je pravda, \u017ee apo\u0161tol spom\u00edna aj nebezpe\u010denstv\u00e1, ktor\u00e9 s\u00fa tu vo svete a ktor\u00e9 re\u00e1lne ohrozuj\u00fa vieru \u010dloveka. Ale jeho viera je u\u017e vysk\u00fa\u0161an\u00e1 a pevn\u00e1 a on vie, \u017ee m\u00f4\u017ee \u010derpa\u0165 nov\u00fa silu viery z Ducha Sv\u00e4t\u00e9ho, ktor\u00fd je ako zdroj a prame\u0148 \u017eivej vody ktor\u00fd nevysych\u00e1. Preto m\u00f4\u017ee poveda\u0165 aj o \u0165a\u017ekostiach:<em> <em>\u201e<\/em> \u2026v tomto v\u0161etkom sl\u00e1vne v\u00ed\u0165az\u00edme\u201c.<\/em><\/p>\n\n\n\n<p><em>&nbsp;<\/em>&nbsp; Bratia a sestry v P\u00e1novi Je\u017ei\u0161ovi Kristovi!<\/p>\n\n\n\n<p>&nbsp;&nbsp; Mus\u00edme pripusti\u0165, \u017ee na\u0161a viera nemus\u00ed by\u0165 tak\u00e1 siln\u00e1, tak\u00e1 neohrozen\u00e1 ako viera apo\u0161tola Pavla. Svoj\u00edm poukazom na r\u00f4zne nebezpe\u010denstv\u00e1 n\u00e1s ako veriacich upozor\u0148uje na to, \u010do n\u00e1s m\u00f4\u017ee, skl\u00e1ti\u0165, nalomi\u0165, \u010di dokonca ohrozi\u0165 stratou viery. Apo\u0161tol Pavel si je vedom\u00fd toho, \u017ee nie ka\u017ed\u00fd m\u00e1 tak\u00fa istotu viery ako on, nie ka\u017ed\u00fd pre\u0161iel to\u013ek\u00fdmi sk\u00fa\u0161kami a nie ka\u017ed\u00fd je vo viere zocelen\u00fd tak ako on. Ale s\u00fa\u010dasne chce poveda\u0165, \u017ee aj tam, kde kde s\u00fa a kde prich\u00e1dzaj\u00fa sk\u00fa\u0161ky viery, je mo\u017en\u00e9 dosiahnu\u0165 v\u00ed\u0165azstvo a tak sk\u00fasenos\u0165, ktor\u00e1 je nepodvr\u00e1tite\u013en\u00e1.&nbsp; &nbsp;<\/p>\n\n\n\n<p>\u00a0\u00a0 Apo\u0161tol Pavel kladie veriacim d\u00f4le\u017eit\u00fa ot\u00e1zku: <em>\u201eKto bude \u017ealova\u0165 na vyvolen\u00fdch Bo\u017e\u00edch?\u201c <\/em>Vyvolen\u00ed Bo\u017e\u00ed s\u00fa t\u00ed, ktor\u00fdch P\u00e1n Boh povolal v sv\u00e4tom Krste za svoje deti a ktor\u00fdm povedal P\u00e1n to, \u010do povedal kedysi prorokovi Izai\u00e1\u0161ovi: <em><em>\u201e<\/em>Neboj sa, m\u00f4j si ty, ja som \u0165a povolal tvoj\u00edm menom\u201c.<\/em> Kto teda bude \u017ealova\u0165 na vyk\u00fapen\u00e9 Bo\u017eie deti?<\/p>\n\n\n\n<p>\u00a0\u00a0 \u013dud SZ vedel ve\u013emi dobre, lep\u0161ie ako my, \u017ee slovo <em>\u201esatan\u201c<\/em> znamen\u00e1: <em><em>\u201e<\/em>\u017ealobn\u00edk\u201c<\/em>. Je to anjel, ktor\u00fd mal p\u00f4vodne tak ako in\u00ed pr\u00edstup k P\u00e1nu Bohu a mohol \u017ealova\u0165 na Bo\u017eie deti. \u017daloval napr\u00edklad na J\u00f3ba, \u017ee je zbo\u017en\u00fd iba preto, \u017ee sa mu dobre vedie. Tvrdil, \u017ee ak by sa dostal do sk\u00fa\u0161ok, od P\u00e1na Boha by odpadol. Preto Hospodin dovolil, aby J\u00f3bova viera bola vysk\u00fa\u0161an\u00e1. Bol preto na \u010das vydan\u00fd do ruky satanovej a vieme, ak\u00e9 vyberan\u00e9 a \u0165a\u017ek\u00e9 sk\u00fa\u0161ky pre neho \u017ealobn\u00edk a zvodca pripravil.\u00a0<\/p>\n\n\n\n<p>\u00a0 \u00a0 V\u00ed\u0165azstvo P\u00e1na Je\u017ei\u0161a nad satanom, diablom a poku\u0161ite\u013eom znamenalo v\u0161ak aj naplnenie toho, \u010do apo\u0161tol J\u00e1n nap\u00edsal vo svojom Zjaven\u00ed: <em><em>\u201e<\/em>Videl som satana ako blesk pada\u0165 z neba\u201c<\/em>. Aj dne\u0161n\u00e9 evanjelium n\u00e1m pripomenulo, \u017ee <em>\u201eknie\u017ea sveta je u\u017e ods\u00faden\u00e9\u201c. <\/em>U\u017e nem\u00e1 miesto pred Bo\u017e\u00edm tr\u00f3nom a preto apo\u0161tol hovor\u00ed: <em><em>\u201e<\/em>Kto bude \u017ealova\u0165 na vyvolen\u00fdch Bo\u017e\u00edch?\u201c <\/em>A s\u00e1m potom jasne odpoved\u00e1: <em>\u201eJe to Boh, ktor\u00fd ospravedl\u0148uje\u201c.\u00a0<\/em><\/p>\n\n\n\n<p><em>\u00a0\u00a0 \u00a0 <\/em>U\u017e to nie je satan, diabol, ktor\u00fd chce p\u00e1d, smr\u0165 a na\u0161e ods\u00fadenie, ale <em>\u201eTen, ktor\u00fd\u00a0ospravedl\u0148uje\u201c.<\/em> Ten, u ktor\u00e9ho je <em>\u201emilos\u0165 nad milos\u0165!\u201c <\/em>Satan, nepriate\u013e a podvodn\u00edk tak\u00fa mo\u017enos\u0165 stratil.<\/p>\n\n\n\n<p>&nbsp;Ak ke\u010f P\u00e1n Boh m\u00e1 \u201enie\u010do\u201c proti n\u00e1m, ospravedl\u0148uje n\u00e1s z\u00e1sluhami svojho Syna. Nechce na\u0161u smr\u0165 a ods\u00fadenie, ale d\u00e1va n\u00e1m pre Neho ve\u010dn\u00fd \u017eivot. Ak Synom nepoh\u0155dame, m\u00f4\u017eeme prija\u0165 viac milosti, ako si vieme predstavi\u0165. Boh t\u00fdch, ktor\u00fdch ospravedlnil aj osl\u00e1vil a osl\u00e1vi. <em>\u201e\u010co teda poveda\u0165 nato? Ke\u010f Boh za n\u00e1s, kto proti n\u00e1m? Ten, ktor\u00fd neu\u0161etril vlastn\u00e9ho Syna, ale vydal Ho za n\u00e1s v\u0161etk\u00fdch, ako by n\u00e1m nedaroval s N\u00edm v\u0161etko?\u201c<\/em><\/p>\n\n\n\n<p><em>&nbsp;&nbsp; <\/em>Bratia a sestry!&nbsp;<\/p>\n\n\n\n<p>&nbsp; Apo\u0161tol Pavel na inom mieste hovor\u00ed,<em> \u017ee \u201eani s\u00e1m sa nes\u00fadim\u201c, <\/em>v\u0161etko prenech\u00e1va s\u00fadu Bo\u017eiemu. Podobne zm\u00fd\u0161\u013eajme a konajme aj my, pam\u00e4taj\u00fac na to, \u017ee n\u00e1\u0161 Otec nielen s\u00fadi hrie\u0161nika, ale On s\u00e1m aj zaplatil pokutu za na\u0161e hriechy. Dal t\u00fa najvy\u0161\u0161iu obe\u0165 a cenu, aby n\u00e1s dokonale obmyl od na\u0161ich v\u00edn, ke\u010f\u017ee <em>\u201eodplata za hriech je smr\u0165\u201c.<\/em> Preto oslavujme Hospodina, \u017ee na\u0161\u00edm Sudcom je <em>\u201eTen, ktor\u00fd umrel, ba i z m\u0155tvych vstal, je na pravici Bo\u017eej a sa aj prihov\u00e1ra za n\u00e1s\u201c<\/em>. Preto to, \u010do je rozhoduj\u00face, to je n\u00e1\u0161 vz\u0165ah viery d\u00f4very v Neho. Na\u0161e pln\u00e9 odovzdanie sa Jemu a Jeho l\u00e1ske a milosti.<\/p>\n\n\n\n<p>\u00a0 \u00a0 Preto je d\u00f4le\u017eit\u00e9 myslie\u0165 na to, aby toto duchovn\u00e9 spojenie s P\u00e1nom nikto a ni\u010d nezni\u010dil. Apo\u0161tol Pavel sa preto p\u00fdta:<em> <em>\u201e<\/em>Kto n\u00e1s odl\u00fa\u010di od l\u00e1sky Kristovej?\u201c <\/em>Je ist\u00e9, \u017ee P\u00e1na Je\u017ei\u0161a od n\u00e1s neodl\u00fa\u010di nikto a ni\u010d. Jeho rozhodnutie zachr\u00e1ni\u0165 n\u00e1s je nezvratn\u00e9 a je aj dokonan\u00e9. Zost\u00e1va teda v\u00e1\u017ene rozhodnutie z na\u0161ej strany, ktor\u00e9 m\u00e1 by\u0165 slobodn\u00e9 a radostn\u00e9.\u00a0<\/p>\n\n\n\n<p>\u00a0\u00a0 \u00a0 Spomenuli sme rizik\u00e1, na ktor\u00e9 n\u00e1s upozor\u0148uje apo\u0161tolsk\u00e9 slovo a mohli by n\u00e1s zastra\u0161i\u0165 a prem\u00f4c\u0165 na\u0161u d\u00f4veru. Apo\u0161tol Pavel na prvom mieste spom\u00edna:\u00a0<em><em>\u201e<\/em>s\u00fa\u017eenie, alebo \u00fazkos\u0165, prenasledovanie, hlad, nahotu (biedu), prenasledovanie, <\/em>alebo hr\u00f4zy<em> \u201eme\u010da\u201c,<\/em> \u010di\u017ee vojny, ktor\u00e9 akoby nemali konca.\u00a0<\/p>\n\n\n\n<p>&nbsp;&nbsp; &nbsp; To v\u0161etko s\u00fa \u0165a\u017ek\u00e9 sk\u00fa\u0161ky a vtedy je bl\u00edzko aj ten najv\u00e4\u010d\u0161\u00ed nepriate\u013e, ktor\u00fdm je <em>\u201esmr\u0165\u201c<\/em>. Iste \u201estrach m\u00e1 ve\u013ek\u00e9 o\u010di\u201c a strach zo smrti pozn\u00e1 ka\u017ed\u00fd \u010dlovek. Prekona\u0165 ho dok\u00e1\u017ee iba viera a n\u00e1dej v Je\u017ei\u0161a, V\u00ed\u0165aza nad smr\u0165ou.&nbsp;<\/p>\n\n\n\n<p>\u00a0 \u00a0 M\u00f4\u017ee to v\u0161ak by\u0165\u00a0aj <em>\u201e\u017eivot\u201c<\/em>, a to \u017eivot pozemsk\u00fd v moci a sl\u00e1ve, alebo v hojnosti, ktor\u00fa poznal aj spom\u00ednan\u00fd J\u00f3b. \u017divot, ktor\u00fd si viac v\u00e1\u017eime a cen\u00edme ako Toho, ktor\u00fd je <em>\u201ecesta, pravda a \u017eivot\u201c<\/em> a to je s\u00e1m P\u00e1n \u017eivota. \u201eZab\u00fdvanie sa\u201c v tejto \u010dasnosti a pr\u00edtomnosti sa m\u00f4\u017ee sta\u0165 poku\u0161en\u00edm k ochladnutiu vo viere. M\u00f4\u017ee to by\u0165 dosiahnut\u00e1 moc,<em> \u010di\u017ee \u201evysokos\u0165\u201c,<\/em> alebo svetsk\u00e1 sl\u00e1va, ktor\u00e9 v\u0161ak je predsa len \u201epo\u013en\u00e1 tr\u00e1va\u201c.<\/p>\n\n\n\n<p>&nbsp;&nbsp; Poku\u0161en\u00edm m\u00f4\u017ee by to, ak sme poni\u017eovan\u00ed vo viere, ke\u010f sa n\u00e1m svet vysmieva, \u017ee sme \u201enaivn\u00ed veriaci\u201c, ke\u010f \u201epre <em>Krista b\u00fdvame m\u0155tven\u00ed cel\u00fd de\u0148 a pokladaj\u00fa n\u00e1s za ovce na zabitie<\/em>\u201c. M\u00e1me aj s t\u00fdmto postojom sveta ve\u013ea sk\u00fasenosti a vieme, \u017ee mnoh\u00ed preto odpadli od viery i cirkvi.&nbsp;<\/p>\n\n\n\n<p>\u00a0 \u00a0 \u00a0 Ale s P\u00e1novou pomocou predsa len m\u00f4\u017eeme obst\u00e1\u0165 a vyzn\u00e1va\u0165 s Pavlom:<em> <em>\u201e<\/em>V tomto v\u0161etko\u00a0sl\u00e1vne v\u00ed\u0165az\u00edme skrze Toho, ktor\u00fd si n\u00e1s zamiloval\u201c. <\/em>Preto sa v\u017edy modlime za dar pravej a \u017eivej viery, aby sme vpravde aj my sl\u00e1vne v\u00ed\u0165azili s P\u00e1novou pomocou. Vtedy n\u00e1s<em> \u201enikto a ni\u010d n\u00e1s nem\u00f4\u017ee odl\u00fa\u010di\u0165 od l\u00e1sky Bo\u017eej, ktor\u00e1 je v Kristu Je\u017ei\u0161i, na\u0161om P\u00e1novi\u201c. <\/em>Vtedy je celkom prirodzen\u00e9 a samozrejm\u00e9, \u017ee spont\u00e1nne a s ve\u013ekou rados\u0165ou chceme spieva\u0165 u\u017e tu a teraz hymny v\u00ed\u0165azstva a oslavn\u00e9 piesne a chor\u00e1ly v\u010faky a chv\u00e1ly P\u00e1novi. N\u00e1\u0161 spev nebude mo\u017eno v\u017edy dokonal\u00fd, ale st\u00e1va sa s\u00fa\u010das\u0165ou dokonalej liturgie, ktor\u00e1 zneje v nebesiach V\u00ed\u0165azovi nad smr\u0165ou, ktor\u00fd sa \u201e<em>posadil na pravicu Bo\u017eej moci a sa aj prihov\u00e1ra za n\u00e1s\u201c. Amen\u00a0 \u00a0 \u00a0<\/em><\/p>\n\n\n\n<p><em>&nbsp;<\/em><em>&nbsp; &nbsp; &nbsp; &nbsp; &nbsp; &nbsp; &nbsp; &nbsp; <\/em>4.nede\u013ea po Ve\u013ekej noci &#8211; Cantate &#8211; MyS &#8211; \u013dubom\u00edr Batka st.<\/p>\n","protected":false},"excerpt":{"rendered":"<p>&nbsp; &nbsp; &nbsp; &nbsp; &nbsp; &nbsp; &nbsp; &nbsp; &nbsp; &nbsp; &nbsp; Ke\u010f sl\u00e1vne v\u00ed\u0165az\u00edme, spievajme ! \u00davodn\u00e1 modlitba: &nbsp;&nbsp; Nebesk\u00fd Ot\u010de, ve\u013ekos\u0165 Tvojho diela ktor\u00e9 si vykonal v Kristu Je\u017ei\u0161i n\u00e1s nap\u013a\u0148a rados\u0165ou, n\u00e1dejou a \u00fa\u017easom. Vid\u00edme v tom Tvoju ve\u013ek\u00fa l\u00e1sku. Ty si sa k n\u00e1m v Je\u017ei\u0161ovi hlboko sklonil, aby si n\u00e1s pozdvihol &#8230; <a title=\"Ke\u010f sl\u00e1vne v\u00ed\u0165az\u00edme, spievajme\" class=\"read-more\" href=\"https:\/\/www.e-anjelik.sk\/index.php\/2025\/05\/27\/ked-slavne-vitazime-spievajme\/\" aria-label=\"Pre\u010d\u00edtajte si viac o Ke\u010f sl\u00e1vne v\u00ed\u0165az\u00edme, spievajme\">\u010c\u00edta\u0165 viac<\/a><\/p>\n","protected":false},"author":4,"featured_media":0,"comment_status":"open","ping_status":"open","sticky":false,"template":"","format":"standard","meta":{"footnotes":""},"categories":[555,121,6],"tags":[],"class_list":["post-37956","post","type-post","status-publish","format-standard","hentry","category-4-nedela-po-velkej-noci","category-kazne","category-myjavsky-seniorat"],"_links":{"self":[{"href":"https:\/\/www.e-anjelik.sk\/index.php\/wp-json\/wp\/v2\/posts\/37956","targetHints":{"allow":["GET"]}}],"collection":[{"href":"https:\/\/www.e-anjelik.sk\/index.php\/wp-json\/wp\/v2\/posts"}],"about":[{"href":"https:\/\/www.e-anjelik.sk\/index.php\/wp-json\/wp\/v2\/types\/post"}],"author":[{"embeddable":true,"href":"https:\/\/www.e-anjelik.sk\/index.php\/wp-json\/wp\/v2\/users\/4"}],"replies":[{"embeddable":true,"href":"https:\/\/www.e-anjelik.sk\/index.php\/wp-json\/wp\/v2\/comments?post=37956"}],"version-history":[{"count":2,"href":"https:\/\/www.e-anjelik.sk\/index.php\/wp-json\/wp\/v2\/posts\/37956\/revisions"}],"predecessor-version":[{"id":37961,"href":"https:\/\/www.e-anjelik.sk\/index.php\/wp-json\/wp\/v2\/posts\/37956\/revisions\/37961"}],"wp:attachment":[{"href":"https:\/\/www.e-anjelik.sk\/index.php\/wp-json\/wp\/v2\/media?parent=37956"}],"wp:term":[{"taxonomy":"category","embeddable":true,"href":"https:\/\/www.e-anjelik.sk\/index.php\/wp-json\/wp\/v2\/categories?post=37956"},{"taxonomy":"post_tag","embeddable":true,"href":"https:\/\/www.e-anjelik.sk\/index.php\/wp-json\/wp\/v2\/tags?post=37956"}],"curies":[{"name":"wp","href":"https:\/\/api.w.org\/{rel}","templated":true}]}}