{"id":3796,"date":"2011-10-05T09:49:16","date_gmt":"2011-10-05T09:49:16","guid":{"rendered":"http:\/\/e-anjelik.sk\/?p=3796"},"modified":"2011-10-05T09:49:16","modified_gmt":"2011-10-05T09:49:16","slug":"vedecka-konferencia-maek-u","status":"publish","type":"post","link":"https:\/\/www.e-anjelik.sk\/index.php\/2011\/10\/05\/vedecka-konferencia-maek-u\/","title":{"rendered":"Vedeck\u00e1 konferencia MAEK-u"},"content":{"rendered":"<p>V d\u0148och 30. septembra a 1. okt&oacute;bra 2011 sa v konferen\u010dnom stredisku Lajosa Ordassa v R&eacute;vfueloepe konala vedeck&aacute; konferencia MAEK-u (Ma\u010farsk&aacute; evanjelick&aacute; konferencia, organiz&aacute;cia, ktor&aacute; zdru\u017euje evanjelikov ma\u010farskej re\u010di v tzv. Karpatskej kotline).Na podujatie pri&scaron;lo do 50 &uacute;\u010dastn&iacute;kov z r&ocirc;znych kraj&iacute;n Karpatskej kotliny. Program zahrnoval bohoslu\u017eby a tri odborn&eacute; predn&aacute;&scaron;ky na t&eacute;my materinsk&eacute;ho jazyka, cirkvi a n&aacute;roda. Tre\u0165ou bola predn&aacute;&scaron;ka historika z Univerzity E.L&oacute;randa Demmela Jozsefa na t&eacute;mu :Z&aacute;\u0165a\u017e minulosti, s&uacute;\u010dasn&eacute; probl&eacute;my a bud&uacute;ce mo\u017enosti slovensko-ma\u010farsk&yacute;ch vz\u0165ahov. Po predn&aacute;&scaron;ke nasledoval rad pr&iacute;spevkov, najm&auml; t&yacute;ch, ktor&iacute; \u017eij&uacute; pozd\u013a\u017e hran&iacute;c. Na z&aacute;ver z funkcie ved&uacute;ceho tajomn&iacute;ka organiz&aacute;cie pre vek rezignoval P&aacute;l Zaszkaliczky. Predsedn&iacute;ctvo mu po\u010fakovalo za jeho 5 ro\u010dn&uacute; pr&aacute;cu, rezign&aacute;ciu prijalo a do tejto funkcie menovalo od 1. janu&aacute;ra 2012 P&aacute;la Lacknera.<\/p>\n<p>(<a href=\"http:\/\/www.evangelikus.hu\">www.evangelikus.hu<\/a>)<\/p>\n","protected":false},"excerpt":{"rendered":"<p>V d\u0148och 30. septembra a 1. okt&oacute;bra 2011 sa v konferen\u010dnom stredisku Lajosa Ordassa v R&eacute;vfueloepe konala vedeck&aacute; konferencia MAEK-u (Ma\u010farsk&aacute; evanjelick&aacute; konferencia, organiz&aacute;cia, ktor&aacute; zdru\u017euje evanjelikov ma\u010farskej re\u010di v tzv. Karpatskej kotline).Na podujatie pri&scaron;lo do 50 &uacute;\u010dastn&iacute;kov z r&ocirc;znych kraj&iacute;n Karpatskej kotliny. Program zahrnoval bohoslu\u017eby a tri odborn&eacute; predn&aacute;&scaron;ky na t&eacute;my materinsk&eacute;ho jazyka, cirkvi &#8230; <a title=\"Vedeck\u00e1 konferencia MAEK-u\" class=\"read-more\" href=\"https:\/\/www.e-anjelik.sk\/index.php\/2011\/10\/05\/vedecka-konferencia-maek-u\/\" aria-label=\"Pre\u010d\u00edtajte si viac o Vedeck\u00e1 konferencia MAEK-u\">\u010c\u00edta\u0165 viac<\/a><\/p>\n","protected":false},"author":22,"featured_media":0,"comment_status":"open","ping_status":"open","sticky":false,"template":"","format":"standard","meta":{"footnotes":""},"categories":[9,10],"tags":[],"class_list":["post-3796","post","type-post","status-publish","format-standard","hentry","category-europa","category-zo-sveta"],"_links":{"self":[{"href":"https:\/\/www.e-anjelik.sk\/index.php\/wp-json\/wp\/v2\/posts\/3796","targetHints":{"allow":["GET"]}}],"collection":[{"href":"https:\/\/www.e-anjelik.sk\/index.php\/wp-json\/wp\/v2\/posts"}],"about":[{"href":"https:\/\/www.e-anjelik.sk\/index.php\/wp-json\/wp\/v2\/types\/post"}],"author":[{"embeddable":true,"href":"https:\/\/www.e-anjelik.sk\/index.php\/wp-json\/wp\/v2\/users\/22"}],"replies":[{"embeddable":true,"href":"https:\/\/www.e-anjelik.sk\/index.php\/wp-json\/wp\/v2\/comments?post=3796"}],"version-history":[{"count":0,"href":"https:\/\/www.e-anjelik.sk\/index.php\/wp-json\/wp\/v2\/posts\/3796\/revisions"}],"wp:attachment":[{"href":"https:\/\/www.e-anjelik.sk\/index.php\/wp-json\/wp\/v2\/media?parent=3796"}],"wp:term":[{"taxonomy":"category","embeddable":true,"href":"https:\/\/www.e-anjelik.sk\/index.php\/wp-json\/wp\/v2\/categories?post=3796"},{"taxonomy":"post_tag","embeddable":true,"href":"https:\/\/www.e-anjelik.sk\/index.php\/wp-json\/wp\/v2\/tags?post=3796"}],"curies":[{"name":"wp","href":"https:\/\/api.w.org\/{rel}","templated":true}]}}