{"id":3797,"date":"2011-10-05T11:02:37","date_gmt":"2011-10-05T11:02:37","guid":{"rendered":"http:\/\/e-anjelik.sk\/?p=3797"},"modified":"2011-10-05T11:02:37","modified_gmt":"2011-10-05T11:02:37","slug":"global-christian-forum-2011-v-indonezii","status":"publish","type":"post","link":"https:\/\/www.e-anjelik.sk\/index.php\/2011\/10\/05\/global-christian-forum-2011-v-indonezii\/","title":{"rendered":"Global Christian Forum 2011 v Indon\u00e9zii"},"content":{"rendered":"<p>V Manado ,Indon&eacute;zia, sa v d\u0148och 4. a\u017e 7. okt&oacute;bra 2011 zhroma\u017edilo do 300 z&aacute;stupcov kres\u0165ansk&yacute;ch cirkv&iacute; a hnut&iacute;,medzi nimi i letni\u010dn&yacute;ch, ktor&iacute; sa tradi\u010dne in&yacute;ch ekumenick&yacute;ch stretnut&iacute; nez&uacute;\u010dast\u0148uj&uacute;, a to siete Glob&aacute;lneho kres\u0165ansk&eacute;ho f&oacute;ra. Program je postaven&yacute;&nbsp;okolo zdie\u013eania sa o \u017eivote \u013eud&iacute; a modlitb&aacute;ch. Nijak&eacute; rozhodnutia nebud&uacute; prijat&eacute;. Ide o&nbsp;nov&eacute; ekumenick&eacute; f&oacute;rum bez nadmiery administrat&iacute;vnych &scaron;trukt&uacute;r. Vznik nov&eacute;ho druhu hnutia&nbsp;vyvolala skuto\u010dnos\u0165, \u017ee \u0165a\u017eisko kres\u0165anstva sa presunulo na ju\u017en&uacute; pologu\u013eu a vo SRC neboli zahrnut&eacute; letni\u010dn&eacute; a in&eacute; lok&aacute;lne cirkvi, najm&auml; v&nbsp;Afrike. Ide o experiment so &scaron;irokou z&aacute;klad\u0148ou.Cie\u013eom glob&aacute;lneho f&oacute;ra je predov&scaron;etk&yacute;m budova\u0165 d&ocirc;veru medzi kres\u0165anmi, ktor&iacute; predstavuj&uacute; ve\u013emi odli&scaron;n&eacute; trad&iacute;cie &nbsp;v kres\u0165anstve. Met&oacute;dou je spolo\u010dn&eacute; zdie\u013eanie a modlitba.<\/p>\n<p>(evl.fi)<\/p>\n","protected":false},"excerpt":{"rendered":"<p>V Manado ,Indon&eacute;zia, sa v d\u0148och 4. a\u017e 7. okt&oacute;bra 2011 zhroma\u017edilo do 300 z&aacute;stupcov kres\u0165ansk&yacute;ch cirkv&iacute; a hnut&iacute;,medzi nimi i letni\u010dn&yacute;ch, ktor&iacute; sa tradi\u010dne in&yacute;ch ekumenick&yacute;ch stretnut&iacute; nez&uacute;\u010dast\u0148uj&uacute;, a to siete Glob&aacute;lneho kres\u0165ansk&eacute;ho f&oacute;ra. Program je postaven&yacute;&nbsp;okolo zdie\u013eania sa o \u017eivote \u013eud&iacute; a modlitb&aacute;ch. Nijak&eacute; rozhodnutia nebud&uacute; prijat&eacute;. Ide o&nbsp;nov&eacute; ekumenick&eacute; f&oacute;rum bez nadmiery &#8230; <a title=\"Global Christian Forum 2011 v Indon\u00e9zii\" class=\"read-more\" href=\"https:\/\/www.e-anjelik.sk\/index.php\/2011\/10\/05\/global-christian-forum-2011-v-indonezii\/\" aria-label=\"Pre\u010d\u00edtajte si viac o Global Christian Forum 2011 v Indon\u00e9zii\">\u010c\u00edta\u0165 viac<\/a><\/p>\n","protected":false},"author":22,"featured_media":0,"comment_status":"open","ping_status":"open","sticky":false,"template":"","format":"standard","meta":{"footnotes":""},"categories":[2],"tags":[],"class_list":["post-3797","post","type-post","status-publish","format-standard","hentry","category-ekumena"],"_links":{"self":[{"href":"https:\/\/www.e-anjelik.sk\/index.php\/wp-json\/wp\/v2\/posts\/3797","targetHints":{"allow":["GET"]}}],"collection":[{"href":"https:\/\/www.e-anjelik.sk\/index.php\/wp-json\/wp\/v2\/posts"}],"about":[{"href":"https:\/\/www.e-anjelik.sk\/index.php\/wp-json\/wp\/v2\/types\/post"}],"author":[{"embeddable":true,"href":"https:\/\/www.e-anjelik.sk\/index.php\/wp-json\/wp\/v2\/users\/22"}],"replies":[{"embeddable":true,"href":"https:\/\/www.e-anjelik.sk\/index.php\/wp-json\/wp\/v2\/comments?post=3797"}],"version-history":[{"count":0,"href":"https:\/\/www.e-anjelik.sk\/index.php\/wp-json\/wp\/v2\/posts\/3797\/revisions"}],"wp:attachment":[{"href":"https:\/\/www.e-anjelik.sk\/index.php\/wp-json\/wp\/v2\/media?parent=3797"}],"wp:term":[{"taxonomy":"category","embeddable":true,"href":"https:\/\/www.e-anjelik.sk\/index.php\/wp-json\/wp\/v2\/categories?post=3797"},{"taxonomy":"post_tag","embeddable":true,"href":"https:\/\/www.e-anjelik.sk\/index.php\/wp-json\/wp\/v2\/tags?post=3797"}],"curies":[{"name":"wp","href":"https:\/\/api.w.org\/{rel}","templated":true}]}}