{"id":37973,"date":"2025-05-29T17:09:57","date_gmt":"2025-05-29T15:09:57","guid":{"rendered":"https:\/\/www.e-anjelik.sk\/?p=37973"},"modified":"2025-05-29T19:38:37","modified_gmt":"2025-05-29T17:38:37","slug":"kristus-na-pravici-otca","status":"publish","type":"post","link":"https:\/\/www.e-anjelik.sk\/index.php\/2025\/05\/29\/kristus-na-pravici-otca\/","title":{"rendered":"Kristus na pravici Otca"},"content":{"rendered":"\n<p><em>&nbsp;&nbsp; &nbsp; &nbsp; &nbsp; &nbsp; &nbsp; &nbsp; &nbsp; &nbsp; &nbsp; &nbsp; <\/em><strong>&nbsp; Kristus na pravici Otca<\/strong><\/p>\n\n\n\n<p><em>Pod\u013ea Tvojho s\u013eubu, Pane mil\u00fd,<\/em><\/p>\n\n\n\n<p><em>\u010dak\u00e1me zem nov\u00fa, nebo nov\u00e9.<\/em><\/p>\n\n\n\n<p><em>Dnes odch\u00e1dza\u0161, ale pr\u00edde\u0161 zase &#8211;<\/em><\/p>\n\n\n\n<p><em>cirkev Tvoja sv\u00e4t\u00e1 neovdovie.<\/em><\/p>\n\n\n\n<p><em>Pr\u00edde\u0161, hoc\u2019 \u010das skryt\u00fd n\u00e1m, \u017ee kedy<\/em><\/p>\n\n\n\n<p><em>d\u00f4jde konca zhovievavos\u0165 Tvoja,<\/em><\/p>\n\n\n\n<p><em>pojme\u0161 vern\u00fdch svojich v st\u00e1nky sl\u00e1vy,<\/em><\/p>\n\n\n\n<p><em>kde sa du\u0161e na\u0161e s Tebou spoja. Amen. (M.R.)<\/em><\/p>\n\n\n\n<p><strong>Ef 1, 15 &#8211; 23:<\/strong><\/p>\n\n\n\n<p><strong>&nbsp;<\/strong><em> &nbsp; \u201ePreto i ja, ke\u010f som po\u010dul o va\u0161ej viere v P\u00e1na Je\u017ei\u0161a a o l\u00e1ske ku v\u0161etk\u00fdm sv\u00e4t\u00fdm, (16) neprest\u00e1vam \u010fakova\u0165 za v\u00e1s a rozpom\u00edna\u0165 sa na v\u00e1s v modlitb\u00e1ch, (17) aby Boh n\u00e1\u0161ho P\u00e1na Je\u017ei\u0161a Krista, Otec sl\u00e1vy, dal v\u00e1m Ducha m\u00fadrosti a zjavenia v pozn\u00e1van\u00ed Jeho, (18) a osvietil v\u00e1m o\u010di, aby ste vedeli, \u010do je to za n\u00e1dej, do ktorej On povol\u00e1va, \u010do je to za bohatstvo Jeho sl\u00e1vneho dedi\u010dstva, ktor\u00e9 je pre sv\u00e4t\u00fdch (19) a \u010do je to za nesmierna ve\u013ekos\u0165 Jeho moci pri v\u00e1s, ktor\u00ed ver\u00edme tak ako p\u00f4sob\u00ed v n\u00e1s moc Jeho sily.<\/em><\/p>\n\n\n\n<p><em>&nbsp;&nbsp; (20) T\u00fato moc dok\u00e1zal na Kristu, ke\u010f Ho vzkriesil z m\u0155tvych a posadil si Ho na pravici v nebesiach, (21) nad v\u0161etky knie\u017eatstv\u00e1, mocnosti, moci, panstvo a nad ka\u017ed\u00e9 meno, menovan\u00e9 nielen v tomto, ale aj v bud\u00facom veku, (22) a v\u0161etko Mu poddal pod nohy a urobil Ho hlavou nad v\u0161etk\u00fdm v cirkvi, (23) ktor\u00e1 je Jeho telom, plnos\u0165ou Toho, ktor\u00fd napl\u0148uje v\u0161etko vo v\u0161etk\u00fdch.\u201c Amen<\/em><\/p>\n\n\n\n<p>Sl\u00e1vnostn\u00e9 kres\u0165ansk\u00e9 zhroma\u017edenie, bratia a sestry v P\u00e1novi!<\/p>\n\n\n\n<p>&nbsp;&nbsp; \u0160tyridsa\u0165d\u0148ov\u00e1 oslava vzkriesen\u00e9ho P\u00e1na Je\u017ei\u0161a Krista vrchol\u00ed dnes spomienkou na Jeho cestu do sl\u00e1vy neba, ktor\u00e1 m\u00e1 \u010falekosiahle d\u00f4sledky. Otec, ktor\u00fd vzkriesil svojho Syna z m\u0155tvych, ktor\u00fd <em>\u201enedal svojmu Sv\u00e4t\u00e9mu vidie\u0165 poru\u0161enie<\/em>\u201c, pov\u00fd\u0161il Ho a <em>\u201eposadil si Ho na pravici v nebesiach\u201c<\/em>. Toto pov\u00fd\u0161enie znamen\u00e1, ako pripom\u00edna apo\u0161tol Pavel, \u017ee je pov\u00fd\u0161en\u00fd \u201e<em>nad v\u0161etky knie\u017eatstv\u00e1, mocnosti, moci a nad ka\u017ed\u00e9 meno menovan\u00e9 nielen v tomto, ale aj v bud\u00facom veku a v\u0161etko Mu poddal pod nohy a urobil Ho hlavou nad v v\u0161etk\u00fdm v cirkvi\u2026\u201c.<\/em><\/p>\n\n\n\n<p><em>&nbsp;<\/em> To spoznal a vyznal apo\u0161tol, ktor\u00fd P\u00e1na Je\u017ei\u0161a po\u010das jeho pozemsk\u00e9ho \u017eivota nestretol a osobne nepoznal. Stretol sa v\u0161ak pr\u00e1ve s Je\u017ei\u0161om pov\u00fd\u0161en\u00fdm na nebes\u00e1 a osl\u00e1ven\u00fdm Otcom. Nevidel Ho ako Die\u0165a v jasliach, nevidel Ho ako mu\u017ea bolesti na kr\u00ed\u017ei, ale poznal Ho ako Toho, ktor\u00e9ho Otec urobil <em>\u201eHlavou v cirkvi, ktor\u00e1 je jeho telom\u201c<\/em>, proti ktorej on bojoval a chcel ju zni\u010di\u0165.&nbsp;<\/p>\n\n\n\n<p>&nbsp;&nbsp; Nielen Gr\u00e9ci v Efeze, ale aj v\u0161etky ostatn\u00e9 n\u00e1rody, vr\u00e1tane n\u00e1\u0161ho, m\u00f4\u017eeme pozna\u0165 P\u00e1na Je\u017ei\u0161a pr\u00e1ve tak\u00fdm ist\u00fdm sp\u00f4sobom, cez Jeho vyjavenie v Jeho slove. Takto sa s n\u00edm m\u00f4\u017eu stretn\u00fa\u0165 v\u0161etci mocn\u00e1ri a knie\u017eat\u00e1 tejto zeme, ktor\u00e9 za pr\u00edkladom Kon\u0161tant\u00edna Ve\u013ek\u00e9ho pozn\u00e1vaj\u00fa a vyzn\u00e1vaj\u00fa: \u201ePredsa si zv\u00ed\u0165azil, Galilejsk\u00fd!\u201c.<\/p>\n\n\n\n<p>Je\u017ei\u0161a Nazaretsk\u00e9ho od Jeho vst\u00fapenia na nebo mo\u017eno stretn\u00fa\u0165 a pozna\u0165 len ako P\u00e1na cirkvi a Toho,<em> \u201ektor\u00fd napl\u0148uje v\u0161etko vo v\u0161etk\u00fdch\u201c.<\/em><\/p>\n\n\n\n<p>&nbsp; &nbsp; Ak niekto bojuje proti Nemu, bojova\u0165 m\u00f4\u017ee len proti Jeho cirkvi, ktor\u00e1 je na tejto zemi, ktor\u00e1 je Jeho telom, ktorej Hlava je v\u0161ak v nebesiach. Boj proti cirkvi je bojom aj proti \u201ePomazan\u00e9mu Bo\u017eiemu\u201c, ktor\u00fd je \u201e<em>Prv\u00fd a Posledn\u00fd a \u017eiv\u00fd na veky vekov\u201c<\/em> a preto ten boj, alebo snaha zni\u010di\u0165 ju, ako to zam\u00fd\u0161\u013eal aj Saul cestou do Dama\u0161ku je ods\u00faden\u00e1 na prehru.<\/p>\n\n\n\n<p>&nbsp;&nbsp; S\u00fa iste aj tak\u00ed, ktor\u00ed zauj\u00edmaj\u00fa tzv.neutr\u00e1lny postoj a hovoria, \u017ee Je\u017ei\u0161 a Jeho cirkev im je \u013eahostajn\u00e1, predsa v\u0161ak to musia urobi\u0165 s vedom\u00edm, \u017ee ignoruj\u00fa P\u00e1na tohoto i bud\u00faceho veku.<\/p>\n\n\n\n<p>&nbsp;&nbsp; &nbsp; Ak Ho niekto zr\u00e1dza, zr\u00e1dza <em>\u201emeno, ktor\u00e9 je na ka\u017ed\u00e9 meno\u201c<\/em>, teda ktor\u00e9 je sv\u00e4t\u00e9, meno v ktorom <em>\u201eje \u017eivot a ktor\u00fd je svetlom \u013eud\u00ed<\/em>\u201c a preto pre svoju <em>\u201evla\u017enos\u0165\u201c<\/em>, bude napokon <em>\u201evyp\u013eut\u00fd z \u00fast<\/em>\u201c.&nbsp;<\/p>\n\n\n\n<p>\u00a0 \u00a0 P\u00e1n Je\u017ei\u0161 po svojom vzkriesen\u00ed pri\u0161iel a prich\u00e1dzal k svojim u\u010den\u00edkom \u201epracuj\u00fac\u201c na tom, aby ich viera nezanikla. Prosil aj za slab\u00e9ho \u0160imona Petra, ale to neznamen\u00e1, \u017ee chce nejak\u00fdm n\u00e1sil\u00edm zlomi\u0165 niekoho k viere. Plat\u00ed to, \u010do apo\u0161tol J\u00e1n nap\u00edsal ako Jeho odkaz cirkvi a \u013eu\u010fom v cirkevn\u00fdch zboroch: <em>\u201eStoj\u00edm pri dver\u00e1ch a klopem\u201c\u2026 <\/em>Ka\u017ed\u00e9 zvestovanie Jeho slova je \u201eklopan\u00edm\u201c pri dver\u00e1ch n\u00e1\u0161ho \u017eivota. My smieme, paradoxne\u201c vyhra\u0165 z\u00e1pas s N\u00edm, podobne ako Saul &#8211; Pavol vtedy, ke\u010f pred N\u00edm kapitulujeme a dobrovo\u013ene Mu odovzd\u00e1me svoj \u017eivot. Vtedy smieme prija\u0165 Jeho \u017eivot, Jeho sl\u00e1vu, Jeho spolo\u010denstvo a Jeho dedi\u010dstvo sl\u00e1vne a ve\u010dn\u00e9.\u00a0<\/p>\n\n\n\n<p>\u00a0 \u00a0 Jeho p\u00f4sobenie po vzkriesen\u00ed, obmedzen\u00e9 na \u0161tyridsa\u0165 dn\u00ed a na skupinku \u201enalomen\u00fdch\u201c u\u010den\u00edkov sa skon\u010dilo a teraz je u\u017e nav\u017edy a trvalo v sl\u00e1ve Otca nebesk\u00e9ho. Tento n\u00e1vrat \u201edo nebies\u201c si preto dnes pripom\u00edname, aby sme si uvedomili Jeho \u201einakos\u0165\u201c od n\u00e1s \u013eud\u00ed a s\u00fa\u010dasne Jeho rovnos\u0165 s Otcom, preto\u017ee bol, je a zost\u00e1va na veky prav\u00fdm Bohom, Otcom od ve\u010dnosti sploden\u00fdm. Preto Jeho preb\u00fdvanie a pr\u00edchod k n\u00e1m podobne ako Jeho vst\u00fapenie je\u00a0 <em>\u201etajomstvom\u201c<\/em> pre na\u0161e o\u010di a rozum a my Ho m\u00f4\u017eeme <em>\u201epozna\u0165, po\u010du\u0165 a vidie\u0165<\/em>\u201c len potia\u013e, pokia\u013e n\u00e1m On otv\u00e1ra <em>\u201eo\u010di, u\u0161i a rozum<\/em>\u201c mocou svojho Ducha m\u00fadrosti, \u010di\u017ee mocou Ducha Sv\u00e4t\u00e9ho.\u00a0<\/p>\n\n\n\n<p>&nbsp; &nbsp; Aj o P\u00e1novi Je\u017ei\u0161ovi plat\u00ed: <em>\u201eZmilujem sa, nad k\u00fdm sa zmilujem<\/em>\u201c. Av\u0161ak aj ke\u010f je suver\u00e9nnym P\u00e1nom v\u0161etk\u00e9ho, Jeho z\u00e1mer je, aby sme poznali a pochopili <em>\u201e\u010do je to za n\u00e1dej, do ktorej On povol\u00e1va, \u010do je to za bohatstvo Jeho sl\u00e1vneho dedi\u010dstva, ktor\u00e9 je pre \u201esv\u00e4t\u00fdch\u201c<\/em>, toti\u017e t\u00fdch, ktor\u00ed v Neho uverili a <em>\u201e\u010do je to za nesmierna ve\u013ekos\u0165 Jeho moci pri n\u00e1s, ktor\u00ed ver\u00edme tak, ako p\u00f4sob\u00ed v n\u00e1s moc Jeho sily\u201c. <\/em>Je to potvrden\u00edm P\u00e1nov\u00fdch slov a programu, ktor\u00fd sa nemen\u00ed:<em> \u201eJa som pri\u0161iel, aby ste \u017eivot mali a hojne mali\u201c, a aj teraz, po vst\u00fapen\u00ed plat\u00ed: Ja som odi\u0161iel, aby ste mali \u017eivot v plnosti.<\/em><\/p>\n\n\n\n<p><em>&nbsp;<\/em> Mil\u00ed bratia a sestry!<\/p>\n\n\n\n<p>&nbsp; Toto je teda odkaz sviatku Vst\u00fapenia P\u00e1na Krista na nebes\u00e1, ktor\u00fd dnes sv\u00e4t\u00edme. P\u00e1n Je\u017ei\u0161 sa nemus\u00ed nikomu ospravedl\u0148ova\u0165, alebo zodpoveda\u0165 nijak\u00e9mu mocn\u00e1rovi, ani mocn\u00e1rstvu, pre\u010do zalo\u017eil na zemi cirkev, duchovn\u00fa \u201er\u00ed\u0161u\u201c, ani preto, \u017ee vol\u00e1 \u013eud\u00ed k pok\u00e1niu, alebo pre\u010do si z\u00edskava srdcia a priaze\u0148 tis\u00edcov, ktor\u00ed Ho miluj\u00fa naprie\u010d n\u00e1rodmi alebo panstvami a knie\u017eatstvami tohoto sveta. On nie je proti nikomu, ale je \u201eza n\u00e1s\u201c, preto\u017ee pre n\u00e1s pripravil a pripravuje nebesk\u00e9 preb\u00fdvanie. M\u00f4\u017eeme ho dosiahnu\u0165 vtedy, ak chceme by\u0165 s N\u00edm a milova\u0165 na\u0161ich bratov a sestry, Jeho cirkev.<\/p>\n\n\n\n<p>&nbsp;&nbsp; Je samozrejm\u00e9 a pochopite\u013en\u00e9, \u017ee On neprij\u00edma zo sveta \u201ev\u0161etko\u201c a v\u0161etk\u00fdch\u201c, to znamen\u00e1 \u017eiaden hriech, ani zlobu sveta a \u201e\u0161pinu\u201c, ale pon\u00faka svoje <em>\u201eobmytie\u201c,<\/em> oble\u010denie do nov\u00fdch, \u010dist\u00fdch a sl\u00e1vnostn\u00fdch \u0161iat, pr\u00edhodn\u00fdch pre t\u00fdch, ktor\u00ed prijali Jeho poznanie na <em>\u201esvadbu Bar\u00e1nkovu\u201c<\/em>. Jeho \u201eumytie\u201c, je Jeho Sv\u00e4t\u00fd krst, v ktor\u00fd smieme veri\u0165, na ktor\u00fd sa smieme spo\u013eahn\u00fa\u0165. Krst nie je iba <em>\u201eoby\u010dajn\u00e1 voda, ale voda s Bo\u017e\u00edm (Kristov\u00fdm) prik\u00e1zan\u00edm a zas\u013e\u00faben\u00edm spojen\u00e1 a spe\u010daten\u00e1\u201c.<\/em><\/p>\n\n\n\n<p>\u00a0\u00a0 Kres\u0165ania, ktor\u00ed \u201euverili\u201c, stali sa neraz mo\u017eno aj <em>\u201edivadlom svetu\u201c<\/em>, ale nach\u00e1dzali aj \u00faprimn\u00fd \u00fadiv a obdiv: \u201cPozrite, ako sa miluj\u00fa\u201c.<\/p>\n\n\n\n<p>Neboli to len samotn\u00ed apo\u0161tolovia, ale aj t\u00ed, ktor\u00ed skrze ich svedectvo a nov\u00fd \u017eivot&nbsp; uverili v Je\u017ei\u0161a a On sa stal ich P\u00e1nom, tak ako uveril a za\u010dal \u017ei\u0165 aj apo\u0161tol Pavel.<\/p>\n\n\n\n<p>&nbsp; Bratia a sestry!<\/p>\n\n\n\n<p>&nbsp; Aj my, pri dne\u0161nej spomienke na P\u00e1nov \u201eodchod\u201c z tejto zeme, spr\u00e1vnej\u0161ie povedan\u00e9: pri spomienke na Jeho osl\u00e1venie a skuto\u010dnos\u0165, \u017ee Ho Otec<em> \u201eposadil na svoju pravicu v nebesiach\u201c,<\/em> \u010fakujeme za Jeho trval\u00e9 prich\u00e1dzanie k n\u00e1m v slove a sviatostiach skrze moc Ducha Sv\u00e4t\u00e9ho. Vieme, \u017ee nie je \u010faleko od nikoho z n\u00e1s a my smieme \u017ei\u0165 v n\u00e1deji, \u017ee aj n\u00e1s raz pr\u00edjme tam, kde On \u017eije a kra\u013euje na veky vekov. T\u00e1to chv\u00ed\u013ea oslavy vyv\u00fd\u0161en\u00e9ho P\u00e1na nie je pre n\u00e1s straten\u00fd, alebo premrhan\u00fd \u010das, ale radostn\u00fd z\u00e1vdavok toho, \u010do v n\u00e1deji o\u010dak\u00e1vame, ke\u010f sa viera premen\u00ed na videnie tv\u00e1rou v tv\u00e1r a na rados\u0165 v spolo\u010denstve Otca, Syna a Ducha Sv\u00e4t\u00e9ho, spolu so v\u0161etk\u00fdmi vyk\u00fapen\u00fdmi a sv\u00e4t\u00fdmi. Amen<\/p>\n\n\n\n<p>&nbsp;&nbsp; Vst\u00fapenie Krista P\u00e1na na nebo &#8211; Ascensio Domini &#8211; \u013dubom\u00edr Batka st.<\/p>\n\n\n\n<p><\/p>\n","protected":false},"excerpt":{"rendered":"<p>&nbsp;&nbsp; &nbsp; &nbsp; &nbsp; &nbsp; &nbsp; &nbsp; &nbsp; &nbsp; &nbsp; &nbsp; &nbsp; Kristus na pravici Otca Pod\u013ea Tvojho s\u013eubu, Pane mil\u00fd, \u010dak\u00e1me zem nov\u00fa, nebo nov\u00e9. Dnes odch\u00e1dza\u0161, ale pr\u00edde\u0161 zase &#8211; cirkev Tvoja sv\u00e4t\u00e1 neovdovie. Pr\u00edde\u0161, hoc\u2019 \u010das skryt\u00fd n\u00e1m, \u017ee kedy d\u00f4jde konca zhovievavos\u0165 Tvoja, pojme\u0161 vern\u00fdch svojich v st\u00e1nky sl\u00e1vy, kde sa &#8230; <a title=\"Kristus na pravici Otca\" class=\"read-more\" href=\"https:\/\/www.e-anjelik.sk\/index.php\/2025\/05\/29\/kristus-na-pravici-otca\/\" aria-label=\"Pre\u010d\u00edtajte si viac o Kristus na pravici Otca\">\u010c\u00edta\u0165 viac<\/a><\/p>\n","protected":false},"author":4,"featured_media":0,"comment_status":"open","ping_status":"open","sticky":false,"template":"","format":"standard","meta":{"footnotes":""},"categories":[121,6,217],"tags":[],"class_list":["post-37973","post","type-post","status-publish","format-standard","hentry","category-kazne","category-myjavsky-seniorat","category-vstupenie"],"_links":{"self":[{"href":"https:\/\/www.e-anjelik.sk\/index.php\/wp-json\/wp\/v2\/posts\/37973","targetHints":{"allow":["GET"]}}],"collection":[{"href":"https:\/\/www.e-anjelik.sk\/index.php\/wp-json\/wp\/v2\/posts"}],"about":[{"href":"https:\/\/www.e-anjelik.sk\/index.php\/wp-json\/wp\/v2\/types\/post"}],"author":[{"embeddable":true,"href":"https:\/\/www.e-anjelik.sk\/index.php\/wp-json\/wp\/v2\/users\/4"}],"replies":[{"embeddable":true,"href":"https:\/\/www.e-anjelik.sk\/index.php\/wp-json\/wp\/v2\/comments?post=37973"}],"version-history":[{"count":3,"href":"https:\/\/www.e-anjelik.sk\/index.php\/wp-json\/wp\/v2\/posts\/37973\/revisions"}],"predecessor-version":[{"id":37977,"href":"https:\/\/www.e-anjelik.sk\/index.php\/wp-json\/wp\/v2\/posts\/37973\/revisions\/37977"}],"wp:attachment":[{"href":"https:\/\/www.e-anjelik.sk\/index.php\/wp-json\/wp\/v2\/media?parent=37973"}],"wp:term":[{"taxonomy":"category","embeddable":true,"href":"https:\/\/www.e-anjelik.sk\/index.php\/wp-json\/wp\/v2\/categories?post=37973"},{"taxonomy":"post_tag","embeddable":true,"href":"https:\/\/www.e-anjelik.sk\/index.php\/wp-json\/wp\/v2\/tags?post=37973"}],"curies":[{"name":"wp","href":"https:\/\/api.w.org\/{rel}","templated":true}]}}