{"id":3798,"date":"2011-10-05T11:25:56","date_gmt":"2011-10-05T11:25:56","guid":{"rendered":"http:\/\/e-anjelik.sk\/?p=3798"},"modified":"2011-10-05T11:25:56","modified_gmt":"2011-10-05T11:25:56","slug":"konferencia-misia-vo-svedsku","status":"publish","type":"post","link":"https:\/\/www.e-anjelik.sk\/index.php\/2011\/10\/05\/konferencia-misia-vo-svedsku\/","title":{"rendered":"Konferencia &#8222;Misia vo \u0160v\u00e9dsku&#8220;"},"content":{"rendered":"<p>V priestoroch Vysokej teologickej &scaron;koly Johannelund v Uppsale sa v&nbsp; d\u0148och 4. a 5. okt&oacute;bra 2011 &nbsp;kon&aacute; konferencia na t&eacute;mu &quot;Misia vo &Scaron;v&eacute;dsku&quot;. T&eacute;mou konferencie je zaobera\u0165 sa ot&aacute;zkami, ako m&aacute; &Scaron;v&eacute;dska cirkev evanjeliom oslovova\u0165 nov&yacute;ch \u013eud&iacute;. Na konferencii sa z&uacute;\u010dast\u0148uje do 90 k\u0148azov a asi 100 &scaron;tudentov. Konferenciu organizuje EFS &#8211; \u010do je Evangeliska fosterlandstiftelsen &#8211; pietistick&aacute; a evanjeliza\u010dno &#8211; misijn&aacute; organiz&aacute;cia v r&aacute;mci &Scaron;v&eacute;dskej cirkvi, u n&aacute;s prekladan&aacute; aj ako Evanjelick&aacute; misia. Organiz&aacute;tori vo vyhl&aacute;sen&iacute; p&iacute;&scaron;u:&quot;&Scaron;v&eacute;dsko je v s&uacute;\u010dasnosti misin&aacute;&nbsp;krajina. Krajina, kde v&auml;\u010d&scaron;ina obvyvate\u013eov u\u017e nepozn&aacute; Je\u017ei&scaron;a Krista a nepozn&aacute; rados\u0165 zo zborov&eacute;ho spolo\u010denstva. Ver&iacute;me a m&aacute;me n&aacute;dej, \u017ee P&aacute;n Boh chce zmeni\u0165 t&uacute;to situ&aacute;ciu.&quot;&nbsp;<\/p>\n<p>(<a href=\"http:\/\/www.dagen.se\">www.dagen.se<\/a>)<\/p>\n","protected":false},"excerpt":{"rendered":"<p>V priestoroch Vysokej teologickej &scaron;koly Johannelund v Uppsale sa v&nbsp; d\u0148och 4. a 5. okt&oacute;bra 2011 &nbsp;kon&aacute; konferencia na t&eacute;mu &quot;Misia vo &Scaron;v&eacute;dsku&quot;. T&eacute;mou konferencie je zaobera\u0165 sa ot&aacute;zkami, ako m&aacute; &Scaron;v&eacute;dska cirkev evanjeliom oslovova\u0165 nov&yacute;ch \u013eud&iacute;. Na konferencii sa z&uacute;\u010dast\u0148uje do 90 k\u0148azov a asi 100 &scaron;tudentov. Konferenciu organizuje EFS &#8211; \u010do je Evangeliska &#8230; <a title=\"Konferencia &#8222;Misia vo \u0160v\u00e9dsku&#8220;\" class=\"read-more\" href=\"https:\/\/www.e-anjelik.sk\/index.php\/2011\/10\/05\/konferencia-misia-vo-svedsku\/\" aria-label=\"Pre\u010d\u00edtajte si viac o Konferencia &#8222;Misia vo \u0160v\u00e9dsku&#8220;\">\u010c\u00edta\u0165 viac<\/a><\/p>\n","protected":false},"author":22,"featured_media":0,"comment_status":"open","ping_status":"open","sticky":false,"template":"","format":"standard","meta":{"footnotes":""},"categories":[42,10],"tags":[],"class_list":["post-3798","post","type-post","status-publish","format-standard","hentry","category-skandinavia","category-zo-sveta"],"_links":{"self":[{"href":"https:\/\/www.e-anjelik.sk\/index.php\/wp-json\/wp\/v2\/posts\/3798","targetHints":{"allow":["GET"]}}],"collection":[{"href":"https:\/\/www.e-anjelik.sk\/index.php\/wp-json\/wp\/v2\/posts"}],"about":[{"href":"https:\/\/www.e-anjelik.sk\/index.php\/wp-json\/wp\/v2\/types\/post"}],"author":[{"embeddable":true,"href":"https:\/\/www.e-anjelik.sk\/index.php\/wp-json\/wp\/v2\/users\/22"}],"replies":[{"embeddable":true,"href":"https:\/\/www.e-anjelik.sk\/index.php\/wp-json\/wp\/v2\/comments?post=3798"}],"version-history":[{"count":0,"href":"https:\/\/www.e-anjelik.sk\/index.php\/wp-json\/wp\/v2\/posts\/3798\/revisions"}],"wp:attachment":[{"href":"https:\/\/www.e-anjelik.sk\/index.php\/wp-json\/wp\/v2\/media?parent=3798"}],"wp:term":[{"taxonomy":"category","embeddable":true,"href":"https:\/\/www.e-anjelik.sk\/index.php\/wp-json\/wp\/v2\/categories?post=3798"},{"taxonomy":"post_tag","embeddable":true,"href":"https:\/\/www.e-anjelik.sk\/index.php\/wp-json\/wp\/v2\/tags?post=3798"}],"curies":[{"name":"wp","href":"https:\/\/api.w.org\/{rel}","templated":true}]}}