{"id":37985,"date":"2025-06-07T22:06:00","date_gmt":"2025-06-07T20:06:00","guid":{"rendered":"https:\/\/www.e-anjelik.sk\/?p=37985"},"modified":"2025-06-07T12:50:01","modified_gmt":"2025-06-07T10:50:01","slug":"moc-z-vysosti","status":"publish","type":"post","link":"https:\/\/www.e-anjelik.sk\/index.php\/2025\/06\/07\/moc-z-vysosti\/","title":{"rendered":"Moc z\u00a0v\u00fdsosti"},"content":{"rendered":"\n<p><em>\u201eA nikto nem\u00f4\u017ee poveda\u0165: P\u00e1n Je\u017ei\u0161! ak len nie v&nbsp;Duchu Sv\u00e4tom\u201c<\/em> 1K 12, 3<\/p>\n\n\n\n<p>Pod\u013ea svedectva Skutkov apo\u0161tolov v&nbsp;19. kapitole apo\u0161tol Pavel pri\u0161iel do ve\u013ek\u00e9ho mesta Efezu, a ako sa v&nbsp;tom \u010dase viera v&nbsp;Toho ukri\u017eovan\u00e9ho roz\u0161irovala po v\u0161etk\u00fdch miestach \u00c1zie, na\u0161iel i&nbsp;tam niektor\u00fdch u\u010den\u00edkov. On sa neuspokojil s&nbsp;t\u00fdm, \u017ee mal niekto zn\u00e1mos\u0165 o&nbsp;P\u00e1novi Je\u017ei\u0161ovi, on chcel hne\u010f pozna\u0165, \u010di je niekto Jeho prav\u00fdm vyzn\u00e1va\u010dom. On sa ich nep\u00fdta \u010di s\u00fa oni prav\u00ed vyzn\u00e1va\u010di a veriaci v&nbsp;P\u00e1na; on sa ich p\u00fdta na vec, ktor\u00e1 sa zd\u00e1 by\u0165 od tejto \u00faplne rozdielna: <em>\u010ci ste prijali Ducha sv\u00e4t\u00e9ho, ke\u010f ste uverili?<\/em> Oni odpovedali: <em>ani sme len nepo\u010duli, \u017ee je Duch Sv\u00e4t\u00fd<\/em> t. j. \u017ee im to nikto nepovedal \u017eeby bol nejak\u00fd Duch Sv\u00e4t\u00fd a&nbsp;\u017ee by Ho oni potrebovali. Ke\u010f sa ich apo\u0161tol Pavel \u010falej p\u00fdta: <em>v&nbsp;\u010do ste teda boli pokrsten\u00ed?<\/em> Povedali: <em>Krsten\u00ed sme J\u00e1nov\u00fdm krstom. <\/em>I&nbsp;povedal im Pavel:<em> J\u00e1n krstil krstom pok\u00e1nia a&nbsp;prikazoval \u013eudu, aby verili v&nbsp;Toho, ktor\u00fd prich\u00e1dza po \u0148om, to jest v&nbsp;Krista Je\u017ei\u0161a<\/em>. Po\u010duj\u00fac to, pokrsten\u00ed s\u00fa v&nbsp;meno P\u00e1na Je\u017ei\u0161a. A&nbsp;ke\u010f Pavel skladal <em>na nich ruky, zost\u00fapil na nich Duch Sv\u00e4t\u00fd a&nbsp;hovorili jazykmi a&nbsp;prorokovali.<\/em><\/p>\n\n\n\n<p>Divn\u00e1 vec sa n\u00e1m tu rozpr\u00e1va. Podivn\u00fdm nie je to, \u017ee Pavel pr\u00edduc po prv\u00fd kr\u00e1t do Efezu, kde na\u0161iel u\u010den\u00edkov, teda tak\u00fdch, ktor\u00ed uverili k\u00e1zaniu o&nbsp;Tom ukri\u017eovanom a pova\u017eovali sa za vyzn\u00e1va\u010dov Je\u017ei\u0161a Nazaretsk\u00e9ho a&nbsp;na to znamenie sa dali pokrsti\u0165 krstom \u2013 ve\u010f po\u010det vyzn\u00e1va\u010dov sa roz\u0161iroval i&nbsp;tam, kam nedo\u0161li apo\u0161tolovia, \u010doho je d\u00f4kazom i&nbsp;zbor v&nbsp;R\u00edme, divnej\u0161\u00edm je to, \u010do sa p\u00fdta Pavel: <em>\u010ci ste prijali Ducha Sv\u00e4t\u00e9ho, ke\u010f ste uverili?<\/em> T\u00e1to ot\u00e1zka akoby \u00faplne nes\u00fahlasila s&nbsp;pou\u010den\u00edm dan\u00e9 \u017eal\u00e1rnikovi vo Filipis (Sk 16, 31): <em>\u201eVer v&nbsp;P\u00e1na Je\u017ei\u0161a a&nbsp;bude\u0161 spasen\u00fd ty aj&nbsp;tvoj dom!\u201c<\/em> T\u00edto u\u010den\u00edci uverili a&nbsp;Pavel sa predsa s&nbsp;t\u00fdmto neuspokojuje, p\u00fdta sa ich na vec pre nich \u00faplne nov\u00fa, lebo vravia: <em>ani sme len nepo\u010duli, \u017ee je Duch Sv\u00e4t\u00fd<\/em>.<\/p>\n\n\n\n<p>A\u00a0\u010do povieme my dnes? S\u00edce nem\u00f4\u017eme poveda\u0165, \u017ee sme nepo\u010duli \u017eeby nebol Duch Sv\u00e4t\u00fd, ve\u010f sv\u00e4t\u00edme zoslanie Ducha Sv\u00e4t\u00e9ho, u\u010dili sme sa: ver\u00edme v\u00a0Ducha Sv\u00e4t\u00e9ho! Ale aj na n\u00e1s pad\u00e1 t\u00e1 ot\u00e1zka: <em>\u010di ste prijali Ducha Sv\u00e4t\u00e9ho, ke\u010f ste uverili?<\/em> \u010co odpovieme? Odpovieme: sme pokrsten\u00ed, sme kres\u0165ania, ver\u00edme, vyzn\u00e1vame to, \u010do ver\u00ed ka\u017ed\u00fd kres\u0165an, usilujeme sa pod\u013ea mo\u017enosti plni\u0165 Bo\u017eie prik\u00e1zania. Dobre, ale toto v\u0161etko \u010dinili aj t\u00ed u\u010den\u00edci v\u00a0Efeze a\u00a0Pavel s\u00a0t\u00fdm nebol spokojn\u00fd, oni sami to vyznali, \u017ee boli krsten\u00ed J\u00e1nov\u00fdm krstom, t. j. vyznali svoje hriechy, a\u00a0na znamenie toho sa dali pokrsti\u0165 t\u00fdm sp\u00f4sobom ako krstil niekedy J\u00e1n v\u00a0Jord\u00e1ne; ch\u00fdbala im jedna vec: toto v\u0161etko e\u0161te nebolo potvrden\u00e9 mocou z\u00a0v\u00fdsosti, ich srdce sa podobalo hlboko rozoran\u00e9mu, ale od sucha vyprahnut\u00e9mu e\u0161te neposiatemu po\u013eu, ch\u00fdbala tam nebesk\u00e1 rosa a\u00a0semeno Bo\u017eieho slova. To v\u0161etko im priniesol Pavel, ke\u010f im k\u00e1zal Bar\u00e1nka, ktor\u00fd sn\u00edma hriechy sveta a\u00a0polo\u017een\u00edm r\u00fak zost\u00fapil na nich v\u0161etk\u00fdch Duch Bo\u017e\u00ed, \u010doho svedectvom bolo hovorenie rozli\u010dn\u00fdmi jazykmi a prorokovanie. Toto v\u0161etko poukazuje na ten ve\u013ek\u00fd div Bo\u017eej l\u00e1sky, ke\u010f na bojazliv\u00fdch apo\u0161tolov zost\u00fapila moc z\u00a0v\u00fdsosti, aby zjavne a\u00a0s\u00a0b\u00e1z\u0148ou vyzn\u00e1vali Toho Ukri\u017eovan\u00e9ho a\u00a0znovu vzkriesen\u00e9ho. Premena, ktor\u00e1 sa stala s\u00a0apo\u0161tolmi v \u010dase zoslania Ducha Sv\u00e4t\u00e9ho nebola t\u00e1, \u017ee oni neu\u010den\u00ed \u013eudia dosiali schopnos\u0165 hovori\u0165 cudz\u00edmi, doposia\u013e im nezn\u00e1mymi jazykmi, ale \u017ee t\u00ed dosia\u013e opatrn\u00ed, skr\u00fdvaj\u00faci sa \u013eudia za\u010dali plni\u0165 nariadenie svojho P\u00e1na: <em>aby ste im vyd\u00e1vali svedectvo<\/em>. A\u00a0oni sved\u010dili nielen svojim k\u00e1zan\u00edm, lebo to by nemalo tak\u00fa moc, ale sved\u010dili svojimi \u010dinmi, stret\u00e1van\u00edm sa na modlitb\u00e1ch a l\u00e1man\u00ed chleba, \u010dist\u00fdm kres\u0165ansk\u00fdm \u017eivotom v l\u00e1ske a svornosti, zotrv\u00e1van\u00edm v pravom apo\u0161tolskom u\u010den\u00ed, pripraven\u00ed v ka\u017ed\u00fa chv\u00ed\u013eu polo\u017ei\u0165 svoj \u017eivot za t\u00fa pravdu, ktor\u00fa zvestovali.<\/p>\n\n\n\n<p>Dnes op\u00fa\u0161\u0165ame apo\u0161tolsk\u00e9 u\u010denie, op\u00fa\u0161\u0165ame Bibliu a sme schopn\u00ed uveri\u0165 v\u0161eli\u010domu a v\u0161elikomu, \u017eijeme v ha\u0161terivosti, h\u00e1dame sa o nepodstatn\u00fdch veciach, nie sme k sebe l\u00e1skav\u00ed a oh\u013eadupln\u00ed. Dnes m\u00e1 n\u00e1\u0161 P\u00e1n mnoho u\u010den\u00edkov \u2013 teda t\u00fdch, ktor\u00ed sa volaj\u00fa Jeho menom, mnoho vyzn\u00e1va\u010dov \u2013 teda t\u00fdch, ktor\u00ed vyslovuj\u00fa svojimi\u00a0\u00fastami Jeho meno, ale pon\u00faka sa tu ot\u00e1zka: ko\u013eko je spomedzi nich nasledovn\u00edkov, ktor\u00ed\u00a0by Ho nasledovali a\u017e pod a\u00a0na Jeho kr\u00ed\u017e! Ako k\u00a0tomuto nasledovaniu m\u00f4\u017eeme pr\u00eds\u0165 \u2013 to n\u00e1m nezjav\u00ed telo a krv, ale Otec nebesk\u00fd; odkia\u013e k\u00a0tomu nasledovaniu vzia\u0165 moc, to n\u00e1m sved\u010d\u00ed apo\u0161tol Pavel: \u201e<em>nikto nem\u00f4\u017ee poveda\u0165: P\u00e1n Je\u017ei\u0161! ak len nie v\u00a0Duchu Sv\u00e4tom\u201c<\/em>. K\u00a0vyznaniu a\u00a0nasledovaniu P\u00e1na dnes potrebujeme smelos\u0165 ako za \u010dias apo\u0161tolov a mo\u017en\u00e9 je to pr\u00e1ve teraz, dnes, tak ako vtedy: mocou z\u00a0v\u00fdsosti! Dnes potrebujeme tak ako apo\u0161toli zlom, zmenu. Zrazu tu stoja u\u010den\u00edci, aj so v\u0161etk\u00fdmi d\u00f4sledkami, ktor\u00ed s\u00fa odhodlan\u00ed nies\u0165 evanjelium do sveta. To v\u010faka sile a moci Ducha Sv\u00e4t\u00e9ho, ktor\u00fd d\u00e1va in\u00e9 schopnosti. Apo\u0161toli stoja pred svetom s \u00fa\u017easn\u00fdm posolstvom so zves\u0165ou Kristovho evanjelia a prehov\u00e1raj\u00fa do svedomia \u013eud\u00ed. Tu vidno ak\u00e1 je sila a moc Ducha Sv\u00e4t\u00e9ho. Nie je to ich sila. Je to nepredstavite\u013en\u00e1 priamos\u0165 a rovnos\u0165. Keby nemali Ducha, tak by mo\u017eno robili ako pred t\u00fdm ne\u017e poznali Je\u017ei\u0161a &#8211; mo\u017eno by hovorili o tom, \u017ee Je\u017ei\u0161 tu bol, \u017ee Ho nepochopili, m\u00e1lo s N\u00edm diskutovali, na ist\u00e9 veci mali spolo\u010dn\u00fd n\u00e1zor a napokon, \u017ee to nemuselo a\u017e tak tragicky dopadn\u00fa\u0165. To je slovo, ktor\u00e9 mysl\u00ed na seba, ktor\u00e9 ur\u010duje strach o sam\u00e9ho seba, aby nepri\u0161li d\u00f4sledky toho, \u017ee som povedal nie\u010do ostr\u00e9 a priame. Toto je be\u017en\u00e1 s\u00fa\u010das\u0165 na\u0161ich diskusi\u00ed &#8211; len nepoveda\u0165 nie\u010do priamo, len aby sa to niekoho nedotklo, aby sa niekto neurazil. Pavel sa p\u00fdta: <em>\u010di ste prijali Ducha Sv\u00e4t\u00e9ho, ke\u010f ste uverili?<\/em> To je priamos\u0165 Ducha Sv\u00e4t\u00e9ho, ktor\u00fd pou\u017eije Pavla ako tak\u00fa hlasn\u00fa tr\u00fabu na zves\u0165, ktor\u00fa mu Boh zver\u00ed. Nepou\u017eije svoje JA, aby tlmil Ducha Bo\u017eieho. Pavel nelichot\u00ed, net\u013eapk\u00e1 ich po pleci, nevyslovuje uznanie, nezalie\u010da sa, nesna\u017e\u00ed sa ich z\u00edska\u0165 na svoju stranu. Pavel v moci Ducha Sv\u00e4t\u00e9ho hovor\u00ed to, \u010do mu Duch Sv\u00e4t\u00fd polo\u017eil na srdce a jazyk. To rob\u00ed moc z v\u00fdsosti, \u017ee rob\u00ed zo slab\u00e9ho nemo\u017en\u00e9ho \u010dloveka, \u010dloveka, ktor\u00fd nemysl\u00ed na seba a na svoju osobu, ale mysl\u00ed na to, \u010do chce Duch poveda\u0165, lebo vie, \u017ee to \u010do chce Duch poveda\u0165 m\u00e1 zachra\u0148uj\u00facu moc. Preto ho nesk\u00f4r za to \u010dakalo kame\u0148ovanie, h\u00e1dky, \u017eal\u00e1r.<\/p>\n\n\n\n<p>Preto sa modlime za t\u00fdch, ktor\u00ed moc Ducha nikdy nepoznali, \u010di Ducha sa vzdali, aby sa mohli vr\u00e1ti\u0165 a by\u0165 zachr\u00e1nen\u00ed. Aby sa kajali a prijali Ducha Sv\u00e4t\u00e9ho, aby mohli poveda\u0165 P\u00e1n Je\u017ei\u0161, to meno nad ka\u017ed\u00e9 meno.<\/p>\n\n\n\n<p>Pokoj V\u00e1m!!<\/p>\n\n\n\n<p><\/p>\n","protected":false},"excerpt":{"rendered":"<p>\u201eA nikto nem\u00f4\u017ee poveda\u0165: P\u00e1n Je\u017ei\u0161! ak len nie v&nbsp;Duchu Sv\u00e4tom\u201c 1K 12, 3 Pod\u013ea svedectva Skutkov apo\u0161tolov v&nbsp;19. kapitole apo\u0161tol Pavel pri\u0161iel do ve\u013ek\u00e9ho mesta Efezu, a ako sa v&nbsp;tom \u010dase viera v&nbsp;Toho ukri\u017eovan\u00e9ho roz\u0161irovala po v\u0161etk\u00fdch miestach \u00c1zie, na\u0161iel i&nbsp;tam niektor\u00fdch u\u010den\u00edkov. On sa neuspokojil s&nbsp;t\u00fdm, \u017ee mal niekto zn\u00e1mos\u0165 o&nbsp;P\u00e1novi Je\u017ei\u0161ovi, on &#8230; <a title=\"Moc z\u00a0v\u00fdsosti\" class=\"read-more\" href=\"https:\/\/www.e-anjelik.sk\/index.php\/2025\/06\/07\/moc-z-vysosti\/\" aria-label=\"Pre\u010d\u00edtajte si viac o Moc z\u00a0v\u00fdsosti\">\u010c\u00edta\u0165 viac<\/a><\/p>\n","protected":false},"author":3,"featured_media":0,"comment_status":"open","ping_status":"open","sticky":false,"template":"","format":"standard","meta":{"footnotes":""},"categories":[108],"tags":[],"class_list":["post-37985","post","type-post","status-publish","format-standard","hentry","category-svatodusne-sviatky"],"_links":{"self":[{"href":"https:\/\/www.e-anjelik.sk\/index.php\/wp-json\/wp\/v2\/posts\/37985","targetHints":{"allow":["GET"]}}],"collection":[{"href":"https:\/\/www.e-anjelik.sk\/index.php\/wp-json\/wp\/v2\/posts"}],"about":[{"href":"https:\/\/www.e-anjelik.sk\/index.php\/wp-json\/wp\/v2\/types\/post"}],"author":[{"embeddable":true,"href":"https:\/\/www.e-anjelik.sk\/index.php\/wp-json\/wp\/v2\/users\/3"}],"replies":[{"embeddable":true,"href":"https:\/\/www.e-anjelik.sk\/index.php\/wp-json\/wp\/v2\/comments?post=37985"}],"version-history":[{"count":15,"href":"https:\/\/www.e-anjelik.sk\/index.php\/wp-json\/wp\/v2\/posts\/37985\/revisions"}],"predecessor-version":[{"id":38004,"href":"https:\/\/www.e-anjelik.sk\/index.php\/wp-json\/wp\/v2\/posts\/37985\/revisions\/38004"}],"wp:attachment":[{"href":"https:\/\/www.e-anjelik.sk\/index.php\/wp-json\/wp\/v2\/media?parent=37985"}],"wp:term":[{"taxonomy":"category","embeddable":true,"href":"https:\/\/www.e-anjelik.sk\/index.php\/wp-json\/wp\/v2\/categories?post=37985"},{"taxonomy":"post_tag","embeddable":true,"href":"https:\/\/www.e-anjelik.sk\/index.php\/wp-json\/wp\/v2\/tags?post=37985"}],"curies":[{"name":"wp","href":"https:\/\/api.w.org\/{rel}","templated":true}]}}