{"id":3799,"date":"2011-10-05T12:02:10","date_gmt":"2011-10-05T12:02:10","guid":{"rendered":"http:\/\/e-anjelik.sk\/?p=3799"},"modified":"2011-10-05T12:02:10","modified_gmt":"2011-10-05T12:02:10","slug":"instalacia-veducej-biskupky-norskej-cirkvi","status":"publish","type":"post","link":"https:\/\/www.e-anjelik.sk\/index.php\/2011\/10\/05\/instalacia-veducej-biskupky-norskej-cirkvi\/","title":{"rendered":"In\u0161tal\u00e1cia ved\u00facej biskupky N\u00f3rskej cirkvi"},"content":{"rendered":"<p>V nede\u013eu 2. okt&oacute;bra 2011 sa v n&aacute;rodnej &nbsp;katedr&aacute;le Niddaros v Trondheime konala ve\u013ekolep&aacute; sl&aacute;vnos\u0165- in&scaron;tal&aacute;cia prvej v hist&oacute;rii &#8211; ved&uacute;cej biskupky N&oacute;rskej cirkvi Helge Befuglien. Na sl&aacute;vnosti sa z&uacute;\u010dastnili v&scaron;etci biskupi diec&eacute;z, po\u010detn&eacute; duchovenstvo, kr&aacute;\u013e, minister pre cirkvi, prim&aacute;tor mesta a i. In&scaron;tal&aacute;ciu vykonal a k&aacute;ze\u0148 predniesol biskup Oslo Ole Christian Kvarme. V nej o.i. povedal:&quot; Mali by ste sa zamera\u0165 cestou obnovy v stop&aacute;ch Je\u017ei&scaron;a, ktor&yacute; n&aacute;s vedie&nbsp;v ka\u017edodennom \u017eivote nies\u0165 bremen&aacute; jedni druh&yacute;ch.&quot; Nov&aacute; ved&uacute;ca biskupka v k&aacute;zni o.i. povedala:&quot; V evanjeliu Je\u017ei&scaron;a Krista nejde o &scaron;\u0165astie alebo &uacute;spech. Vedia to mnoh&iacute; z n&aacute;s. Nejde ani o du&scaron;evn&uacute; vyrovnanos\u0165, ale o odpustenie a milos\u0165. Viera znamen&aacute; ma\u0165 bezpe\u010dnos\u0165, \u017ee sme obklopen&iacute; bezhrani\u010dnou l&aacute;skou, Viera v Je\u017ei&scaron;a Krista oslobodzuje od por&aacute;\u017eok a zrady. D&aacute;va silu \u017ei\u0165 ka\u017ed&yacute; de\u0148 so svojimi probl&eacute;mami.&quot;<\/p>\n<p>Po bohoslu\u017eb&aacute;ch sa asi 180 pozvan&yacute;ch host&iacute; z&uacute;\u010dastnilo recepcie v P&aacute;nskej s&aacute;le&nbsp;arcibiskupsk&eacute;ho pal&aacute;ca.<\/p>\n<p>(<a href=\"http:\/\/www.kiken.no\">www.kiken.no<\/a>)<\/p>\n","protected":false},"excerpt":{"rendered":"<p>V nede\u013eu 2. okt&oacute;bra 2011 sa v n&aacute;rodnej &nbsp;katedr&aacute;le Niddaros v Trondheime konala ve\u013ekolep&aacute; sl&aacute;vnos\u0165- in&scaron;tal&aacute;cia prvej v hist&oacute;rii &#8211; ved&uacute;cej biskupky N&oacute;rskej cirkvi Helge Befuglien. Na sl&aacute;vnosti sa z&uacute;\u010dastnili v&scaron;etci biskupi diec&eacute;z, po\u010detn&eacute; duchovenstvo, kr&aacute;\u013e, minister pre cirkvi, prim&aacute;tor mesta a i. In&scaron;tal&aacute;ciu vykonal a k&aacute;ze\u0148 predniesol biskup Oslo Ole Christian Kvarme. V nej &#8230; <a title=\"In\u0161tal\u00e1cia ved\u00facej biskupky N\u00f3rskej cirkvi\" class=\"read-more\" href=\"https:\/\/www.e-anjelik.sk\/index.php\/2011\/10\/05\/instalacia-veducej-biskupky-norskej-cirkvi\/\" aria-label=\"Pre\u010d\u00edtajte si viac o In\u0161tal\u00e1cia ved\u00facej biskupky N\u00f3rskej cirkvi\">\u010c\u00edta\u0165 viac<\/a><\/p>\n","protected":false},"author":22,"featured_media":0,"comment_status":"open","ping_status":"open","sticky":false,"template":"","format":"standard","meta":{"footnotes":""},"categories":[42,10],"tags":[],"class_list":["post-3799","post","type-post","status-publish","format-standard","hentry","category-skandinavia","category-zo-sveta"],"_links":{"self":[{"href":"https:\/\/www.e-anjelik.sk\/index.php\/wp-json\/wp\/v2\/posts\/3799","targetHints":{"allow":["GET"]}}],"collection":[{"href":"https:\/\/www.e-anjelik.sk\/index.php\/wp-json\/wp\/v2\/posts"}],"about":[{"href":"https:\/\/www.e-anjelik.sk\/index.php\/wp-json\/wp\/v2\/types\/post"}],"author":[{"embeddable":true,"href":"https:\/\/www.e-anjelik.sk\/index.php\/wp-json\/wp\/v2\/users\/22"}],"replies":[{"embeddable":true,"href":"https:\/\/www.e-anjelik.sk\/index.php\/wp-json\/wp\/v2\/comments?post=3799"}],"version-history":[{"count":0,"href":"https:\/\/www.e-anjelik.sk\/index.php\/wp-json\/wp\/v2\/posts\/3799\/revisions"}],"wp:attachment":[{"href":"https:\/\/www.e-anjelik.sk\/index.php\/wp-json\/wp\/v2\/media?parent=3799"}],"wp:term":[{"taxonomy":"category","embeddable":true,"href":"https:\/\/www.e-anjelik.sk\/index.php\/wp-json\/wp\/v2\/categories?post=3799"},{"taxonomy":"post_tag","embeddable":true,"href":"https:\/\/www.e-anjelik.sk\/index.php\/wp-json\/wp\/v2\/tags?post=3799"}],"curies":[{"name":"wp","href":"https:\/\/api.w.org\/{rel}","templated":true}]}}