{"id":38017,"date":"2025-06-12T13:05:17","date_gmt":"2025-06-12T11:05:17","guid":{"rendered":"https:\/\/www.e-anjelik.sk\/?p=38017"},"modified":"2025-06-12T21:15:24","modified_gmt":"2025-06-12T19:15:24","slug":"pentecoste","status":"publish","type":"post","link":"https:\/\/www.e-anjelik.sk\/index.php\/2025\/06\/12\/pentecoste\/","title":{"rendered":"Pentecoste"},"content":{"rendered":"\n<p><em>&nbsp;&nbsp; &nbsp; &nbsp; &nbsp; &nbsp; &nbsp; &nbsp; &nbsp; &nbsp; &nbsp; &nbsp; &nbsp; &nbsp; &nbsp; &nbsp; &nbsp; <\/em><strong>&nbsp; Pentecoste<\/strong><\/p>\n\n\n\n<p><em>My v\u0161etci v mysli jednej<\/em><\/p>\n\n\n\n<p><em>\u0164a \u010dak\u00e1me, \u00f3, Duchu Bo\u017e\u00ed,<\/em><\/p>\n\n\n\n<p><em>n\u00e1m Tvoja moc d\u00e1 sily,<\/em><\/p>\n\n\n\n<p><em>&nbsp;a pravdy poklad do s\u0155dc vlo\u017e\u00ed.<\/em><\/p>\n\n\n\n<p><em>Ach, zjav sa na n\u00e1s biednych<\/em><\/p>\n\n\n\n<p><em>a osvie\u0165 mysle, dodaj chuti &#8211;&nbsp;<\/em><\/p>\n\n\n\n<p><em>\u017ei\u0165 za kr\u00e1\u013eovstvo Tvoje,<\/em><\/p>\n\n\n\n<p><em>tak \u00eds\u0165 za Kristom&nbsp;<\/em><\/p>\n\n\n\n<p><em>v zemskej p\u00fati!&nbsp; Amen&nbsp; (M.R.)<\/em><\/p>\n\n\n\n<p><strong>&nbsp; &nbsp; &nbsp; &nbsp; &nbsp; &nbsp; &nbsp; &nbsp; &nbsp; &nbsp; &nbsp; &nbsp; &nbsp; <\/strong>(Gener\u00e1lny \u00favod ku k\u00e1zni:)<\/p>\n\n\n\n<p>Sl\u00e1vnostn\u00e9 kres\u0165ansk\u00e9 zhroma\u017edenie, bratia a sestry v P\u00e1novi!<\/p>\n\n\n\n<p>\u00a0\u00a0 Kres\u0165ansk\u00e1 cirkev na celom svete sl\u00e1vi dnes sv\u00e4todu\u0161n\u00e9 sviatky. Svet ide okolo nich nev\u0161\u00edmavo, pln\u00fd svojich starost\u00ed a probl\u00e9mov. Ale veriaci \u013eudia si v tichosti a s v\u010fakou pripom\u00ednaj\u00fa zoslanie Ducha Sv\u00e4t\u00e9ho apo\u0161tolom. Pripom\u00edname si, ako do temn\u00f4t, tie\u0148ov,\u00a0skleslosti a bezradnosti u\u010den\u00edkov za\u017eiaril mohutn\u00fd pr\u00fad svetla a sily. Ako sa splnil s\u013eub P\u00e1na Je\u017ei\u0161a Krista. N\u00e1sledne u\u010den\u00edci prestali by\u0165 hl\u00fa\u010dikom ustra\u0161en\u00fdch, skr\u00fdvaj\u00facich sa \u013eud\u00ed a stali sa cirkvou vidite\u013enou, \u017eivou, bratstvom neboj\u00e1cnej viery a z\u00e1stupom odu\u0161evnen\u00fdch svedkov\u00a0 vzkriesen\u00e9ho Je\u017ei\u0161a Krista.<\/p>\n\n\n\n<p>\u00a0\u00a0 Cirkev sa v\u0161ak po\u010das sv\u00e4todu\u0161n\u00fdch sviatkov nepozer\u00e1 iba do minulosti, ale vyzn\u00e1va svoju vieru a istotu, \u017ee P\u00e1n Boh s\u00e1m skrze Ducha Sv\u00e4t\u00e9ho p\u00f4sob\u00ed dobr\u00e9 zmeny v srdciach \u013eud\u00ed. Ver\u00edme, \u017ee i dnes posv\u00e4cuje cirkev, vedie kazate\u013eov a svedkov a svojou mocou nap\u013a\u0148a v\u0161etk\u00fdch veriacich. Cirkev sa obnovuje d\u00f4verou v uistenie, \u017ee jej plat\u00ed zas\u013e\u00fabenie P\u00e1novo:<em> <em>\u201e<\/em>Pr\u00edjmite Ducha Sv\u00e4t\u00e9ho\u2026<\/em>\u201c\u00a0a \u017ee Jeho pr\u00edtomnos\u0165 je st\u00e1le mocou, ktor\u00e1 in\u0161piruje a p\u00f4sob\u00ed a\u00a0formuje n\u00e1\u0161 \u017eivot.\u00a0<\/p>\n\n\n\n<p>\u00a0\u00a0 Iste\u017ee, pr\u00e1vom sa m\u00f4\u017ee objavi\u0165 v na\u0161om vedom\u00ed ot\u00e1zka: M\u00f4\u017eeme i dnes vidie\u0165 a sledova\u0165 mocn\u00e9 p\u00f4sobenie a vanutie Ducha Sv\u00e4t\u00e9ho a \u017eivot z moci a sily Ducha? Ak Ho nevid\u00edme vo svete, m\u00f4\u017eeme Jeho p\u00f4sobenie vidie\u0165 aspo\u0148 v cirkvi? Kedy \u017eijeme Duchom Sv\u00e4t\u00fdm pod\u013ea s\u013eubu P\u00e1na Je\u017ei\u0161a?<\/p>\n\n\n\n<p>&nbsp;&nbsp; Odpove\u010f vi\u010fme v slove Bo\u017eom, pozoruj\u00fac, ako sa p\u00f4sobenie Ducha Sv\u00e4t\u00e9ho prejavovalo v prvotnej cirkvi, ale aj v jej dejin\u00e1ch a cez cirkev i v \u0161ir\u0161\u00edch spolo\u010denstv\u00e1ch \u013eud\u00ed a\u017e dodnes. Sk\u00f4r, ako tak urob\u00edme, vy\u017eiadajme si k tomu pomoci v modlitbe P\u00e1novej.<\/p>\n\n\n\n<p><strong><em>O t \u010d e n \u00e1 \u0161:\u2026<\/em><\/strong><\/p>\n\n\n\n<p><strong>Sk 2, 1 &#8211; 12:<\/strong><\/p>\n\n\n\n<p><strong>\u00a0\u00a0<\/strong> \u00a0 <em>\u201eKe\u010f pri\u0161iel de\u0148 Letn\u00edc, boli v\u0161etci spolu na jednom mieste. (2) Tu zrazu povstal zvuk z neba, ako ke\u010f sa prudk\u00fd vietor val\u00ed, a naplnil cel\u00fd dom, v ktorom sedeli. (3) I uk\u00e1zali sa im rozdelen\u00e9 jazyky akoby z oh\u0148a, usadili sa na ka\u017ed\u00e9ho z nich (4) a Duch Sv\u00e4t\u00fd naplnil v\u0161etk\u00fdch, tak\u017ee za\u010dali hovori\u0165 in\u00fdmi jazykmi, ako im Duch d\u00e1val hovori\u0165. (5) A boli vtedy v Jeruzaleme \u017eidia, zbo\u017en\u00ed mu\u017eovia zo v\u0161etk\u00fdch n\u00e1rodov pod nebom. (6) A ke\u010f povstal ten zvuk, zbehlo sa mnoho \u013eud\u00ed a \u017easli, \u017ee po\u010duli apo\u0161tolov hovori\u0165 ka\u017ed\u00fd vo svojej re\u010di. (7) I u\u017easli v\u0161etci a divili sa, hovoriac medzi sebou: \u010ci,\u00a0 h\u013ea, v\u0161etci t\u00edto, ktor\u00ed hovoria, nie s\u00fa Galilejci? (8) Ako ich teda po\u010dujeme hovori\u0165 ka\u017ed\u00fd vo svojej re\u010di, v ktorej sme sa narodili. (9) Partovia, M\u00e9dovia, Elamiti, a obyvatelia Mezopot\u00e1mie, Judska, Kappadokie, Pontu, \u00c1zie, (10) Fr\u00edgie, Pamfylie,\u00a0 Egypta a krajiny L\u00fdbie pri Kyr\u00e9ne, prechodne b\u00fdvaj\u00faci Rimania, (11) \u017didia a prozelyti, Kr\u00e9\u0165ania a Arabi, &#8211; v\u0161etci ich po\u010dujeme vo svojich re\u010diach hovori\u0165 velik\u00e9 veci Bo\u017eie? \u010co to m\u00e1 znamena\u0165 ?\u201c. Amen<\/em><\/p>\n\n\n\n<p>&nbsp; &nbsp; &nbsp; &nbsp; &nbsp; &nbsp; &nbsp; &nbsp; &nbsp; Bratia a sestry v Kristu Je\u017ei\u0161i!<\/p>\n\n\n\n<p>\u00a0\u00a0 Mnoh\u00e9 kostoly v na\u0161ej cirkvi s\u00fa v tento de\u0148 ozdoben\u00e9 svie\u017eimi lipov\u00fdmi ratoles\u0165ami. Podobne je to aj vo va\u0161ich dom\u00e1cnostiach,\u00a0ktor\u00e9 odd\u00e1vna pred sl\u00e1vnos\u0165ou Ducha Sv\u00e4t\u00e9ho ozdobujete lipov\u00fdmi hal\u00fazkami. Pre\u010do to rob\u00edme? Je to pozostatok starej trad\u00edcie, ktor\u00e1 znamenala, \u017ee tak d\u00e1vame najavo t\u00fa\u017ebu, \u017ee \u201eholubica Ducha Sv\u00e4t\u00e9ho\u201c m\u00e1 pripraven\u00e9 miesto na ktorom m\u00f4\u017ee zosta\u0165 a zotrva\u0165, \u017ee je v na\u0161ich domoch a v chr\u00e1me v\u00edtan\u00e1 a m\u00f4\u017ee tu zotrva\u0165. Holubica ako symbol Ducha Sv\u00e4t\u00e9ho sa spom\u00edna u\u017e v evanjeliu a je to tak dodnes. O\u010dak\u00e1vanie pr\u00edchodu Ducha Sv\u00e4t\u00e9ho znamen\u00e1, \u017ee \u010dak\u00e1me na Jeho dary, ako ich spom\u00edna u\u017e apo\u0161tol Pavel v liste Galatsk\u00fdm kres\u0165anom. (5,22) Je nepochybn\u00e9, \u017ee tieto dary, medzi ktor\u00e9 patr\u00ed: l\u00e1ska, rados\u0165, pokoj, zhovievavos\u0165, ne\u017enos\u0165 dobrotivos\u0165, vernos\u0165, krotkos\u0165 zdr\u017eanlivos\u0165 potrebujeme aj my a v\u0161etci radi uzn\u00e1vame, \u017ee s\u00fa potrebn\u00e9\u00a0 a d\u00f4le\u017eit\u00e9 pre n\u00e1\u0161 \u017eivot. Preto k tomu vonkaj\u0161iemu symbolu o\u010dak\u00e1vania prid\u00e1vame aj mnoh\u00e9 prosby, modlitby a piesne, ktor\u00e9 s\u00fa pln\u00e9 t\u00fa\u017eobn\u00e9ho o\u010dak\u00e1vania Ducha Sv\u00e4t\u00e9ho a Jeho darov.<\/p>\n\n\n\n<p>&nbsp;&nbsp; Bratia a sestry v P\u00e1novi!<\/p>\n\n\n\n<p><em>\u00a0Stalo sa v ktor\u00fdsi ve\u010der pri telev\u00edznom prenose z majstrovstiev sveta v hokeji. Na za\u010diatku poslednej tretiny nad\u0161en\u00fd report\u00e9r zvolal: <em>\u201e<\/em>Do n\u00e1\u0161ho mu\u017estva vst\u00fapil nov\u00fd duch!\u201c &#8211; \u010co sa stalo? Hr\u00e1\u010di, ktor\u00ed sa v predch\u00e1dzaj\u00facej hre pohybovali ako zviazan\u00ed, naraz o\u017eili. Puk i\u0161iel ako blesk z hokejky na hokejku, padali g\u00f3ly, hr\u00e1\u010di sa obj\u00edmali. Report\u00e9r opakoval: <em>\u201e<\/em>Nov\u00fd duch vst\u00fapil do n\u00e1\u0161ho mu\u017estva\u201c. Zrejme tr\u00e9ner prehovoril cez prest\u00e1vku pred poslednou tretinou hr\u00e1\u010dom \u201edo du\u0161e\u201c a oni si \u201edali poveda\u0165\u201c\u2026<\/em><\/p>\n\n\n\n<p><em>&nbsp;<\/em>&nbsp; My si po\u010das t\u00fdchto sviatkov tie\u017e chceme necha\u0165 nanovo poveda\u0165 \u201edo du\u0161e\u201c, ke\u010f sa modl\u00edme o pr\u00edchod Ducha Sv\u00e4t\u00e9ho. A \u010do On p\u00f4sob\u00ed? Je to nie\u010do podobn\u00e9 ako pri t\u00fdch na\u0161ich hr\u00e1\u010doch. Hr\u00e1\u010di dostali akoby \u201eo\u010di\u201c videli sa navz\u00e1jom, nahr\u00e1vali si a pom\u00e1hali si.<\/p>\n\n\n\n<p>Aj v n\u00e1s p\u00f4sob\u00ed Duch Sv\u00e4t\u00fd nie\u010do podobn\u00e9.&nbsp;<\/p>\n\n\n\n<p>\u00a0\u00a0 Tam, kde si \u013eudia nerozumej\u00fa, kde \u201esa nevidia\u201c rodi\u010dia s de\u0165mi a naopak, kde si nerozumej\u00fa man\u017eelia medzi sebou, spolupracovn\u00edci v cirkvi &#8211; tam sa p\u00f4soben\u00edm Ducha Sv\u00e4t\u00e9ho \u013eudia \u201evidia\u201c,\u00a0spolupracuj\u00fa a pom\u00e1haj\u00fa si navz\u00e1jom.\u00a0<\/p>\n\n\n\n<p>&nbsp; &nbsp; Toto porozumenie a videnie jeden druh\u00e9ho by sme si priali aj medzi n\u00e1rodmi a \u0161t\u00e1tmi. Ver\u00edme, \u017ee Duch Sv\u00e4t\u00fd je tou silou a mocou, ktor\u00e1 tak\u00fdto div a z\u00e1zrak m\u00f4\u017ee sp\u00f4sobi\u0165.&nbsp;<\/p>\n\n\n\n<p>&nbsp;&nbsp; Duch Sv\u00e4t\u00fd p\u00f4sob\u00ed podobne vo v\u0161etk\u00fdch vz\u0165ahoch, ktor\u00e9 s\u00fa pre n\u00e1s d\u00f4le\u017eit\u00e9. Prekon\u00e1va odcudzenie medzi \u013eu\u010fmi a vytv\u00e1ra nov\u00e9 spolo\u010denstvo spolupr\u00e1ce, kooper\u00e1cie, tolerancie a koexistencie.&nbsp;<\/p>\n\n\n\n<p>V na\u0161ich vz\u0165ahoch, napriek rozli\u010dn\u00fdm n\u00e1zorom m\u00f4\u017ee prinies\u0165 \u00fasmev tam, kde s\u00fa \u013eudia namrzen\u00ed, dobr\u00fa v\u00f4\u013eu tam, kde s\u00fa \u013eahostajn\u00ed a nevra\u017eiv\u00ed. Takto by sme iste mohli pokra\u010dova\u0165 \u010falej a vypo\u010d\u00edtava\u0165 podobn\u00e9 zmeny, ale to iste nie je potrebn\u00e9, lebo v\u0161etci vieme, o \u010do tu ide. Pr\u00e1ve tieto zmeny sa diali pri zoslan\u00ed Ducha Sv\u00e4t\u00e9ho medzi u\u010den\u00edkmi, ale aj medzi ostatn\u00fdmi \u013eu\u010fmi z r\u00f4znych n\u00e1rodov okolo nich. Z r\u00f4znych \u013eud\u00ed sa za\u010dalo tvori\u0165 spolo\u010denstvo, ktor\u00e9 nieslo znaky porozumenia a bratstva.<\/p>\n\n\n\n<p>&nbsp; Bratia a sestry v P\u00e1novi!<\/p>\n\n\n\n<p>&nbsp; Spolo\u010dne si m\u00e1me uvedomi\u0165 jedno: Zoslanie Ducha Sv\u00e4t\u00e9ho nie je len sviato\u010dn\u00e1 a jednorazov\u00e1 udalos\u0165 v dejin\u00e1ch cirkvi, i keby sme tak usudzovali pod\u013ea toho, \u010do sme pod\u013ea slov P\u00edsma po\u010duli z pre\u010d\u00edtan\u00fdch slov P\u00edsma o prv\u00fdch Letniciach. Zoslanie Ducha Sv\u00e4t\u00e9ho nebol jednorazov\u00fd \u010din Bo\u017e\u00ed s \u00fakazmi, ktor\u00e9 sa v P\u00edsme spom\u00ednaj\u00fa. Duch Sv\u00e4t\u00fd k n\u00e1m prich\u00e1dza denne a je tu st\u00e1le, tak ako svetlo, aby o\u017eiaril l\u00e1skou na\u0161e zm\u00fd\u0161\u013eanie, aby dal nov\u00fa iskru n\u00e1\u0161mu konaniu, aby z hrie\u0161nikov stvoril \u013eud\u00ed k Bo\u017eiemu obrazu. Je tu ako vzduch, ktor\u00fd d\u00fdchame a ktor\u00fd potrebujeme, aby sme \u017eili&nbsp; pokojn\u00fdm \u017eivotom. On prich\u00e1dza v slove Bo\u017eom, zvestovanom, ale i v tom vidite\u013enom, prisluhovanom ako vidite\u013en\u00e9 slovo Kristovo vo sviatosti.<\/p>\n\n\n\n<p>&nbsp; \u010clovek, pravda, m\u00f4\u017ee v\u017edy zavrie\u0165 o\u010di pred svetlom, siahnu\u0165 \u201eokenice du\u0161e\u201c, ale v\u017edy s rizikom, \u017ee bude chodi\u0165 a \u017ei\u0165 v \u0161ere, v tme, \u010di polotme, \u017ee sa bude potk\u00fdna\u0165 a mo\u017eno aj pada\u0165\u2026\u010clovek sa m\u00f4\u017ee pred vanut\u00edm a vnuknut\u00edm Ducha uzavrie\u0165, zapcha\u0165 si u\u0161i a navodi\u0165 sk\u00fasi hluch\u00fa a \u201ebezduch\u00fa\u201c atmosf\u00e9ru.<\/p>\n\n\n\n<p>&nbsp; Preto je \u017eivotne d\u00f4le\u017eit\u00e9, aby sme v\u0161etci mali vycvi\u010den\u00fd cit pre&nbsp; poznanie takejto bezduchej atmosf\u00e9ry a najm\u00e4 spozn\u00e1vali, kedy a ako On veje, ke\u010f\u017ee <em>\u201eDuch veje kam chce\u201c<\/em>.<\/p>\n\n\n\n<p>\u00a0\u00a0 V\u0161imnime si, napr\u00edklad, ako to spoznal a rozoznal ve\u013ek\u00fd nosite\u013e Ducha, pravosl\u00e1vny patriarcha Athenogoras, otvoren\u00fd pre rozhovor cirkv\u00ed rozli\u010dn\u00e9ho vierovyznania (pre ekumenizmus). Povedal: <em><em>\u201e<\/em>Bez Ducha Sv\u00e4t\u00e9ho je n\u00e1m Boh \u010faleko, Kristus zost\u00e1va v minulosti, evanjelium m\u0155tvou knihou, kres\u0165ansk\u00e1 mor\u00e1lka zbierkou predpisov a povinnost\u00ed. Av\u0161ak v Duchu Sv\u00e4tom je cel\u00fd kozmos po\u010diatkom Bo\u017eieho kr\u00e1\u013eovstva, Vzkriesen\u00fd Kristus je v n\u00e1s, evanjelium je \u017eivotom v l\u00e1ske, \u013eudsk\u00e9 konanie odr\u00e1\u017ea a napodob\u0148uje Bo\u017eiu kr\u00e1su a dobrotu\u201c. (Dial\u00f3gy s p. Athenagorasom, vyd. Claude Olivier, Par\u00ed\u017e 69)<\/em><\/p>\n\n\n\n<p><em>&nbsp;<\/em>&nbsp; Preto si aj my \u010dasto pripom\u00ednajme, nielen dnes, \u017ee Duch Sv\u00e4t\u00fd je tu pre n\u00e1s, pre m\u0148a. Je tu st\u00e1le, ka\u017edodenne p\u00f4sobiaci a konaj\u00faci. M\u00e1 podobu nov\u00fdch impulzov, m\u00e1 podobu zhliadnutia nov\u00fdch rie\u0161en\u00ed, podobu novej odvahy \u00eds\u0165 dopredu, odvahu \u017ei\u0165 v pravde a koexistencii. Preto prosme ka\u017edodenne o Jeho pr\u00edtomnos\u0165 a dary.<\/p>\n\n\n\n<p>Je to mo\u017en\u00e9 i napriek na\u0161ej krehkosti, \u00e1no i hrie\u0161nosti. Preto\u017ee P\u00e1n Je\u017ei\u0161 n\u00e1s k slobode oslobodil. Zomrel za n\u00e1s, aby n\u00e1s o\u010distil a ospravedlnil, aby n\u00e1s obmyl od na\u0161ich hriechov a urobil n\u00e1s nov\u00fdmi \u013eu\u010fmi, aby aj v na\u0161ich srdciach a du\u0161iach mohol preb\u00fdva\u0165 Duch Bo\u017e\u00ed, Duch Jeho l\u00e1sky a nov\u00e9ho \u017eivota. Hoci by n\u00e1s \u201eten star\u00fd nepriate\u013e chcel zni\u010di\u0165\u201c, moc Ducha Sv\u00e4t\u00e9ho je n\u00e1m dan\u00e1 a denne pon\u00fakan\u00e1, aby platilo a dok\u00e1zalo sa, \u017ee \u201eslov\u00ed\u010dko ho poraz\u00ed\u201c. Amen<\/p>\n\n\n\n<ol class=\"wp-block-list\">\n<li>sl\u00e1vnos\u0165 sv\u00e4todu\u0161n\u00e1\u00a0 &#8211;\u00a0 MyS &#8211;\u00a0\u013dubom\u00edr Batka st.<\/li>\n<\/ol>\n\n\n\n<p><\/p>\n","protected":false},"excerpt":{"rendered":"<p>&nbsp;&nbsp; &nbsp; &nbsp; &nbsp; &nbsp; &nbsp; &nbsp; &nbsp; &nbsp; &nbsp; &nbsp; &nbsp; &nbsp; &nbsp; &nbsp; &nbsp; &nbsp; Pentecoste My v\u0161etci v mysli jednej \u0164a \u010dak\u00e1me, \u00f3, Duchu Bo\u017e\u00ed, n\u00e1m Tvoja moc d\u00e1 sily, &nbsp;a pravdy poklad do s\u0155dc vlo\u017e\u00ed. Ach, zjav sa na n\u00e1s biednych a osvie\u0165 mysle, dodaj chuti &#8211;&nbsp; \u017ei\u0165 za kr\u00e1\u013eovstvo Tvoje, &#8230; <a title=\"Pentecoste\" class=\"read-more\" href=\"https:\/\/www.e-anjelik.sk\/index.php\/2025\/06\/12\/pentecoste\/\" aria-label=\"Pre\u010d\u00edtajte si viac o Pentecoste\">\u010c\u00edta\u0165 viac<\/a><\/p>\n","protected":false},"author":4,"featured_media":0,"comment_status":"open","ping_status":"open","sticky":false,"template":"","format":"standard","meta":{"footnotes":""},"categories":[604,121,6,108],"tags":[],"class_list":["post-38017","post","type-post","status-publish","format-standard","hentry","category-1-slavnost-svatodusna","category-kazne","category-myjavsky-seniorat","category-svatodusne-sviatky"],"_links":{"self":[{"href":"https:\/\/www.e-anjelik.sk\/index.php\/wp-json\/wp\/v2\/posts\/38017","targetHints":{"allow":["GET"]}}],"collection":[{"href":"https:\/\/www.e-anjelik.sk\/index.php\/wp-json\/wp\/v2\/posts"}],"about":[{"href":"https:\/\/www.e-anjelik.sk\/index.php\/wp-json\/wp\/v2\/types\/post"}],"author":[{"embeddable":true,"href":"https:\/\/www.e-anjelik.sk\/index.php\/wp-json\/wp\/v2\/users\/4"}],"replies":[{"embeddable":true,"href":"https:\/\/www.e-anjelik.sk\/index.php\/wp-json\/wp\/v2\/comments?post=38017"}],"version-history":[{"count":3,"href":"https:\/\/www.e-anjelik.sk\/index.php\/wp-json\/wp\/v2\/posts\/38017\/revisions"}],"predecessor-version":[{"id":38020,"href":"https:\/\/www.e-anjelik.sk\/index.php\/wp-json\/wp\/v2\/posts\/38017\/revisions\/38020"}],"wp:attachment":[{"href":"https:\/\/www.e-anjelik.sk\/index.php\/wp-json\/wp\/v2\/media?parent=38017"}],"wp:term":[{"taxonomy":"category","embeddable":true,"href":"https:\/\/www.e-anjelik.sk\/index.php\/wp-json\/wp\/v2\/categories?post=38017"},{"taxonomy":"post_tag","embeddable":true,"href":"https:\/\/www.e-anjelik.sk\/index.php\/wp-json\/wp\/v2\/tags?post=38017"}],"curies":[{"name":"wp","href":"https:\/\/api.w.org\/{rel}","templated":true}]}}