{"id":3804,"date":"2011-10-07T09:01:36","date_gmt":"2011-10-07T09:01:36","guid":{"rendered":"http:\/\/e-anjelik.sk\/?p=3804"},"modified":"2011-10-07T09:01:36","modified_gmt":"2011-10-07T09:01:36","slug":"protestantske-cirkvi-europy-a-vatikan-budu-rokovat-o-uceni-cirkvi","status":"publish","type":"post","link":"https:\/\/www.e-anjelik.sk\/index.php\/2011\/10\/07\/protestantske-cirkvi-europy-a-vatikan-budu-rokovat-o-uceni-cirkvi\/","title":{"rendered":"Protestantsk\u00e9 cirkvi Eur\u00f3py a Vatik\u00e1n bud\u00fa rokova\u0165 o u\u010den\u00ed cirkv\u00ed"},"content":{"rendered":"<p>27. septembra t.r. sa v R&iacute;me konali rozhovory medzi predsedn&iacute;ctvom Spolo\u010denstva evanjelick&yacute;ch cirkv&iacute; Eur&oacute;py (GEKE) a predsedom P&aacute;pe\u017eskej Rady pre napom&aacute;hanie jednoty kres\u0165anov Kurtom kardin&aacute;lom Kochom o mo\u017enosti vies\u0165 pravideln&eacute; konzult&aacute;cie medzi GEKE a RKC o vierou\u010dn&yacute;ch ot&aacute;zkach -ekleziol&oacute;gii. Cie\u013eom je zv&aacute;\u017ei\u0165 mo\u017enos\u0165 jednoty Kristovej cirkvi v jej r&ocirc;znosti. Rozhovory boli &uacute;spe&scaron;n&eacute;. Prv&aacute; tak&aacute;to konzult&aacute;cia by sa&nbsp;mohla&nbsp; uskuto\u010dn\u0165 u\u017e po VZ GEKE, ktor&eacute; bude v septembri 2012 vo Florencii. GEKE u\u017e m&aacute; dobr&eacute; sk&uacute;senosti&nbsp;vo veden&iacute; vierou\u010dn&yacute;ch rozhovorov s pravosl&aacute;vnymi, anglik&aacute;nmi a baptistami.<\/p>\n<p>(<a href=\"http:\/\/www.evang.at\">www.evang.at<\/a>)&nbsp;&nbsp;<\/p>\n","protected":false},"excerpt":{"rendered":"<p>27. septembra t.r. sa v R&iacute;me konali rozhovory medzi predsedn&iacute;ctvom Spolo\u010denstva evanjelick&yacute;ch cirkv&iacute; Eur&oacute;py (GEKE) a predsedom P&aacute;pe\u017eskej Rady pre napom&aacute;hanie jednoty kres\u0165anov Kurtom kardin&aacute;lom Kochom o mo\u017enosti vies\u0165 pravideln&eacute; konzult&aacute;cie medzi GEKE a RKC o vierou\u010dn&yacute;ch ot&aacute;zkach -ekleziol&oacute;gii. Cie\u013eom je zv&aacute;\u017ei\u0165 mo\u017enos\u0165 jednoty Kristovej cirkvi v jej r&ocirc;znosti. Rozhovory boli &uacute;spe&scaron;n&eacute;. Prv&aacute; tak&aacute;to konzult&aacute;cia &#8230; <a title=\"Protestantsk\u00e9 cirkvi Eur\u00f3py a Vatik\u00e1n bud\u00fa rokova\u0165 o u\u010den\u00ed cirkv\u00ed\" class=\"read-more\" href=\"https:\/\/www.e-anjelik.sk\/index.php\/2011\/10\/07\/protestantske-cirkvi-europy-a-vatikan-budu-rokovat-o-uceni-cirkvi\/\" aria-label=\"Pre\u010d\u00edtajte si viac o Protestantsk\u00e9 cirkvi Eur\u00f3py a Vatik\u00e1n bud\u00fa rokova\u0165 o u\u010den\u00ed cirkv\u00ed\">\u010c\u00edta\u0165 viac<\/a><\/p>\n","protected":false},"author":22,"featured_media":0,"comment_status":"open","ping_status":"open","sticky":false,"template":"","format":"standard","meta":{"footnotes":""},"categories":[2],"tags":[],"class_list":["post-3804","post","type-post","status-publish","format-standard","hentry","category-ekumena"],"_links":{"self":[{"href":"https:\/\/www.e-anjelik.sk\/index.php\/wp-json\/wp\/v2\/posts\/3804","targetHints":{"allow":["GET"]}}],"collection":[{"href":"https:\/\/www.e-anjelik.sk\/index.php\/wp-json\/wp\/v2\/posts"}],"about":[{"href":"https:\/\/www.e-anjelik.sk\/index.php\/wp-json\/wp\/v2\/types\/post"}],"author":[{"embeddable":true,"href":"https:\/\/www.e-anjelik.sk\/index.php\/wp-json\/wp\/v2\/users\/22"}],"replies":[{"embeddable":true,"href":"https:\/\/www.e-anjelik.sk\/index.php\/wp-json\/wp\/v2\/comments?post=3804"}],"version-history":[{"count":0,"href":"https:\/\/www.e-anjelik.sk\/index.php\/wp-json\/wp\/v2\/posts\/3804\/revisions"}],"wp:attachment":[{"href":"https:\/\/www.e-anjelik.sk\/index.php\/wp-json\/wp\/v2\/media?parent=3804"}],"wp:term":[{"taxonomy":"category","embeddable":true,"href":"https:\/\/www.e-anjelik.sk\/index.php\/wp-json\/wp\/v2\/categories?post=3804"},{"taxonomy":"post_tag","embeddable":true,"href":"https:\/\/www.e-anjelik.sk\/index.php\/wp-json\/wp\/v2\/tags?post=3804"}],"curies":[{"name":"wp","href":"https:\/\/api.w.org\/{rel}","templated":true}]}}