{"id":38044,"date":"2025-06-25T17:45:38","date_gmt":"2025-06-25T15:45:38","guid":{"rendered":"https:\/\/www.e-anjelik.sk\/?p=38044"},"modified":"2025-06-26T14:10:49","modified_gmt":"2025-06-26T12:10:49","slug":"ked-dostaneme-vysvedcenie","status":"publish","type":"post","link":"https:\/\/www.e-anjelik.sk\/index.php\/2025\/06\/25\/ked-dostaneme-vysvedcenie\/","title":{"rendered":"Ke\u010f dostaneme vysved\u010denie"},"content":{"rendered":"\n<p><strong>&nbsp;&nbsp; &nbsp; &nbsp; &nbsp; &nbsp; &nbsp; &nbsp; &nbsp; &nbsp; &nbsp; &nbsp; &nbsp; &nbsp; Ke\u010f dostaneme vysved\u010denie<\/strong><\/p>\n\n\n\n<p><strong>5 M 32, 48 &#8211; 52:<\/strong><\/p>\n\n\n\n<p><strong>&nbsp;<\/strong><em>&nbsp; \u201eV ten ist\u00fd de\u0148 riekol Hospodin Moj\u017ei\u0161ovi: (49) Vyst\u00fap na vrch N\u00e9b\u00f3 v pohor\u00ed Ab\u00e1r\u00edm v Mo\u00e1bskej krajine naproti Jerichu a pohliadni na Kana\u00e1nsku krajinu, ktor\u00fa d\u00e1vam Izraelcom do vlastn\u00edctva. (50) Na vrchu, na ktor\u00fd vyst\u00fapi\u0161, zomrie\u0161 a bude\u0161 pripojen\u00fd k svojmu \u013eudu, ako zomrel tvoj brat \u00c1ron na vrchu H\u00f3r a pripojen\u00fd bol k svojmu \u013eudu, (51) preto\u017ee ste mi boli nevern\u00ed uprostred Izraelcov pri vod\u00e1ch Mer\u00edby pri K\u00e1de\u0161i, na p\u00fa\u0161ti Cin, preto ste ma neuctili ako Sv\u00e4t\u00e9ho uprostred Izraelcov. (52) Krajinu pred sebou zhliadne\u0161, do krajiny v\u0161ak, ktor\u00fa d\u00e1vam Izraelcom nevojde\u0161\u201c. Amen<\/em><\/p>\n\n\n\n<p><em>&nbsp;&nbsp; <\/em>Bratia sestry v P\u00e1novi Je\u017ei\u0161ovi Kristovi, mil\u00e9 deti!<\/p>\n\n\n\n<p>&nbsp;&nbsp; O p\u00e1r dn\u00ed skon\u010d\u00ed \u0161kolsk\u00fd rok. \u017diaci a \u0161tudenti u\u017e maj\u00fa zn\u00e1mky uzavret\u00e9 a o v\u00fdsledkoch ich pr\u00e1ce je u\u017e rozhodnut\u00e9. Rodi\u010dia ich bud\u00fa m\u00f4c\u0165 vidie\u0165 a pozna\u0165 po rozdan\u00ed vysved\u010den\u00ed. Ako to u\u017e b\u00fdva, jedni bud\u00fa spokojn\u00ed, niektor\u00ed menej a niektor\u00ed v\u00f4bec. \u017diakov za vysved\u010denie a v\u00fdsledky ich pr\u00e1ce \u010dak\u00e1 zrejme odmena, ale niektor\u00fdch mo\u017eno trest.&nbsp;<\/p>\n\n\n\n<p>&nbsp; &nbsp; Tieto rodi\u010dovsk\u00e9 tresty vedia by\u0165 niekedy neuverite\u013ene pr\u00edsne a tvrd\u00e9, ke\u010f s\u00fa rodi\u010dia sklaman\u00ed. Nemysl\u00edm teraz na telesn\u00e9 tresty &#8211; klasick\u00fa \u201elieskov\u00fa mas\u0165\u201c, alebo otcov reme\u0148. Ove\u013ea hor\u0161\u00edm trestom m\u00f4\u017ee by\u0165 to, ke\u010f rodi\u010dia die\u0165a\u0165u zak\u00e1\u017eu v\u00fdlety s kamar\u00e1tmi, alebo rekre\u00e1ciu a povedia: \u201eTak a teraz sa bude\u0161 cel\u00e9 pr\u00e1zdniny u\u010di\u0165 a nikde nep\u00f4jde\u0161! Mus\u00ed\u0161 dobehn\u00fa\u0165 zame\u0161kan\u00e9!\u201c Je to zl\u00e9 a smutn\u00e9 rozhodnutie\u2026<\/p>\n\n\n\n<p>&nbsp;&nbsp; Chcem pripomen\u00fa\u0165 jednu my\u0161lienku, ktor\u00fa vyslovil ist\u00fd psychol\u00f3g v s\u00favise s vysved\u010den\u00edm \u017eiaka: \u201eRodi\u010dia si \u010dasto neuvedomuj\u00fa, \u017ee v\u00fdsledn\u00e9 zn\u00e1mky s\u00fa obrazom pr\u00e1ce nielen \u017eiaka samotn\u00e9ho, ale ukazuj\u00fa na pr\u00e1cu a vz\u0165ahy aj rodi\u010dov. Je to aj ich hodnotenie\u201c.<\/p>\n\n\n\n<p>&nbsp; &nbsp; Rodi\u010dia to \u010dasto c\u00edtia a niektor\u00ed sa preto vyhov\u00e1raj\u00fa na u\u010dite\u013eov. Hovoria o tom, \u017ee u\u010ditelia ubli\u017euj\u00fa jeho die\u0165a\u0165u, \u017ee \u201esedia\u201c na \u0148om a podobne. Je toti\u017e jednoduch\u0161ie zvali\u0165 zodpovednos\u0165 na in\u00fdch, ako ju nies\u0165 na svojich pleciach a prizna\u0165 si svoj diel viny.<\/p>\n\n\n\n<p>&nbsp;&nbsp; Mil\u00ed priatelia,<\/p>\n\n\n\n<p>&nbsp; &nbsp; prejden\u00fa cestu \u0161kolsk\u00e9ho roku a pribl\u00ed\u017eenie pr\u00e1zdnin by sme mohli pripodobni\u0165 putovaniu Izraelcov po p\u00fa\u0161ti a pribl\u00ed\u017eeniu sa k hraniciam zas\u013e\u00fabenej zeme. T\u00e1 historick\u00e1 cesta Izraelcov bola ve\u013emi dlh\u00e1. Trvala \u0161tyridsa\u0165 rokov a navy\u0161e bola ve\u013emi nam\u00e1hav\u00e1 a \u00famorn\u00e1. Ku hraniciam Kana\u00e1nu sa v\u0161ak napokon pribl\u00ed\u017eili iba potomkovia t\u00fdch, ktor\u00ed vy\u0161li z Egypta. Rodi\u010dia toti\u017e zomreli na p\u00fa\u0161ti. P\u00edsmo sv\u00e4t\u00e9 znova a znova pripom\u00edna d\u00f4vod tohto stavu a situ\u00e1cie, ke\u010f hovor\u00ed: <em>\u201eNevst\u00fapili toti\u017e pre neveru\u201c. <\/em>Nevst\u00fapili do Kana\u00e1nu pre ned\u00f4veru v Hospodina, ktor\u00e1 bola \u010dasto spojen\u00e1 zo vzburou.<\/p>\n\n\n\n<p>&nbsp;&nbsp; P\u00e1n Boh s\u00edce trestal svoj \u013eud, aj ke\u010f nikdy nezru\u0161il svoj s\u013eub privies\u0165 \u013eud do slobody a do vlastnej krajiny. Uk\u00e1zal, \u017ee On svoje s\u013euby v\u017edy pln\u00ed, \u017ee je vern\u00fd vo svojich zas\u013e\u00fabeniach.&nbsp;<\/p>\n\n\n\n<p>&nbsp;&nbsp; Pritom je prekvapuj\u00facim zistenie, \u017ee do Kana\u00e1nskej krajiny nevojde ani vodca Izraela, prorok a Bo\u017e\u00ed mu\u017e Moj\u017ei\u0161, ktor\u00fd sa za svoj neraz prihov\u00e1ral. Zis\u0165uje, \u017ee P\u00e1n Boh nie je \u201eprij\u00edma\u010dom os\u00f4b\u201c&nbsp;a \u017ee nevojde do za\u013e\u00fabenej zeme napriek jeho osobnej n\u00e1mahe. Nebude ma\u0165 \u00fa\u010das\u0165 na plnej radosti a oslave v\u00ed\u0165aznej cesty a na konci \u00faspe\u0161nej cesty zomrie, podobne ako jeho brat a k\u0148az \u00c1ron. Hospodin Moj\u017ei\u0161ovi povedal:<em> <em>\u201e<\/em>Zomrie\u0161 a bude\u0161 pripojen\u00fd k svojmu \u013eudu, ako zomrel tvoj brat \u00c1ron na vrchu H\u00f3r a pripojen\u00fd bol k svojmu \u013eudu, preto\u017ee ste mi bolo nevern\u00ed uprostred Izraelcov pri vod\u00e1ch Meriby\u2026\u201c.<\/em> Preto Moj\u017ei\u0161 dostal pokyn, aby vyst\u00fapil na vrch N\u00e9b\u00f3, kde uzrie zas\u013e\u00faben\u00fa zem a potom zlo\u017e\u00ed svoje kosti.<\/p>\n\n\n\n<p>&nbsp; &nbsp; T\u00fdmto v\u00fdrokom P\u00e1n Boh vystavil vysved\u010denie nielen svojmu \u013eudu, ale aj svojmu slu\u017eobn\u00edkovi Moj\u017ei\u0161ovi. Treba pripusti\u0165, \u017ee nebolo lichotiv\u00e9 a jeho zn\u00e1mka \u201ez chovania\u201c bola \u201ezn\u00ed\u017een\u00e1\u201c.&nbsp;<\/p>\n\n\n\n<p>&nbsp;&nbsp; &nbsp; Ke\u010f sme sa s de\u0165mi na n\u00e1bo\u017eenstve rozpr\u00e1vali o tomto pr\u00edbehu a Moj\u017ei\u0161ovom konci, niektor\u00e9 deti to pova\u017eovali za ve\u013emi nespravodliv\u00e9, \u017ee Moj\u017ei\u0161 musel zn\u00e1\u0161a\u0165 trest za hriechy in\u00fdch a nielen za svoje. Na ich nevere mal svoj podiel. Moj\u017ei\u0161 v\u0161ak t\u00fato zodpovednos\u0165 prijal a c\u00edtil, \u017ee m\u00e1 na zlyhan\u00ed mnoh\u00fdch svoj diel viny. Preto neobvi\u0148oval Hospodina, nepoukazoval na svoje z\u00e1sluhy a na to, \u010do v\u0161etko urobil pre z\u00e1chranu Izraelcov, neprotestoval, ale poslu\u0161ne kr\u00e1\u010dal na vrch N\u00e9b\u00f3, aby bol pripojen\u00fd k svojmu \u013eudu. Vedel, \u017ee cie\u013e, ktor\u00fd Izraelci dosiahli prekonan\u00edm n\u00e1ro\u010dnej cesty je prejavom a darom Bo\u017eej milosti. Preto poslu\u0161ne kr\u00e1\u010dal na temeno hory, tak ako nesk\u00f4r Abrah\u00e1m so synom Iz\u00e1kom na vrch M\u00f3rija. Moj\u017ei\u0161 sa uspokojil iba zo z\u00e1vdavkom tej bud\u00facej radosti svojho \u013eudu, ke\u010f napriek svojim zlyhaniam mohol uvidie\u0165 pred sebou krajinu, ktor\u00fa Hospodin d\u00e1val svojmu \u013eudu.<\/p>\n\n\n\n<p>&nbsp;&nbsp; Bratia&nbsp; a sestry!<\/p>\n\n\n\n<p>&nbsp;&nbsp; Kon\u010d\u00ed sa op\u00e4\u0165 jeden rok n\u00e1\u0161ho spolo\u010dn\u00e9ho putovania. Na\u0161\u00edm kone\u010dn\u00fdm cie\u013eom nie s\u00fa vysved\u010denia, ani pr\u00e1zdniny, ale t\u00fdm kone\u010dn\u00fdm cie\u013eom je vstup do nebeskej ot\u010diny. Sme tu spolo\u010dne akoby na hranici, na ktorej si m\u00e1me pripomen\u00fa\u0165 my rodi\u010dia, \u017ee najm\u00e4 my m\u00e1me pred Hospodinom pln\u00fa zodpovednos\u0165 za na\u0161e deti. Za ich v\u00fdsledky a napokon aj za to, \u010di dosiahneme spolo\u010dne aj ten kone\u010dn\u00fd cie\u013e. P\u00e1n Boh \u017eiada a bude \u017eiada\u0165, aby sme vydali z na\u0161ej pastierskej \u00falohy po\u010det. On vystav\u00ed vysved\u010denie nielen de\u0165om, ale aj n\u00e1m a v kone\u010dnom d\u00f4sledku aj na\u0161ej cirkvi. Uvedomujeme si, \u017ee sa nem\u00f4\u017eeme zbavi\u0165 zodpovednosti za t\u00fdch, ktor\u00fdch sme priniesli ku Krstu sv\u00e4t\u00e9mu a za s\u013euby, ktor\u00e9 sme dali P\u00e1nu Bohu.<\/p>\n\n\n\n<p>&nbsp;&nbsp; Bratia a sestry!&nbsp;<\/p>\n\n\n\n<p>&nbsp; M\u00f4\u017ee sa n\u00e1m teraz zda\u0165, \u017ee ak bude P\u00e1n Boh po\u010d\u00edta\u0165 na\u0161e zlyhania a zme\u0161kania, nikto z n\u00e1s nem\u00f4\u017ee vojs\u0165 do Jeho kr\u00e1\u013eovstva. Vieme, \u017ee On je vysoko n\u00e1ro\u010dn\u00fd, \u017ee On v\u00e1\u017ene berie svoje slovo a svoj z\u00e1kon. Mo\u017eno sa v duchu p\u00fdtame tak, ako sa p\u00fdtali v istej chv\u00edli Je\u017ei\u0161ovi u\u010den\u00edci: <em>\u201eKto teda m\u00f4\u017ee by\u0165 spasen\u00fd\u201c<\/em>?<\/p>\n\n\n\n<p>&nbsp;&nbsp; My v\u0161ak smieme pozna\u0165 a poveda\u0165, \u017ee dar spasenia skuto\u010dne nie je v\u00fdsledkom a d\u00f4sledkom n\u00e1\u0161ho konania a na\u0161ou z\u00e1sluhou. Je v\u0161ak dosiahnute\u013en\u00fd na\u0161ou vierou v Toho, ktor\u00fd je na\u0161\u00edm Vodcom, na\u0161\u00edm Pr\u00edmluvcom a Z\u00e1chrancom. Cie\u013e a to najd\u00f4le\u017eitej\u0161ie vysved\u010denie ktor\u00e9 n\u00e1m bude raz vystaven\u00e9 je d\u00f4sledkom d\u00f4very v Bo\u017eiu milos\u0165 darovan\u00fa n\u00e1m v na\u0161om P\u00e1novi. Je d\u00f4sledkom Jeho pokory, Jeho poslu\u0161nosti a Jeho pokornej cesty na vrch Golgotu. Neniesol tam svoje, ale na\u0161e hriechy, aj na\u0161e zlyhania a d\u00e1va n\u00e1m radostn\u00fd poh\u013ead a v\u00fdh\u013ead do bud\u00facnosti vyk\u00fapen\u00fdch Bo\u017e\u00edch det\u00ed.<\/p>\n\n\n\n<p>&nbsp;&nbsp; Dnes sme vypo\u010duli aj podobenstvo o boh\u00e1\u010dovi a Laz\u00e1rovi. Mohlo by niekoho vies\u0165 k my\u0161lienke, \u017ee boh\u00e1\u010d sa dostal do na miesto m\u00fak preto, \u017ee bol bohat\u00fd a chudobn\u00fd pri\u0161iel do neba preto, \u017ee bol chudobn\u00fd. Ani bohatstvo, ani chudoba sama o sebe nie je ani z\u00e1sluhou, ani trestom. Oboje je sk\u00fa\u0161kou viery. Sk\u00fa\u0161kou, ako dok\u00e1\u017eeme nalo\u017ei\u0165 s t\u00fdm, \u010do n\u00e1m P\u00e1n Boh d\u00e1va. Rozhoduj\u00facou vecou pre sp\u00e1su je v\u0161ak napokon v\u017edy viera. Iba ona m\u00e1 zas\u013e\u00faben\u00fa trval\u00fa odmenu.<\/p>\n\n\n\n<p>&nbsp; Bratia a sestry!<\/p>\n\n\n\n<p>&nbsp;&nbsp; My rodi\u010dia sa iste \u0165a\u017eko ubr\u00e1nime tomu, aby sme odmenu d\u00e1vali za \u201ez\u00e1sluhy\u201c, za dobr\u00e9 zn\u00e1mky a v\u00fdsledky na\u0161ich det\u00ed. V dne\u0161n\u00fa nede\u013eu v\u0161ak nemajme pred sebou iba na\u0161u pr\u00e1cu a odmenu, ale Toho, ktor\u00fd z n\u00e1s urobil Bo\u017eie deti a dedi\u010dov nezasl\u00fa\u017eenej odmeny vo ve\u010dnosti. Toho, ktor\u00fd n\u00e1s chce prija\u0165 do trvalej radosti v sl\u00e1ve svojho Otca. Vysved\u010denie od \u013eud\u00ed napokon nie je t\u00e1 najv\u00e4\u010d\u0161ia pocta a odmena, ktor\u00fa smieme z\u00edska\u0165, ale je \u0148ou rados\u0165 a pokoj v kr\u00e1\u013eovstve Kristovom a Bo\u017eom. Amen<\/p>\n\n\n\n<ol class=\"wp-block-list\">\n<li>nede\u013ea po Sv\u00e4tej Trojici &#8211; Z\u00e1ver \u0161kolsk\u00e9ho roku &#8211; MyS<\/li>\n<\/ol>\n\n\n\n<p>&nbsp; &nbsp; &nbsp; &nbsp; &nbsp; &nbsp; &nbsp; &nbsp; &nbsp; &nbsp; &nbsp; &nbsp; &nbsp; &nbsp; &nbsp; &nbsp; &nbsp; &nbsp; &nbsp; &nbsp; &nbsp; &nbsp; &nbsp; &nbsp; &nbsp; &nbsp; &nbsp; &nbsp; &nbsp; &nbsp; &nbsp; &nbsp; \u013dubom\u00edr Batka st.<\/p>\n","protected":false},"excerpt":{"rendered":"<p>&nbsp;&nbsp; &nbsp; &nbsp; &nbsp; &nbsp; &nbsp; &nbsp; &nbsp; &nbsp; &nbsp; &nbsp; &nbsp; &nbsp; Ke\u010f dostaneme vysved\u010denie 5 M 32, 48 &#8211; 52: &nbsp;&nbsp; \u201eV ten ist\u00fd de\u0148 riekol Hospodin Moj\u017ei\u0161ovi: (49) Vyst\u00fap na vrch N\u00e9b\u00f3 v pohor\u00ed Ab\u00e1r\u00edm v Mo\u00e1bskej krajine naproti Jerichu a pohliadni na Kana\u00e1nsku krajinu, ktor\u00fa d\u00e1vam Izraelcom do vlastn\u00edctva. (50) Na &#8230; <a title=\"Ke\u010f dostaneme vysved\u010denie\" class=\"read-more\" href=\"https:\/\/www.e-anjelik.sk\/index.php\/2025\/06\/25\/ked-dostaneme-vysvedcenie\/\" aria-label=\"Pre\u010d\u00edtajte si viac o Ke\u010f dostaneme vysved\u010denie\">\u010c\u00edta\u0165 viac<\/a><\/p>\n","protected":false},"author":4,"featured_media":0,"comment_status":"open","ping_status":"open","sticky":false,"template":"","format":"standard","meta":{"footnotes":""},"categories":[559,119,6,518],"tags":[],"class_list":["post-38044","post","type-post","status-publish","format-standard","hentry","category-1-nedela-po-sv-trojici","category-obdobie-po-sv-trojici","category-myjavsky-seniorat","category-skoly"],"_links":{"self":[{"href":"https:\/\/www.e-anjelik.sk\/index.php\/wp-json\/wp\/v2\/posts\/38044","targetHints":{"allow":["GET"]}}],"collection":[{"href":"https:\/\/www.e-anjelik.sk\/index.php\/wp-json\/wp\/v2\/posts"}],"about":[{"href":"https:\/\/www.e-anjelik.sk\/index.php\/wp-json\/wp\/v2\/types\/post"}],"author":[{"embeddable":true,"href":"https:\/\/www.e-anjelik.sk\/index.php\/wp-json\/wp\/v2\/users\/4"}],"replies":[{"embeddable":true,"href":"https:\/\/www.e-anjelik.sk\/index.php\/wp-json\/wp\/v2\/comments?post=38044"}],"version-history":[{"count":3,"href":"https:\/\/www.e-anjelik.sk\/index.php\/wp-json\/wp\/v2\/posts\/38044\/revisions"}],"predecessor-version":[{"id":38058,"href":"https:\/\/www.e-anjelik.sk\/index.php\/wp-json\/wp\/v2\/posts\/38044\/revisions\/38058"}],"wp:attachment":[{"href":"https:\/\/www.e-anjelik.sk\/index.php\/wp-json\/wp\/v2\/media?parent=38044"}],"wp:term":[{"taxonomy":"category","embeddable":true,"href":"https:\/\/www.e-anjelik.sk\/index.php\/wp-json\/wp\/v2\/categories?post=38044"},{"taxonomy":"post_tag","embeddable":true,"href":"https:\/\/www.e-anjelik.sk\/index.php\/wp-json\/wp\/v2\/tags?post=38044"}],"curies":[{"name":"wp","href":"https:\/\/api.w.org\/{rel}","templated":true}]}}