{"id":3805,"date":"2011-10-07T09:19:11","date_gmt":"2011-10-07T09:19:11","guid":{"rendered":"http:\/\/e-anjelik.sk\/?p=3805"},"modified":"2011-10-07T09:19:11","modified_gmt":"2011-10-07T09:19:11","slug":"75-rokov-od-vzniku-luteranskej-cirkvi-v-kolumbii","status":"publish","type":"post","link":"https:\/\/www.e-anjelik.sk\/index.php\/2011\/10\/07\/75-rokov-od-vzniku-luteranskej-cirkvi-v-kolumbii\/","title":{"rendered":"75 rokov od vzniku luter\u00e1nskej cirkvi v Kolumbii"},"content":{"rendered":"<p>Prv&eacute; evanjelicko-luter&aacute;nske zbory v Kolumbii vznikli roku 1936 pr&aacute;cou lut. mision&aacute;rov z USA. Roku 1955 boli ako prv&iacute;&nbsp;dom&aacute;ci k\u0148azi ordinovan&iacute; dvaja pastori. Roku 1958 vznikla ako &uacute;stavne zriaden&aacute; Evanjelicko-luter&aacute;nska cirkev v Kolumbii (IELCO). Je \u010dlenkou SLZ a Cirkevnej rady Latinskej Ameriky. IELCO m&aacute; 3 100 \u010dlenov v 14 zboroch a v 11 misijn&yacute;ch lokalit&aacute;ch. Sl&uacute;\u017eia v nich dve pastorky, dev&auml;\u0165 pastorov , dev&auml;\u0165 evanjeliz&aacute;torov a dvaja kapl&aacute;ni. Cirkev je organizovan&aacute; synod&aacute;lne. Predsedn&iacute;ctvo tvoria biskup a predseda, volen&yacute; na p&auml;\u0165 rokov. Rad osl&aacute;v jubilea sa kon&aacute; v okt&oacute;bri. Vyvrcholen&iacute;m bud&uacute; sl&aacute;vnostn&eacute; slu\u017eby Bo\u017eie 23. okt&oacute;bra 2011.<\/p>\n<p>(<a href=\"http:\/\/www.gustav-adolf-werk.de\">www.gustav-adolf-werk.de<\/a>)<\/p>\n","protected":false},"excerpt":{"rendered":"<p>Prv&eacute; evanjelicko-luter&aacute;nske zbory v Kolumbii vznikli roku 1936 pr&aacute;cou lut. mision&aacute;rov z USA. Roku 1955 boli ako prv&iacute;&nbsp;dom&aacute;ci k\u0148azi ordinovan&iacute; dvaja pastori. Roku 1958 vznikla ako &uacute;stavne zriaden&aacute; Evanjelicko-luter&aacute;nska cirkev v Kolumbii (IELCO). Je \u010dlenkou SLZ a Cirkevnej rady Latinskej Ameriky. IELCO m&aacute; 3 100 \u010dlenov v 14 zboroch a v 11 misijn&yacute;ch lokalit&aacute;ch. Sl&uacute;\u017eia &#8230; <a title=\"75 rokov od vzniku luter\u00e1nskej cirkvi v Kolumbii\" class=\"read-more\" href=\"https:\/\/www.e-anjelik.sk\/index.php\/2011\/10\/07\/75-rokov-od-vzniku-luteranskej-cirkvi-v-kolumbii\/\" aria-label=\"Pre\u010d\u00edtajte si viac o 75 rokov od vzniku luter\u00e1nskej cirkvi v Kolumbii\">\u010c\u00edta\u0165 viac<\/a><\/p>\n","protected":false},"author":22,"featured_media":0,"comment_status":"open","ping_status":"open","sticky":false,"template":"","format":"standard","meta":{"footnotes":""},"categories":[18,10],"tags":[],"class_list":["post-3805","post","type-post","status-publish","format-standard","hentry","category-juzna-amerika","category-zo-sveta"],"_links":{"self":[{"href":"https:\/\/www.e-anjelik.sk\/index.php\/wp-json\/wp\/v2\/posts\/3805","targetHints":{"allow":["GET"]}}],"collection":[{"href":"https:\/\/www.e-anjelik.sk\/index.php\/wp-json\/wp\/v2\/posts"}],"about":[{"href":"https:\/\/www.e-anjelik.sk\/index.php\/wp-json\/wp\/v2\/types\/post"}],"author":[{"embeddable":true,"href":"https:\/\/www.e-anjelik.sk\/index.php\/wp-json\/wp\/v2\/users\/22"}],"replies":[{"embeddable":true,"href":"https:\/\/www.e-anjelik.sk\/index.php\/wp-json\/wp\/v2\/comments?post=3805"}],"version-history":[{"count":0,"href":"https:\/\/www.e-anjelik.sk\/index.php\/wp-json\/wp\/v2\/posts\/3805\/revisions"}],"wp:attachment":[{"href":"https:\/\/www.e-anjelik.sk\/index.php\/wp-json\/wp\/v2\/media?parent=3805"}],"wp:term":[{"taxonomy":"category","embeddable":true,"href":"https:\/\/www.e-anjelik.sk\/index.php\/wp-json\/wp\/v2\/categories?post=3805"},{"taxonomy":"post_tag","embeddable":true,"href":"https:\/\/www.e-anjelik.sk\/index.php\/wp-json\/wp\/v2\/tags?post=3805"}],"curies":[{"name":"wp","href":"https:\/\/api.w.org\/{rel}","templated":true}]}}