{"id":38063,"date":"2025-07-01T22:01:44","date_gmt":"2025-07-01T20:01:44","guid":{"rendered":"https:\/\/www.e-anjelik.sk\/?p=38063"},"modified":"2025-07-01T22:01:44","modified_gmt":"2025-07-01T20:01:44","slug":"peticia-predsednictva-vd-ecav","status":"publish","type":"post","link":"https:\/\/www.e-anjelik.sk\/index.php\/2025\/07\/01\/peticia-predsednictva-vd-ecav\/","title":{"rendered":"Pet\u00edcia predsedn\u00edctva VD ECAV"},"content":{"rendered":"\n<figure class=\"wp-block-image\"><img decoding=\"async\" src=\"https:\/\/api.mojapeticia.sk\/media\/legal_entities\/logo\/e6260804-ea09-4e67-b3de-3ca8962eaa0f_A9RfUVR.jpg\" alt=\"TAKTO NIE! \n\u017diadame zachovanie rovnak\u00fdch podmienok financovania a vzdel\u00e1vania pre v\u0161etky deti.\"\/><\/figure>\n\n\n\n<h1 class=\"wp-block-heading\">TAKTO NIE! \u017diadame zachovanie rovnak\u00fdch podmienok financovania a vzdel\u00e1vania pre v\u0161etky deti.<\/h1>\n\n\n\n<p class=\"wp-block-paragraph\">Zost\u00e1va e\u0161te 6 dn\u00ed<\/p>\n\n\n\n<p class=\"wp-block-paragraph\"><strong>Pom\u00f4\u017ete n\u00e1m dosiahnu\u0165 15&nbsp;000<\/strong>Je n\u00e1s zatia\u013e 12&nbsp;572<\/p>\n\n\n\n<p class=\"wp-block-paragraph\"><strong>ZDIE\u013dA\u0164 NA FACEBOOKU<\/strong><\/p>\n\n\n\n<p class=\"wp-block-paragraph\"><strong>ZDIE\u013dA\u0164 NA TWITTER<\/strong><\/p>\n\n\n\n<p class=\"wp-block-paragraph\"><strong>ZDIE\u013dA\u0164 NA LINKED IN<\/strong><\/p>\n\n\n\n<p class=\"wp-block-paragraph\">Hromadn\u00e1 pripomienka bola zverejnen\u00e1 29.06.2025 a zastre\u0161uje ju TAKTO NIE!<\/p>\n\n\n\n<p class=\"wp-block-paragraph\"><strong>TAKTO NIE!<\/strong>&nbsp;<\/p>\n\n\n\n<p class=\"wp-block-paragraph\"><strong>Hromadn\u00e1 pripomienka za zachovanie rovnak\u00e9ho financovania a podmienok vzdel\u00e1vania pre v\u0161etky deti.<\/strong><\/p>\n\n\n\n<h3 class=\"wp-block-heading\"><strong>I. Z\u00e1sadn\u00e1 hromadn\u00e1 pripomienka<\/strong><\/h3>\n\n\n\n<p class=\"wp-block-paragraph\">Navrhujeme, aby boli n\u00e1vrh z\u00e1kona o \u0161kolskej spr\u00e1ve a o zmene niektor\u00fdch z\u00e1konov (<strong>LP\/2025\/325)<\/strong>&nbsp;a n\u00e1vrh z\u00e1kona o financovan\u00ed \u0161k\u00f4l a \u0161kolsk\u00fdch zariaden\u00ed (<strong>LP\/2025\/321)<\/strong>&nbsp;ako celok stiahnut\u00e9 z legislat\u00edvneho procesu. \u017diadame o ich prepracovanie a predlo\u017eenie a\u017e po d\u00f4slednom prerokovan\u00ed so v\u0161etk\u00fdmi dotknut\u00fdmi subjektmi, vr\u00e1tane z\u00e1stupcov s\u00fakromn\u00e9ho a cirkevn\u00e9ho \u0161kolstva, ako aj odbornej verejnosti, spracovan\u00ed a vyhodnoten\u00ed anal\u00fdz dopadu v s\u00falade s platnou a \u00fa\u010dinnou legislat\u00edvou.<\/p>\n\n\n\n<p class=\"wp-block-paragraph\"><strong>II. V\u0161eobecn\u00e9 od\u00f4vodnenie hromadnej pripomienky<\/strong><\/p>\n\n\n\n<p class=\"wp-block-paragraph\">My, rodi\u010dia, u\u010ditelia, \u0161tudenti, zria\u010fovatelia \u0161k\u00f4l a podporovatelia kvalitn\u00e9ho, rozmanit\u00e9ho a dostupn\u00e9ho \u0161kolstva vzn\u00e1\u0161ame t\u00fato hromadn\u00fa pripomienku, ktor\u00fa pova\u017eujeme za z\u00e1sadn\u00fa v celom jej rozsahu. Vyjadrujeme verejn\u00fd&nbsp;<strong>nes\u00fahlas \u0161irokej verejnosti<\/strong>&nbsp;s n\u00e1vrhom nov\u00e9ho z\u00e1kona o \u0161t\u00e1tnej spr\u00e1ve a o zmene niektor\u00fdch z\u00e1konov, ako aj s n\u00e1vrhom z\u00e1kona o financovan\u00ed \u0161k\u00f4l a \u0161kolsk\u00fdch zariaden\u00ed.<\/p>\n\n\n\n<p class=\"wp-block-paragraph\">Oba uveden\u00e9 n\u00e1vrhy vn\u00edmame ako&nbsp;<strong>snahu o centraliz\u00e1ciu a unifik\u00e1ciu vzdel\u00e1vania<\/strong>&nbsp;a neprijate\u013en\u00fd&nbsp;<strong>z\u00e1sah do pr\u00e1va rodi\u010dov zabezpe\u010dova\u0165 v\u00fdchovu a vzdel\u00e1vanie svojich det\u00ed v zhode s ich vlastn\u00fdm hodnotov\u00fdm, n\u00e1bo\u017eensk\u00fdm, filozofick\u00fdm a pedagogick\u00fdm presved\u010den\u00edm&nbsp;<\/strong>garantovan\u00e9ho medzin\u00e1rodn\u00fdmi dohovormi a z\u00e1rove\u0148 z\u00e1sah do<strong>&nbsp;plurality vzdel\u00e1vacieho syst\u00e9mu<\/strong>&nbsp;na Slovensku ukotvenej v \u00dastave SR. N\u00e1vrhy z\u00e1konov z\u00e1rove\u0148 predstavuj\u00fa priame ohrozenie existencie s\u00fakromn\u00fdch a cirkevn\u00fdch \u0161k\u00f4l a \u0161kolsk\u00fdch zariaden\u00ed, ke\u010f\u017ee v syst\u00e9me financovania zav\u00e1dzaj\u00fa kr\u00e1tenie normat\u00edvneho pr\u00edspevku, \u010do nevyhnutne vedie k diskrimin\u00e1cii rodi\u010dov pre slobodn\u00fa vo\u013ebu vzdel\u00e1vacej cesty ich det\u00ed. Z\u00e1rove\u0148 n\u00e1vrhy z\u00e1konov v\u00fdrazne menia a obmedzuj\u00fa podmienky zria\u010fovania a fungovania ne\u0161t\u00e1tnych \u0161k\u00f4l, \u010do neprimeran\u00fdm sp\u00f4sobom zasahuje do pr\u00e1v zria\u010fovate\u013eov, pr\u00e1vnej istoty a v kone\u010dnom d\u00f4sledku po\u0161kod\u00ed cel\u00fd vzdel\u00e1vac\u00ed syst\u00e9m.<\/p>\n\n\n\n<p class=\"wp-block-paragraph\">\u0160t\u00e1t navrhovan\u00fdmi z\u00e1konmi zav\u00e1dza re\u00e1lne obmedzenia, ktor\u00e9 prines\u00fa zhor\u0161enie kvality v\u00fdchovy a vzdel\u00e1vania, zn\u00ed\u017eenie dostupnosti slu\u017eieb odborn\u00e9ho poradenstva pre deti, zn\u00ed\u017eenie konkurencie, viac det\u00ed v triedach, vy\u0161\u0161\u00ed tlak na \u0161t\u00e1tny rozpo\u010det, men\u0161\u00ed tlak na inov\u00e1cie a pod. Korektn\u00e1 anal\u00fdza t\u00fdchto dopadov nie je predmetom d\u00f4vodovej spr\u00e1vy k n\u00e1vrhom z\u00e1konov, \u010do je taktie\u017e v rozpore s platnou legislat\u00edvou.&nbsp;<\/p>\n\n\n\n<p class=\"wp-block-paragraph\">S\u00fakromn\u00e9 a&nbsp;cirkevn\u00e9 \u0161koly s\u00fa viac ako 30 rokov integr\u00e1lnou, hodnotnou a neoddelite\u013enou s\u00fa\u010das\u0165ou vzdel\u00e1vacieho syst\u00e9mu na Slovensku. V\u00fdznamne prispievaj\u00fa k jeho pluralite, rozmanitosti, inov\u00e1ci\u00e1m a mo\u017enosti vo\u013eby pre rodi\u010dov a \u017eiakov. Pova\u017eujeme za nevyhnutn\u00e9, aby bolo ich postavenie v pripravovanej legislat\u00edve plne re\u0161pektovan\u00e9 a rovnocenne podporovan\u00e9 a aby&nbsp;<strong>rodi\u010dia a deti neboli trestan\u00ed za svoju slobodn\u00fa vo\u013ebu&nbsp;<\/strong>neprimeran\u00fdm finan\u010dn\u00fdm za\u0165a\u017een\u00edm, ktor\u00e9 na nich \u0161t\u00e1t touto legislat\u00edvou pren\u00e1\u0161a.<\/p>\n\n\n\n<p class=\"wp-block-paragraph\"><strong>III. Od\u00f4vodnenie hromadnej pripomienky<\/strong><\/p>\n\n\n\n<p class=\"wp-block-paragraph\">Konkr\u00e9tne od\u00f4vodnen\u00e9 v\u00fdhrady predkladate\u013eov k navrhovan\u00fdm nov\u00fdm zneniam z\u00e1konov:<\/p>\n\n\n\n<ol class=\"wp-block-list\">\n<li><strong>Obmedzenie pr\u00e1va rodi\u010da na slobodn\u00fa vo\u013ebu \u0161koly pre svoje die\u0165a<\/strong><\/li>\n<\/ol>\n\n\n\n<p class=\"wp-block-paragraph\">Z medzin\u00e1rodn\u00fdch zml\u00fav (napr. Dohovor o pr\u00e1vach die\u0165a\u0165a, Charta z\u00e1kladn\u00fdch pr\u00e1v Eur\u00f3pskej \u00fanie, Dohovor o ochrane \u013eudsk\u00fdch pr\u00e1v a z\u00e1kladn\u00fdch slob\u00f4d, Vatik\u00e1nska zmluva), ktor\u00e9 maj\u00fa na z\u00e1klade \u00dastavy SR prednos\u0165 pred z\u00e1konmi Slovenskej republiky vypl\u00fdva pr\u00e1vo rodi\u010dov zabezpe\u010dova\u0165 v\u00fdchovu a vzdel\u00e1vanie svojich det\u00ed v zhode s ich vlastn\u00fdm hodnotov\u00fdm n\u00e1bo\u017eensk\u00fdm, filozofick\u00fdm a pedagogick\u00fdm presved\u010den\u00edm. \u00dastava SR predpoklad\u00e1 zria\u010fovanie aj in\u00fdch ako \u0161t\u00e1tnych \u0161k\u00f4l s odkazom na podmienky ustanoven\u00e9 z\u00e1konom, Dlhodobo akceptovan\u00e9 podmienky sa z\u00e1sadn\u00fdm sp\u00f4sobom a bez odbornej diskusie a d\u00e1t menia, \u010do je d\u00f4vodom podania tejto hromadnej pripomienky. V zmysle princ\u00edpov v\u00fdchovy a vzdel\u00e1vania ukotven\u00fdch v \u0161kolskom z\u00e1kone&nbsp; v SR plat\u00ed princ\u00edp slobodnej vo\u013eby vzdel\u00e1vania s prihliadnut\u00edm na o\u010dak\u00e1vania a predpoklady det\u00ed a \u017eiakov v s\u00falade s mo\u017enos\u0165ami v\u00fdchovno-vzdel\u00e1vacej s\u00fastavy (\u00a73 p\u00edsm. j) z\u00e1kona \u010d.245\/2008 Z.z.) a z\u00e1rove\u0148 princ\u00edpy rovnopr\u00e1vnosti postavenia \u0161k\u00f4l a \u0161kolsk\u00fdch zariaden\u00ed bez rozdielu zria\u010fovate\u013ea a rovnocennosti vzdelania z\u00edskan\u00e9ho v \u0161t\u00e1tnych \u0161kol\u00e1ch, v \u0161kol\u00e1ch zriaden\u00fdch \u0161t\u00e1tom uznanou cirkvou alebo n\u00e1bo\u017eenskou spolo\u010dnos\u0165ou (cirkevn\u00e1 \u0161kola) a v \u0161kol\u00e1ch zriaden\u00fdch inou fyzickou osobou alebo pr\u00e1vnickou osobou (s\u00fakromn\u00e1 \u0161kola) (\u00a73 p\u00edsm. r) a s) z\u00e1kona \u010d.245\/2008 Z.z.). Ka\u017ed\u00e1 z tohto typu \u0161k\u00f4l m\u00e1 n\u00e1rok na normat\u00edv vo v\u00fd\u0161ke 100% na \u017eiaka a to bez oh\u013eadu na zria\u010fovate\u013ea, ak \u0161kola pln\u00ed \u0160VP. Navrhovan\u00fdm z\u00e1konom o \u0161kolskej spr\u00e1ve a o zmene niektor\u00fdch z\u00e1konov a z\u00e1konom o financovan\u00ed \u0161k\u00f4l a \u0161kolsk\u00fdch zariaden\u00ed d\u00f4jde k poru\u0161eniu uveden\u00fdch pr\u00e1v aj princ\u00edpov.<\/p>\n\n\n\n<p class=\"wp-block-paragraph\">Z predlo\u017een\u00e9ho n\u00e1vrhu z\u00e1kona o \u0161kolskej spr\u00e1ve (\u00a742 ods. 2 p\u00edsm. a) vypl\u00fdva, \u017ee \u0161kola bude ma\u0165 n\u00e1rok na normat\u00edv vo v\u00fd\u0161ke 100% na \u017eiaka len v pr\u00edpade, \u017ee prijme 80% \u017eiakov z pridelen\u00e9ho obvodu a iba 20% \u017eiakov pod\u013ea ich vierovyznania, z\u00e1ujmu, osobn\u00fdch predpokladov \u010di \u0161pecifick\u00fdch v\u00fdchovno-vzdel\u00e1vac\u00edch potrieb. Princ\u00edp ur\u010denia \u0161koly pod\u013ea bydliska die\u0165a\u0165a sa nadra\u010fuje nad \u00fastavou a medzin\u00e1rodn\u00fdmi dohovormi garantovan\u00fd princ\u00edp slobodn\u00e9ho v\u00fdberu \u0161koly pod\u013ea preferenci\u00ed a potrieb. To z\u00e1sadne obmedzuje slobodn\u00fa vo\u013ebu rodi\u010da pri v\u00fdbere vzdel\u00e1vacej cesty die\u0165a\u0165a.<\/p>\n\n\n\n<ol start=\"2\" class=\"wp-block-list\">\n<li><strong>Proti\u00fastavn\u00e1 diskrimin\u00e1cia rodi\u010dov za z\u00e1klade v\u00fdberu \u0161koly pre svoje deti<\/strong><\/li>\n<\/ol>\n\n\n\n<p class=\"wp-block-paragraph\">Navrhovan\u00e9 znenie novely \u00a7 13 ods. 7 z\u00e1kona o financovan\u00ed je diskrimina\u010dn\u00e9 a zaklad\u00e1 nerovnos\u0165 v pr\u00e1vach \u017eiakov na vzdel\u00e1vanie, \u010do je v rozpore s \u010dl. 12 ods. 1 a 2 (rovnos\u0165 v pr\u00e1vach a z\u00e1kaz neod\u00f4vodnenej diskrimin\u00e1cie) v nadv\u00e4znosti na \u00a7 42 ods. 2 \u00dastavy SR (pr\u00e1vo ob\u010danov na \u201ebezplatn\u00e9 vzdel\u00e1vanie v matersk\u00fdch, na z\u00e1kladn\u00fdch a stredn\u00fdch \u0161kol\u00e1ch\u201c) a \u010dl. 42 ods. 3 (pluralita zria\u010fovate\u013eov \u0161k\u00f4l a pr\u00e1vo prij\u00edma\u0165 \u00fahradu za vzdel\u00e1vanie).<\/p>\n\n\n\n<p class=\"wp-block-paragraph\">V pr\u00edpade prijatia navrhovanej pr\u00e1vnej \u00fapravy d\u00f4jde k diskrimin\u00e1cii rodi\u010dov det\u00ed a \u017eiakov s\u00fakromn\u00fdch a cirkevn\u00fdch matersk\u00fdch, z\u00e1kladn\u00fdch a stredn\u00fdch \u0161k\u00f4l. Rodi\u010dia t\u00fdchto det\u00ed a \u017eiakov bud\u00fa musie\u0165 bez primeranej objekt\u00edvnej pr\u00ed\u010diny plati\u0165 aj za \u010das\u0165 \u00fastavou garantovan\u00e9ho bezplatn\u00e9ho \u0161tandardu vzdel\u00e1vania poskytovan\u00e9ho rovnako v \u0161kol\u00e1ch zriaden\u00fdch obcou, samospr\u00e1vnym krajom alebo region\u00e1lnym \u00faradom. A to len preto, \u017ee ne\u0161t\u00e1tne \u0161koly na pokrytie svojich n\u00e1kladov vyu\u017eili \u00fastavou garantovan\u00e9 pr\u00e1vo poskytova\u0165 vzdel\u00e1vanie za \u00fahradu. \u0160kola dostane na \u017eiaka po prijat\u00ed navrhovanej pr\u00e1vnej \u00fapravy na rovnak\u00fa verejn\u00fa slu\u017ebu, t.j. plnenie povinnej pred\u0161kolskej a \u0161kolskej doch\u00e1dzky alebo v\u00fdchovu a vzdel\u00e1vanie, o 20% ni\u017e\u0161iu dot\u00e1ciu od \u0161t\u00e1tu iba preto, \u017ee ne\u0161t\u00e1tny zria\u010fovate\u013e vyber\u00e1 \u0161koln\u00e9 alebo in\u00fa \u00fahradu ako protiplnenie za vzdel\u00e1vanie, ktor\u00fa predpoklad\u00e1 \u010dl. \u00a7 42 ods. 3 \u00dastavy SR.<\/p>\n\n\n\n<ol start=\"3\" class=\"wp-block-list\">\n<li><strong>Zn\u00ed\u017eenie odbornej starostlivosti a dostupnosti \u0161k\u00f4l vhodn\u00fdch pre deti so \u0161peci\u00e1lnymi v\u00fdchovno-vzdel\u00e1vac\u00edmi potrebami\u00a0<\/strong><\/li>\n<\/ol>\n\n\n\n<p class=\"wp-block-paragraph\">Z princ\u00edpov v\u00fdchovy a vzdel\u00e1vania pod\u013ea \u0161kolsk\u00e9ho z\u00e1kona vypl\u00fdva rovnopr\u00e1vnos\u0165 pr\u00edstupu k v\u00fdchove a vzdel\u00e1vaniu so zoh\u013eadnen\u00edm v\u00fdchovno-vzdel\u00e1vac\u00edch potrieb die\u0165a\u0165a (\u00a73 p\u00edsm. d) Z\u00e1kona \u010d. 245\/2008 Z.z.).&nbsp;<\/p>\n\n\n\n<p class=\"wp-block-paragraph\">Z n\u00e1vrhu z\u00e1kona (\u00a742 ods. 2 p\u00edsm. a) Z\u00e1kona o \u0161kolskej spr\u00e1ve) vypl\u00fdva, \u017ee ne\u0161t\u00e1tna \u0161kola bude m\u00f4c\u0165 prija\u0165 v\u00fdrazne obmedzen\u00fd po\u010det det\u00ed so \u0161peci\u00e1lnymi v\u00fdchovno-vzdel\u00e1vac\u00edmi potrebami mimo pridelen\u00e9ho obvodu (ak sa rozhodne by\u0165 verejn\u00fdm poskytovate\u013eom v\u00fdchovy a vzdel\u00e1vania), alebo s v\u00fdrazne vy\u0161\u0161\u00edmi n\u00e1kladmi pre rodi\u010da die\u0165a\u0165a so \u0160VVP (v pr\u00edpade, \u017ee sa \u0161kola rozhodne by\u0165 neverejn\u00fdm poskytovate\u013eom v\u00fdchovy a vzdel\u00e1vania a \u0161t\u00e1t jej zn\u00ed\u017ei normat\u00edv). T\u00fdm sa v\u00fdrazne zn\u00ed\u017ei v s\u00fa\u010dasnosti zabezpe\u010dovan\u00e1 dostupnos\u0165 a kvalita odbornej starostlivosti pre mnoh\u00e9 deti so \u0160VVP, \u010do je v rozpore s platn\u00fdmi a \u00fa\u010dinn\u00fdmi princ\u00edpmi v\u00fdchovy a vzdel\u00e1vania pod\u013ea \u0161kolsk\u00e9ho z\u00e1kona.<\/p>\n\n\n\n<ol start=\"4\" class=\"wp-block-list\">\n<li><strong>Zavedenie nerovnopr\u00e1vneho postavenia zria\u010fovate\u013eov \u0161k\u00f4l<\/strong><\/li>\n<\/ol>\n\n\n\n<p class=\"wp-block-paragraph\">Z platn\u00fdch a \u00fa\u010dinn\u00fdch princ\u00edpov v\u00fdchovy a vzdel\u00e1vania pod\u013ea \u0161kolsk\u00e9ho z\u00e1kona vypl\u00fdva, \u017ee \u0161koly bez rozdielu zria\u010fovate\u013ea maj\u00fa rovnopr\u00e1vne postavenie.&nbsp;<\/p>\n\n\n\n<p class=\"wp-block-paragraph\">Z predlo\u017een\u00e9ho n\u00e1vrhu z\u00e1kona v\u0161ak vypl\u00fdva, \u017ee zria\u010fovate\u013e verejnej \u0161koly (obec) m\u00e1 pr\u00e1vomoc ur\u010dova\u0165 verejn\u00fd \u0161kolsk\u00fd obvod aj pre \u0161koly s\u00fakromn\u00fdch a cirkevn\u00fdch zria\u010fovate\u013eov. Z\u00e1kon tak ude\u013euje obci pr\u00e1vo ur\u010di\u0165, z ktor\u00e9ho jej obvodu m\u00e1 ne\u0161t\u00e1tna \u0161kola povinnos\u0165 prij\u00edma\u0165 deti, pokia\u013e chce ma\u0165 zachovan\u00fd normat\u00edv vo v\u00fd\u0161ke 100% na \u017eiaka. Zmenou legislat\u00edvy d\u00f4jde k nadradenosti jedn\u00e9ho zria\u010fovate\u013ea nad druh\u00fdm. V\u00fdrazne sa tak oslab\u00ed rozhodovacia pr\u00e1vomoc ne\u0161t\u00e1tneho zria\u010fovate\u013ea pri prij\u00edman\u00ed det\u00ed z in\u00fdch obvodov, ako aj slobodn\u00e1 vo\u013eba rodi\u010da na v\u00fdber \u0161koly pod\u013ea preferencie, vierovyznania alebo potrieb die\u0165a\u0165a.<\/p>\n\n\n\n<ol start=\"5\" class=\"wp-block-list\">\n<li><strong>Diskrimina\u010dn\u00e9 nastavenie podmienok pre financovanie ne\u0161t\u00e1tnych \u0161k\u00f4l a ich \u017eiakov<\/strong><\/li>\n<\/ol>\n\n\n\n<p class=\"wp-block-paragraph\">\u0160t\u00e1t financuje verejn\u00e9 \u0161koly okrem normat\u00edvneho financovania aj prostredn\u00edctvom dohadovac\u00edch konan\u00ed (pribli\u017ene 80 mili\u00f3nov za rok 2024), ako aj prostredn\u00edctvom rozpo\u010dtov obc\u00ed a miest (pribli\u017ene 250 mili\u00f3nov eur ro\u010dne). Financie od obc\u00ed pritom poch\u00e1dzaj\u00fa prim\u00e1rne z podielov\u00fdch dan\u00ed fyzick\u00fdch os\u00f4b, teda aj z podielov\u00fdch dan\u00ed rodi\u010dov ne\u0161t\u00e1tnych \u0161k\u00f4l.&nbsp;<\/p>\n\n\n\n<p class=\"wp-block-paragraph\">V predkladan\u00fdch z\u00e1konoch podmienky pre verejn\u00e9ho poskytovate\u013ea v\u00fdchovy a vzdel\u00e1vania nezoh\u013ead\u0148uj\u00fa \u0161pecifik\u00e1 \u0161k\u00f4l pod\u013ea zria\u010fovate\u013ea, preto\u017ee \u0161t\u00e1tne a ne\u0161t\u00e1tne \u0161koly nemaj\u00fa porovnate\u013en\u00e9 n\u00e1klady na svoju \u010dinnos\u0165 (napr\u00edklad s\u00fakromn\u00e9 \u0161koly maj\u00fa r\u00e1dovo vy\u0161\u0161ie n\u00e1klady na pren\u00e1jom priestorov) a v z\u00e1sade ne\u0161t\u00e1tne \u0161koly nemaj\u00fa pr\u00edstup ku \u0161truktur\u00e1lnym fondom alebo k in\u00fdm verejn\u00fdm finan\u010dn\u00fdm zdrojom.<\/p>\n\n\n\n<p class=\"wp-block-paragraph\">Platba \u0161koln\u00e9ho, garantovan\u00e1 \u00dastavou SR,&nbsp; je u s\u00fakromn\u00fdch \u0161k\u00f4l nevyhnutn\u00e1 na pokrytie n\u00e1kladov, z d\u00f4vodu nedostato\u010dn\u00e9ho financovania zo strany \u0161t\u00e1tu a nerovn\u00e9ho pr\u00edstupu k finan\u010dn\u00fdm zdrojom pre ne\u0161t\u00e1tne \u0161koly.&nbsp;<\/p>\n\n\n\n<p class=\"wp-block-paragraph\">V pr\u00edpade prijatia navrhovanej pr\u00e1vnej \u00fapravy d\u00f4jde k zn\u00ed\u017eeniu normat\u00edvneho pr\u00edspevku pre \u017eiakov s\u00fakromn\u00fdch a cirkevn\u00fdch matersk\u00fdch, z\u00e1kladn\u00fdch a stredn\u00fdch \u0161k\u00f4l o 20%. Je neprijate\u013en\u00e9, aby rodi\u010dia t\u00fdchto \u017eiakov platili bez primeranej objekt\u00edvnej pr\u00ed\u010diny nielen za nad\u0161tandard, ale aj za \u010das\u0165 \u00fastavou garantovan\u00e9ho bezplatn\u00e9ho \u0161tandardu vzdel\u00e1vania poskytovan\u00e9ho rovnako v \u0161kol\u00e1ch zriaden\u00fdch obcou, samospr\u00e1vnym krajom alebo region\u00e1lnym \u00faradom. A to len preto, \u017ee ne\u0161t\u00e1tne \u0161koly vyu\u017eili \u00fastavn\u00e9 pr\u00e1vo na \u00fahradu za vzdel\u00e1vanie v s\u00falade s \u00a7 42 ods. 3 \u00dastavy SR a podmienili&nbsp; poskytovanie v\u00fdchovy a vzdel\u00e1vania protiplnen\u00edm.&nbsp; \u017diak po prijat\u00ed takejto pr\u00e1vnej \u00fapravy dostane na t\u00fa ist\u00fa verejn\u00fa slu\u017ebu, t.j. plnenie povinnej pred\u0161kolskej a \u0161kolskej doch\u00e1dzky alebo v\u00fdchovu a vzdel\u00e1vanie, o 20% ni\u017e\u0161iu dot\u00e1ciu od \u0161t\u00e1tu iba preto, \u017ee ne\u0161t\u00e1tny zria\u010fovate\u013e vyber\u00e1 \u0161koln\u00e9 alebo in\u00fa \u00fahradu ako protiplnenie za vzdel\u00e1vanie, potrebn\u00e9 na pokrytie jeho nevyhnutn\u00fdch n\u00e1kaldov, ktor\u00fa predpoklad\u00e1 \u00fastava pod\u013ea \u00a7 42 ods. 3 \u00dastavy SR.<\/p>\n\n\n\n<p class=\"wp-block-paragraph\">N\u00e1vrh z\u00e1kona ustanoven\u00edm podmienok pre verejn\u00e9ho poskytovate\u013ea (\u00a7 42, \u00a7 45, \u00a7 46 z\u00e1kona o \u0161kolskej spr\u00e1ve; \u00a7 13 z\u00e1kona o financovan\u00ed \u0161k\u00f4l) nezav\u00e1dza spravodliv\u00e9 financovanie, ale naopak, prehlbuje nespravodliv\u00e9 financovanie, ktor\u00e9 bude pre v\u00e4\u010d\u0161inu ne\u0161t\u00e1tnych \u0161k\u00f4l neprimeran\u00e9 a\u017e likvida\u010dn\u00e9. Zavedenie zn\u00ed\u017eenia normat\u00edvu o 20 % pre v\u0161etky ne\u0161t\u00e1tne \u0161koly (\u00a7 13 z\u00e1kona o financovan\u00ed \u0161k\u00f4l) je v praxi formou diskrimin\u00e1cie a ohrozuje prev\u00e1dzku, kvalitu \u010dinnosti, dostupnos\u0165 a znemo\u017e\u0148uje rozvoj t\u00fdchto \u0161k\u00f4l.&nbsp;<\/p>\n\n\n\n<ol start=\"6\" class=\"wp-block-list\">\n<li><strong>Z\u00e1sah do auton\u00f3mie zria\u010fovate\u013eov a diverzity syst\u00e9mu vzdel\u00e1vania<\/strong><\/li>\n<\/ol>\n\n\n\n<p class=\"wp-block-paragraph\">N\u00e1vrh unifikuje pr\u00e1vnu a riadiacu \u0161trukt\u00faru \u0161k\u00f4l (\u00a7 3 ods. 1, \u00a7 8, \u00a7 12, \u00a7 24 a\u017e \u00a7 27 z\u00e1kona o \u0161kolskej spr\u00e1ve) a obmedzuje pedagogick\u00fa, organiza\u010dn\u00fa a person\u00e1lnu auton\u00f3miu zria\u010fovate\u013eov, \u010do je v rozpore s cie\u013emi a zameran\u00edm s ktor\u00fdm ne\u0161t\u00e1tne \u0161koly vznikli, prirodzenou rozmanitos\u0165ou slovensk\u00e9ho \u0161kolstva a trendmi v E\u00da. N\u00e1vrh bezprecedentn\u00fdm sp\u00f4sobom z\u00e1kazuje prepojenia zria\u010fovate\u013ea a riadite\u013ea \u0161koly (aktu\u00e1lne je to \u010dasto jedna osoba), ako aj limituje mo\u017enos\u0165 vplyvu zria\u010fovate\u013ea na vo\u013ebu riadite\u013ea vlastnej \u0161koly. Navrhovan\u00e1 zmena financovania je zalo\u017een\u00e1 na zjednocuj\u00facom a uniformnom pr\u00edstupe (\u00a7 3, \u00a7 4, \u00a7 5, \u00a7 6 z\u00e1kona o financovan\u00ed \u0161k\u00f4l), ktor\u00fd nere\u0161pektuje prirodzen\u00fa rozmanitos\u0165 \u0161kolsk\u00e9ho prostredia na Slovensku a nereflektuje \u0161pecifik\u00e1 a potreby mal\u00fdch, komunitn\u00fdch, alternat\u00edvnych \u010di hodnotovo zameran\u00fdch \u0161k\u00f4l.&nbsp;<\/p>\n\n\n\n<p class=\"wp-block-paragraph\">Navrhovan\u00e9 z\u00e1kony znev\u00fdhod\u0148uj\u00fa \u0161koly, ktor\u00e9 prin\u00e1\u0161aj\u00fa inovat\u00edvne, alternat\u00edvne \u010di hodnotov\u00e9 vzdel\u00e1vacie modely, prispievaj\u00fa k inov\u00e1ci\u00e1m a celkovej kvalite syst\u00e9mu a tvoria nenahradite\u013en\u00fa s\u00fa\u010das\u0165 vzdel\u00e1vacieho syst\u00e9mu. V pr\u00edpade prijatia n\u00e1vrhu v predlo\u017eenej podobe hroz\u00ed zn\u00ed\u017eenie dostupnosti rozmanit\u00fdch vzdel\u00e1vac\u00edch mo\u017enost\u00ed a slobodnej vo\u013eby pre rodi\u010dov a deti&nbsp; (\u00a7 42, \u00a7 45, \u00a7 46 z\u00e1kona o \u0161kolskej spr\u00e1ve; \u00a7 13 z\u00e1kona o financovan\u00ed \u0161k\u00f4l), ako aj pokles kvality a stability vzdel\u00e1vacieho syst\u00e9mu. Ak bude z\u00e1kon prijat\u00fd v navrhovanej podobe, d\u00f4jde k zv\u00fd\u0161eniu \u0161koln\u00e9ho v mnoh\u00fdch ne\u0161t\u00e1tnych \u0161kol\u00e1ch (\u00a7 4, \u00a7 6, \u00a7 13 z\u00e1kona o financovan\u00ed \u0161k\u00f4l), \u010d\u00edm sa stane kvalitn\u00e9 vzdel\u00e1vanie pre ve\u013ek\u00fa \u010das\u0165 rod\u00edn nedostupn\u00e9 a zv\u00fd\u0161i sa riziko soci\u00e1lnej selekcie.<\/p>\n\n\n\n<ol start=\"7\" class=\"wp-block-list\">\n<li><strong>Poru\u0161enie princ\u00edpu pr\u00e1vnej istoty a ochrany vlastn\u00edckeho pr\u00e1va\u00a0<\/strong><\/li>\n<\/ol>\n\n\n\n<p class=\"wp-block-paragraph\">S\u00fakromn\u00e9 a cirkevn\u00e9 \u0161koly boli zriaden\u00e9 a zaraden\u00e9 do siete \u0161k\u00f4l a \u0161kolsk\u00fdch zariaden\u00ed SR, \u010d\u00edm ministerstvo akceptovalo podmienky ich vzniku a fungovania, ktor\u00e9 obsahovali aj konkr\u00e9tne n\u00e1kladov\u00e9 polo\u017eky a pr\u00e1vne vz\u0165ahy (n\u00e1jomn\u00e9 zmluvy, \u00fav\u00e4zky pedag\u00f3gov). \u0160koly tak konali v d\u00f4vere, \u017ee \u0161t\u00e1tom garantovan\u00fd normat\u00edv je stabiln\u00fd. N\u00e1hle od\u0148atie alebo zn\u00ed\u017eenie normat\u00edvneho pr\u00edspevku predstavuje retroakt\u00edvny z\u00e1sah do nadobudnut\u00fdch poz\u00edci\u00ed, ktor\u00fd \u00fastavn\u00fd s\u00fad pova\u017euje za proti\u00fastavn\u00fd (PL. \u00daS 24\/2014). Navrhovan\u00e9 znenie \u00a7 13 ods. 7 novely z\u00e1kona o financovan\u00ed tak predstavuje poru\u0161enie princ\u00edpu pr\u00e1vnej istoty a ochrany legit\u00edmnych o\u010dak\u00e1van\u00ed.<\/p>\n\n\n\n<p class=\"wp-block-paragraph\">Normat\u00edvny pr\u00edspevok viazan\u00fd na z\u00e1konn\u00e9 plnenie verejnej slu\u017eby mo\u017eno pova\u017eova\u0165 za majetkov\u00e9 pr\u00e1vo (SDE\u00da vo veci T-135\/17). Jeho zn\u00ed\u017eenie alebo od\u0148atie len vybran\u00e9mu okruhu subjektov m\u00f4\u017ee by\u0165 vn\u00edman\u00e9 de facto ako \u201evyvlastnenie bez n\u00e1hrady\u201c.<\/p>\n\n\n\n<p class=\"wp-block-paragraph\">N\u00e1vrh z\u00e1kona odober\u00e1 mo\u017enos\u0165 zriadenia \u0161koly fyzickou osobou a zav\u00e1dza n\u00faten\u00fa zmenu zria\u010fovate\u013ea na pr\u00e1vnick\u00fa osobu aj pre u\u017e existuj\u00facich zria\u010fovate\u013eov, ktor\u00ed s\u00fa fyzick\u00fdmi osobami (\u00a774 ods. 4).<\/p>\n\n\n\n<p class=\"wp-block-paragraph\">N\u00e1vrh zav\u00e1dza jednotn\u00fa n\u00faten\u00fa zmenu pr\u00e1vnej formy \u0161koly na neziskov\u00fa organiz\u00e1ciu aj pre u\u017e existuj\u00face ne\u0161t\u00e1tne \u0161koly (\u00a774 ods. 1 p\u00edsm. c) a ods. 3). Majetok zria\u010fovate\u013ea tak prejde do spr\u00e1vy a u\u017e\u00edvania \u0161koly, ktor\u00e1 sa stane samostatn\u00fdm pr\u00e1vnym subjektom, je v rozpore s Dohovorom o ochrane \u013eudsk\u00fdch pr\u00e1v a z\u00e1kladn\u00fdch slob\u00f4d (\u010dl. 1 Dodatkov\u00e9ho protokolu), ako aj \u010d.20 \u00dastavy SR.<\/p>\n\n\n\n<ol start=\"8\" class=\"wp-block-list\">\n<li><strong>Nedostato\u010dn\u00e1 particip\u00e1cia pri odborn\u00e1 pr\u00edprava a absencia spolo\u010dnej diskusie<\/strong><\/li>\n<\/ol>\n\n\n\n<p class=\"wp-block-paragraph\">Na ministerstve \u0161kolstva boli pre \u00fa\u010del tvorby strat\u00e9gi\u00ed a doh\u013eadu nad plnen\u00edm cie\u013eov a \u00faloh PVV zriaden\u00e9 poradn\u00e9 a iniciat\u00edvne org\u00e1ny (kurikul\u00e1rna rada, projektov\u00e9 t\u00edmy tzv. Programu zmien), ktor\u00e9 neboli do procesu pr\u00edpravy n\u00e1vrhov z\u00e1konov riadne zapojen\u00e9. Napriek tomu, \u017ee n\u00e1vrhy z\u00e1konov v\u00fdrazn\u00fdm sp\u00f4sobom menia dlhodobo zau\u017e\u00edvan\u00fd model fungovania ne\u0161t\u00e1tneho \u0161kolstva a zav\u00e1dzaj\u00fa hrub\u00e9 regul\u00e1cie a obmedzenia pre ne\u0161t\u00e1tne \u0161kolstvo s v\u00fdznamn\u00fdm dopadom na deti, neprebehla zodpovedaj\u00faca odborn\u00e1 diskusia s dotknut\u00fdmi poskytovate\u013emi vzdel\u00e1vania a relevantn\u00fdmi partnermi ktor\u00fdch sa zmeny existen\u010dne dot\u00fdkaj\u00fa. Pri tvorbe z\u00e1konov absentovala spolo\u010dn\u00e1 odborn\u00e1 diskusia o dlhodob\u00fdch dopadoch na v\u0161etky deti, \u0161kolsk\u00fd syst\u00e9m a spolo\u010dnos\u0165 ako tak\u00fa. Pova\u017eujeme za neprijate\u013en\u00e9, aby sa tak z\u00e1sadn\u00e9 zmeny v dlhodobo funguj\u00facom syst\u00e9me zav\u00e1dzali bez vypracovania anal\u00fdzy ich dopadov na vzdel\u00e1vac\u00ed syst\u00e9m a v\u0161etky jeho \u010dasti, ktor\u00e9 by mali by\u0165 s\u00fa\u010das\u0165ou prec\u00edzne vypracovan\u00fdch d\u00f4vodov\u00fdch spr\u00e1v.&nbsp;<\/p>\n\n\n\n<hr class=\"wp-block-separator has-alpha-channel-opacity\"\/>\n\n\n\n<p class=\"wp-block-paragraph\"><strong>IV. Sp\u00f4sob odstr\u00e1nenia namietan\u00fdch nedostatkov<\/strong><\/p>\n\n\n\n<p class=\"wp-block-paragraph\"><strong>\u017diadame, aby Ministerstvo \u0161kolstva, v\u00fdskumu, v\u00fdvoja a ml\u00e1de\u017ee SR stiahlo predmetn\u00e9 n\u00e1vrhy z\u00e1konov a pripravilo ich nov\u00fd n\u00e1vrh v spolupr\u00e1ci so v\u0161etk\u00fdmi zria\u010fovate\u013emi a relevantn\u00fdmi organiz\u00e1ciami. Legislat\u00edva t\u00fdkaj\u00faca sa financovania \u0161k\u00f4l mus\u00ed by\u0165 zalo\u017een\u00e1 na princ\u00edpoch rovnosti, spravodlivosti a podpory diverzity, a z\u00e1rove\u0148 zabezpe\u010dova\u0165 skuto\u010dn\u00fa dostupnos\u0165 kvalitn\u00e9ho vzdel\u00e1vania pre v\u0161etky deti na Slovensku.&nbsp;<\/strong>V opa\u010dnom pr\u00edpade riskujeme dostupnos\u0165 kvalitn\u00fdch a inkluz\u00edvnych vzdel\u00e1vac\u00edch mo\u017enost\u00ed pre deti, ktor\u00e9 im s\u00fa\u010dasn\u00fd syst\u00e9m umo\u017e\u0148uje.<\/p>\n\n\n\n<p class=\"wp-block-paragraph\"><strong>Len participat\u00edvny a transparentn\u00fd proces tvorby legislat\u00edvy vych\u00e1dzaj\u00faci z relevantn\u00fdch d\u00e1t m\u00f4\u017ee zabezpe\u010di\u0165 skuto\u010dn\u00e9 zlep\u0161enie podmienok vo vzdel\u00e1van\u00ed na Slovensku.<\/strong>\ufeff<br><\/p>\n\n\n\n<p class=\"wp-block-paragraph\">V\u0161etky pripomienky maj\u00fa charakter z\u00e1sadnej pripomienky. V pr\u00edpade neakceptovania pripomienok \u017eiadame uskuto\u010dnenie rozporov\u00e9ho konania.&nbsp;<br>\ufeff<br>\ufeffSplnomocnen\u00fdmi z\u00e1stupcami verejnosti pri prerokovan\u00ed pripomienok v rozporovom konan\u00ed s\u00fa:<\/p>\n\n\n\n<p class=\"wp-block-paragraph\">\ufeffJUDr. Daniela \u010corbov\u00e1<\/p>\n\n\n\n<p class=\"wp-block-paragraph\">Mgr. Vikt\u00f3ria Bar\u00e1tov\u00e1<\/p>\n\n\n\n<p class=\"wp-block-paragraph\">Ivana Figuli, pr\u00e1vni\u010dka VIA&nbsp;IURIS<\/p>\n\n\n\n<p class=\"wp-block-paragraph\">\ufeffJUDr. Jana Michali\u010dkov\u00e1, PhD.<\/p>\n\n\n\n<p class=\"wp-block-paragraph\">Mgr. art. Eva Ohra\u010fanov\u00e1, ArtD.<\/p>\n\n\n\n<p class=\"wp-block-paragraph\"><strong>Organiz\u00e1tori<\/strong><\/p>\n\n\n\n<p class=\"wp-block-paragraph\"><strong>ZS<\/strong><\/p>\n\n\n\n<p class=\"wp-block-paragraph\">Zuzana Saganov\u00e1<\/p>\n\n\n\n<p class=\"wp-block-paragraph\"><strong>MD<\/strong><\/p>\n\n\n\n<p class=\"wp-block-paragraph\">Mari\u00e1n Damanko\u0161<\/p>\n\n\n\n<p class=\"wp-block-paragraph\"><strong>DM<\/strong><\/p>\n\n\n\n<p class=\"wp-block-paragraph\">Daniel Masarovi\u010d<\/p>\n\n\n\n<p class=\"wp-block-paragraph\"><strong>RB<\/strong><\/p>\n\n\n\n<p class=\"wp-block-paragraph\">Roman Baranovi\u010d<\/p>\n\n\n\n<p class=\"wp-block-paragraph\"><strong>JD<\/strong><\/p>\n\n\n\n<p class=\"wp-block-paragraph\">Juraj Droppa<\/p>\n\n\n\n<p class=\"wp-block-paragraph\"><strong>MS<\/strong><\/p>\n\n\n\n<p class=\"wp-block-paragraph\">M\u00e1ria Smrekov\u00e1<\/p>\n\n\n\n<p class=\"wp-block-paragraph\"><strong>EO<\/strong><\/p>\n\n\n\n<p class=\"wp-block-paragraph\">Eva Ohra\u010fanov\u00e1<\/p>\n\n\n\n<p class=\"wp-block-paragraph\"><strong>\u010co je to hromadn\u00e1 pripomienka&nbsp;<\/strong><a href=\"https:\/\/www.mojapeticia.sk\/ako-na-hromadnu-pripomienku\" target=\"_blank\" rel=\"noreferrer noopener\">Podrobnosti<\/a><\/p>\n\n\n\n<p class=\"wp-block-paragraph\">Hromadn\u00e1 pripomienka je n\u00e1stroj, pomocou ktor\u00e9ho m\u00f4\u017ee verejnos\u0165 pripomienkova\u0165 n\u00e1vrhy z\u00e1konov \u010di in\u00fdch pr\u00e1vnych predpisov. Mus\u00ed \u00eds\u0165 o jednozna\u010dne formulovan\u00fd a zd\u00f4vodnen\u00fd n\u00e1vrh na \u00fapravu n\u00e1vrhu konkr\u00e9tneho pr\u00e1vneho predpisu. M\u00f4\u017ee \u00eds\u0165 o n\u00e1vrh nov\u00e9ho textu, \u00fapravu existuj\u00faceho textu, doplnenie, zmenu, vypustenie alebo spresnenie p\u00f4vodn\u00e9ho textu. Ak hromadn\u00fa pripomienku podpor\u00ed aspo\u0148 500 os\u00f4b, potom je predkladate\u013e z\u00e1kona povinn\u00fd rokova\u0165 so z\u00e1stupcami verejnosti.<br><a href=\"https:\/\/www.mojapeticia.sk\/ako-na-hromadnu-pripomienku\">Pre\u010d\u00edtajte si viac o hromadnej pripomienke<\/a><\/p>\n\n\n\n<p class=\"wp-block-paragraph\"><strong>\u010co sa stane s mojim podpisom pod hromadn\u00fa pripomienku?<\/strong><\/p>\n\n\n\n<p class=\"wp-block-paragraph\">V\u00e1\u0161 podpis pod hromadn\u00fa pripomienku spolu s Va\u0161imi \u00fadajmi bude poskytnut\u00fd Organiz\u00e1torovi hromadnej pripomienky a spolu s podpismi ostatn\u00fdch podporovate\u013eov bude doru\u010den\u00fd predkladate\u013eovi z\u00e1kona v mene organiz\u00e1tora.<\/p>\n\n\n\n<p class=\"wp-block-paragraph\">Port\u00e1l spravuje ob\u010dianske zdru\u017eenie VIA IURIS, ktor\u00e9 sa star\u00e1 o to, aby ka\u017ed\u00e1 zverejnen\u00e1 podpisov\u00e1 akcia bola v s\u00falade s&nbsp;<a href=\"https:\/\/www.mojapeticia.sk\/pravidla-pouzivania\" rel=\"noreferrer noopener\" target=\"_blank\">Pravidlami pou\u017e\u00edvania<\/a>. Z\u00e1rove\u0148 v\u0161etky va\u0161e osobn\u00e9 \u00fadaje s\u00fa u n\u00e1s chr\u00e1nen\u00e9. Pre\u010d\u00edtajte si viac o&nbsp;<a href=\"https:\/\/www.mojapeticia.sk\/ochrana-osobnych-udajov\" rel=\"noreferrer noopener\" target=\"_blank\">Ochrane osobn\u00fdch \u00fadajov<\/a>.<a href=\"https:\/\/www.mojapeticia.sk\/campaign\/takto-nie!-hromadna-pripomienka-za-zachovanie-rovnakeho-financovania-a-podmienok-vzdelavania-pre-vsetky-deti.\/a4beb829-3e0e-48f0-b452-d8f79ea8bb8e\/42154a55-b15d-40ba-b469-d79ead4ba641\/#\">S\u00fahlas s pou\u017e\u00edvan\u00edm s\u00faborov &#8222;cookies&#8220;<\/a><\/p>\n\n\n\n<figure class=\"wp-block-image size-full\"><img loading=\"lazy\" decoding=\"async\" width=\"1024\" height=\"356\" src=\"https:\/\/www.e-anjelik.sk\/wp-content\/uploads\/2025\/07\/image.png\" alt=\"\" class=\"wp-image-38064\" srcset=\"https:\/\/www.e-anjelik.sk\/wp-content\/uploads\/2025\/07\/image.png 1024w, https:\/\/www.e-anjelik.sk\/wp-content\/uploads\/2025\/07\/image-300x104.png 300w, https:\/\/www.e-anjelik.sk\/wp-content\/uploads\/2025\/07\/image-768x267.png 768w\" sizes=\"auto, (max-width: 1024px) 100vw, 1024px\" \/><\/figure>\n\n\n\n<p class=\"wp-block-paragraph\">Prev\u00e1dzku webu MojaPeticia.sk podporuje Nad\u00e1cia ESET.<\/p>\n","protected":false},"excerpt":{"rendered":"<p>TAKTO NIE! \u017diadame zachovanie rovnak\u00fdch podmienok financovania a vzdel\u00e1vania pre v\u0161etky deti. Zost\u00e1va e\u0161te 6 dn\u00ed Pom\u00f4\u017ete n\u00e1m dosiahnu\u0165 15&nbsp;000Je n\u00e1s zatia\u013e 12&nbsp;572 ZDIE\u013dA\u0164 NA FACEBOOKU ZDIE\u013dA\u0164 NA TWITTER ZDIE\u013dA\u0164 NA LINKED IN Hromadn\u00e1 pripomienka bola zverejnen\u00e1 29.06.2025 a zastre\u0161uje ju TAKTO NIE! TAKTO NIE!&nbsp; Hromadn\u00e1 pripomienka za zachovanie rovnak\u00e9ho financovania a podmienok vzdel\u00e1vania pre &#8230; <a title=\"Pet\u00edcia predsedn\u00edctva VD ECAV\" class=\"read-more\" href=\"https:\/\/www.e-anjelik.sk\/index.php\/2025\/07\/01\/peticia-predsednictva-vd-ecav\/\" aria-label=\"Pre\u010d\u00edtajte si viac o Pet\u00edcia predsedn\u00edctva VD ECAV\">\u010c\u00edta\u0165 viac<\/a><\/p>\n","protected":false},"author":4,"featured_media":0,"comment_status":"open","ping_status":"open","sticky":false,"template":"","format":"standard","meta":{"footnotes":""},"categories":[4,12,195,31,518],"tags":[],"class_list":["post-38063","post","type-post","status-publish","format-standard","hentry","category-akcie","category-evanjelicke-skoly","category-evanjelicke-slovensko","category-prenasledovanie-krestanov","category-skoly"],"_links":{"self":[{"href":"https:\/\/www.e-anjelik.sk\/index.php\/wp-json\/wp\/v2\/posts\/38063","targetHints":{"allow":["GET"]}}],"collection":[{"href":"https:\/\/www.e-anjelik.sk\/index.php\/wp-json\/wp\/v2\/posts"}],"about":[{"href":"https:\/\/www.e-anjelik.sk\/index.php\/wp-json\/wp\/v2\/types\/post"}],"author":[{"embeddable":true,"href":"https:\/\/www.e-anjelik.sk\/index.php\/wp-json\/wp\/v2\/users\/4"}],"replies":[{"embeddable":true,"href":"https:\/\/www.e-anjelik.sk\/index.php\/wp-json\/wp\/v2\/comments?post=38063"}],"version-history":[{"count":1,"href":"https:\/\/www.e-anjelik.sk\/index.php\/wp-json\/wp\/v2\/posts\/38063\/revisions"}],"predecessor-version":[{"id":38065,"href":"https:\/\/www.e-anjelik.sk\/index.php\/wp-json\/wp\/v2\/posts\/38063\/revisions\/38065"}],"wp:attachment":[{"href":"https:\/\/www.e-anjelik.sk\/index.php\/wp-json\/wp\/v2\/media?parent=38063"}],"wp:term":[{"taxonomy":"category","embeddable":true,"href":"https:\/\/www.e-anjelik.sk\/index.php\/wp-json\/wp\/v2\/categories?post=38063"},{"taxonomy":"post_tag","embeddable":true,"href":"https:\/\/www.e-anjelik.sk\/index.php\/wp-json\/wp\/v2\/tags?post=38063"}],"curies":[{"name":"wp","href":"https:\/\/api.w.org\/{rel}","templated":true}]}}