{"id":38066,"date":"2025-07-02T20:13:30","date_gmt":"2025-07-02T18:13:30","guid":{"rendered":"https:\/\/www.e-anjelik.sk\/?p=38066"},"modified":"2025-07-03T15:16:58","modified_gmt":"2025-07-03T13:16:58","slug":"stojme-verne-v-sluzbe-evanjelia","status":"publish","type":"post","link":"https:\/\/www.e-anjelik.sk\/index.php\/2025\/07\/02\/stojme-verne-v-sluzbe-evanjelia\/","title":{"rendered":"Stojme verne v slu\u017ebe evanjelia!"},"content":{"rendered":"\n<p><em>&nbsp; &nbsp; &nbsp; &nbsp; &nbsp; &nbsp; &nbsp; &nbsp; &nbsp; &nbsp; &nbsp;<\/em><strong> Stojme verne v slu\u017ebe evanjelia!<\/strong><\/p>\n\n\n\n<p><em>Vernosti, vernosti<\/em><\/p>\n\n\n\n<p><em>daj, Bo\u017ee z milosti &#8211;<\/em><\/p>\n\n\n\n<p><em>vernosti i v m\u00e1le,<\/em><\/p>\n\n\n\n<p><em>tak \u017ei\u0165 Tebe k chv\u00e1le.<\/em><\/p>\n\n\n\n<p><em>Z m\u00e1la ku ve\u013edielu<\/em><\/p>\n\n\n\n<p><em>priprav du\u0161u cel\u00fa<\/em><\/p>\n\n\n\n<p><em>vierou n\u00e1s roznecuj,<\/em><\/p>\n\n\n\n<p><em>n\u00e1rod n\u00e1\u0161 posv\u00e4cuj! Amen&nbsp; (M.R.)<\/em><\/p>\n\n\n\n<p><strong>1 Kor 9, 16 &#8211; 23:<\/strong><\/p>\n\n\n\n<p><strong>\u00a0\u00a0<\/strong><em> \u201eLebo ke\u010f k\u00e1\u017eem evanjelium, to nie je chv\u00e1lou pre m\u0148a, to je moja povinnos\u0165; beda by mi bolo, keby som nek\u00e1zal evanjelium.\u00a0(17) Lebo m\u00e1m odmenu len vtedy, ke\u010f to \u010din\u00edm dobrovo\u013ene, ale ak nedobrovo\u013ene, bolo i to zveren\u00e9 len ako \u00farad. (18) Ak\u00fa odmenu m\u00e1m teda? \u017de ke\u010f k\u00e1\u017eem evanjelium, predklad\u00e1m ho bezplatne, aby som nevyu\u017eil svoje pr\u00e1vo pri evanjeliu. (19) Lebo hoci aj slobodn\u00fd od v\u0161etk\u00fdch, dal som sa do slu\u017eby v\u0161etk\u00fdm, aby som \u010d\u00edm viacer\u00fdch z\u00edskal. (20) Bol som \u017didom \u017did, aby som \u017didov z\u00edskal; t\u00fdm, \u010do s\u00fa pod z\u00e1konom, bol som aj ja ako pod z\u00e1konom, hoci nie som pod z\u00e1konom, aby som z\u00edskal t\u00fdch, \u010do s\u00fa pod z\u00e1konom; (21) T\u00fdm, \u010do s\u00fa bez z\u00e1kona, bol som ako bez z\u00e1kona; hoci nie som bez z\u00e1kona Bo\u017eieho, ke\u010f\u017ee som pod z\u00e1konom Kristov\u00fdm, aby som z\u00edskal t\u00fdch, \u010do s\u00fa bez z\u00e1kona; (22) slab\u00fdm bol som slab\u00fd, aby som slab\u00fdch z\u00edskal; v\u0161etk\u00fdm bol som v\u0161etko, aby som aspo\u0148 niektor\u00fdch priviedol ku spaseniu. (23) A to v\u0161etko rob\u00edm pre evanjelium, aby som bol jeho spolu\u00fa\u010dastn\u00edkom\u201c. Amen<\/em><\/p>\n\n\n\n<p>Bratia a sestry v P\u00e1novi!<\/p>\n\n\n\n<p><em>\u00a0 \u00a0 \u00a0 <\/em>V dne\u0161n\u00fd sviatok apo\u0161tolov Petra a Pavla si na \u00favod pripome\u0148me, \u010do u\u010d\u00ed a hovor\u00ed 21. \u010dl\u00e1nok n\u00e1\u0161ho Augsbursk\u00e9ho vierovyznania o \u00facte k sv\u00e4t\u00fdm:<em> <em>\u201e<\/em>O \u00facte k sv\u00e4t\u00fdm u\u010d\u00edme, \u017ee si sv\u00e4t\u00fdch m\u00e1me pripom\u00edna\u0165, aby sme t\u00fdm posilnili na\u0161u vieru, ke\u010f vid\u00edme ako dosiahli milos\u0165 a ako im pomohla viera. Okrem toho si m\u00e1me z ich dobr\u00fdch skutkov vzia\u0165 pr\u00edklad ka\u017ed\u00fd vo svojom povolan\u00ed\u201c.<\/em><\/p>\n\n\n\n<p>&nbsp; Ke\u010f si tento \u010dl\u00e1nok pripom\u00edname, rob\u00edme tak preto, lebo je nepochybn\u00e9, \u017ee Petrova i Pavlova apo\u0161tolsk\u00e1 pr\u00e1ca zost\u00e1va pre cel\u00fa cirkev ve\u013emi pou\u010dnou kapitolou. Rovnako aj ich osobn\u00fd pr\u00edklad viery, n\u00e1deje a l\u00e1sky a ich osobnej stato\u010dnosti je pomocou k tomu, aby sme sa aj my posilnili vo viere poh\u013eadom na to, ako oni dosiahli milos\u0165 pred P\u00e1nom Bohom a aby sme videli, \u010do znamen\u00e1 a prin\u00e1\u0161a kres\u0165ansk\u00e1 viera pre \u017eivot.<\/p>\n\n\n\n<p>&nbsp;&nbsp; Napokon m\u00f4\u017ee ka\u017ed\u00fd kres\u0165an n\u00e1js\u0165 v ich \u017eivote dostatok in\u0161piruj\u00facich podnetov ku skutkom l\u00e1sky a k preukazovaniu kres\u0165ansk\u00e9ho konania. Nesmieme toti\u017e zab\u00fada\u0165 na to, \u017ee hoci nie sme a nebudeme v\u0161etci duchovn\u00fdmi pastiermi cirkvi, predsa sme v\u0161etci <em>\u201epovolan\u00e1 Bo\u017e\u00ed a sv\u00e4t\u00ed\u201c<\/em>. V\u0161etci sme <em>\u201ekr\u00e1\u013eovsk\u00fdm k\u0148azstvom a sv\u00e4t\u00fdm Bo\u017e\u00edm \u013eu\u010fom\u201c.<\/em> (1 Pt)<\/p>\n\n\n\n<p>&nbsp;&nbsp; Z tohoto poznania o na\u0161om vyvolen\u00ed a vyzna\u010den\u00ed v Krste sv\u00e4tom vypl\u00fdvaj\u00fa na\u0161e povinnosti ako kres\u0165anov a tak aj na\u0161e poslanie. Slu\u017ebu evanjelia iste potrebuje aj dne\u0161n\u00fd \u010dlovek a dne\u0161n\u00fd svet. E\u0161te aj ten, kto popiera existenciu P\u00e1na Boha, chce \u017ei\u0165 z darov Jeho sv\u00e4t\u00e9ho Ducha. To je dostato\u010dn\u00fd d\u00f4vod &#8211; okrem in\u00fdch &#8211; aby sme za pr\u00edkladom Petra a Pavla po\u010duli a prijali oslovenie dne\u0161n\u00e9ho sviatku:&nbsp;<\/p>\n\n\n\n<p>&nbsp; &nbsp;<strong> Stojme verne v slu\u017ebe evanjelia!<\/strong><\/p>\n\n\n\n<p><em>1. Je to na\u0161a najsv\u00e4tej\u0161ia povinnos\u0165<\/em><\/p>\n\n\n\n<p><em>2. Nech n\u00e1s zdob\u00ed pokorn\u00e1 poslu\u0161nos\u0165<\/em><\/p>\n\n\n\n<p><em>3. Na P\u00e1novej odmene majme dos\u0165<\/em><\/p>\n\n\n\n<p><em>&nbsp;&nbsp;<\/em> 1.Bratia a sestry v P\u00e1novi!<\/p>\n\n\n\n<p>&nbsp;&nbsp; Dne\u0161n\u00e9 svedectvo P\u00edsma sv\u00e4t\u00e9ho je z pera apo\u0161tola Pavla. Toho apo\u0161tola, ktor\u00fd predt\u00fdm <em>\u201enadmieru prenasledoval a nivo\u010dil cirkev Bo\u017eiu\u201c (Gal 1, 13).<\/em> Prizn\u00e1va aj to, \u017ee bol ako ml\u00e1den\u010dek pri kame\u0148ovan\u00ed \u0160tefana a str\u00e1\u017eil \u0161aty t\u00fdch, \u010do ho kame\u0148ovali.&nbsp;<\/p>\n\n\n\n<p>\u00a0\u00a0 Mo\u017eno n\u00e1s to v\u0161etko dnes prekvap\u00ed a zaraz\u00ed a povieme si: Tak\u00e9ho \u010dloveka si m\u00e1me pripom\u00edna\u0165 a nasledova\u0165? Iste ani on s\u00e1m si v mladosti nevedel predstavi\u0165 a nepomyslel na to, \u017ee bude st\u00e1\u0165 v apo\u0161tolskej slu\u017ebe a bude spl\u00e1ca\u0165 dlh P\u00e1novej milosti a l\u00e1sky. A predsa je to ten ist\u00fd \u010dlovek, nesk\u00f4r vern\u00fd apo\u0161tol, ktor\u00fd vyzn\u00e1va: <em>\u201eNa mne prvom dok\u00e1zal v\u0161etku svoju zhovievavos\u0165\u201c.<\/em><\/p>\n\n\n\n<p><em>\u00a0 \u00a0 Apo\u0161tol Pavol nie je s\u00e1m a prv\u00fd ospravedlnen\u00fd hrie\u0161nik. Nejde o poradie, ale o skuto\u010dn\u00e9 poznanie, \u017ee aj on prijal \u201emilos\u0165 nad milos\u0165\u201c <\/em>a napokon mohol vyzna\u0165:<em> <em>\u201e<\/em>Z milosti Bo\u017eej som to, \u010do som a Jeho milos\u0165 nebola pri mne daromn\u00e1\u201c.<\/em><\/p>\n\n\n\n<p><em>\u00a0\u00a0<\/em> Aj apo\u0161tol Peter poznal t\u00fa ist\u00fa Bo\u017eiu milos\u0165, ke\u010f pri Cezarei Filipovej najsk\u00f4r vyznal o Je\u017ei\u0161ovi :<em> <em>\u201e<\/em>Ty si Kristus, Syn Boha \u017eiv\u00e9ho\u201c\u00a0<\/em>a bol povolan\u00fd za apo\u0161tola. Smel by\u0165 na hore premenenia, bol pr\u00edtomn\u00fd pri ustanoven\u00ed P\u00e1novej ve\u010dere, ale napokon tri kr\u00e1t zaprel P\u00e1na. Len z milosti mohol napokon zlo\u017ei\u0165 pri Genezaretskom jazere \u00faspe\u0161n\u00fd repar\u00e1t a prija\u0165 nanovo poverenie:<em> <em>\u201e<\/em>Pas moje ove\u010dky, pas mojich bar\u00e1nkov\u201c <\/em>a napokon predsa len<em> \u201eutvrdzova\u0165 svojich bratov vo viere\u201c.<\/em><\/p>\n\n\n\n<p><em>\u00a0<\/em> Tak sa obaja stali<em> \u201evyvolenou Bo\u017eou n\u00e1dobou\u201c <\/em>a mohli nies\u0165 a hl\u00e1sa\u0165 evanjelium medzi \u017didmi i pohanmi. Napokon apo\u0161tol Pavol v liste kres\u0165anom do Korintu vyzn\u00e1va:<em> <em>\u201e<\/em>Lebo ke\u010f k\u00e1\u017eem evanjelium, to nie je chv\u00e1lou pre m\u0148a, to je moja povinnos\u0165; beda by mi bolo, keby som nek\u00e1zal evanjelium\u201c.<\/em><\/p>\n\n\n\n<p><em>&nbsp;<\/em>&nbsp; Bratia a sestry v P\u00e1nu!<\/p>\n\n\n\n<p>\u00a0\u00a0 Vieme, ako nepekne to znie, ke\u010f sa o niekom povie: Rob\u00ed to iba z povinnosti! Len\u017ee apo\u0161tol Pavol vie, \u017ee <em>\u201eevanjelium je mocou Bo\u017eou na spasenie ka\u017ed\u00e9mu veriacemu\u201c ( R 1, 16)\u00a0 <\/em>Vie, \u017ee pre jeho predch\u00e1dzaj\u00face bl\u00fadenie je jeho slu\u017eba ve\u013ek\u00e9 pr\u00e1vo a najm\u00e4 vie a pozn\u00e1 hodnotu evanjelia ako daru milosti pre v\u0161etk\u00fdch \u013eud\u00ed. Je to pre neho najsv\u00e4tej\u0161ia povinnos\u0165 a takou m\u00e1 by\u0165 aj jeho hl\u00e1sanie aj pre n\u00e1s.<\/p>\n\n\n\n<p>&nbsp; &nbsp; &nbsp; Podmienkou jeho hl\u00e1sania a apo\u0161tolskej slu\u017eby nie je na\u0161a kvalita, na\u0161e vzdelanie, na\u0161a mienka, na\u0161e n\u00e1zory a na\u0161a dobr\u00e1 v\u00f4\u013ea. Jeho hodnota je ve\u013ek\u00e1 a je pon\u00faknut\u00e1 P\u00e1nom Bohom v\u0161etk\u00e9mu \u013eudu, v\u0161etk\u00fdm n\u00e1rodom a gener\u00e1ci\u00e1m a aj pre n\u00e1s je to t\u00e1 najsv\u00e4tej\u0161ia povinnos\u0165. Preto chceme st\u00e1\u0165 na pravom apo\u0161tolskom z\u00e1klade cirkvi aj dnes a uvedomuj\u00fac si jeho hodnotu vyzn\u00e1vame:<em> Beda by n\u00e1m bolo, keby sme nek\u00e1zali evanjelium! <\/em>Previnili by sme sa vo\u010di P\u00e1novi cirkvi, vo\u010di sebe i na\u0161im bl\u00ed\u017enym. Preto za pr\u00edkladom apo\u0161tolov stojme verne v P\u00e1novej slu\u017ebe vhod, nevhod.<\/p>\n\n\n\n<p>&nbsp;&nbsp; 2. Bratia a sestry v Kristu, P\u00e1novi!<\/p>\n\n\n\n<p>&nbsp; &nbsp; &nbsp; V apo\u0161tolskej slu\u017ebe st\u00e1li verne aj \u010fal\u0161ie gener\u00e1cie \u013eudu Bo\u017eieho. Nie v\u017edy a nie v\u0161etci kres\u0165ania sa dok\u00e1zali vern\u00fdmi v tejto n\u00e1ro\u010dnej slu\u017ebe slova, alebo \u017eivota. Ale v\u017edy P\u00e1n povolal tak\u00fdch, ktor\u00ed sa dok\u00e1zali v slu\u017ebe evanjelia vern\u00fdmi.<\/p>\n\n\n\n<p>\u00a0\u00a0 M\u00f4\u017eme pripomen\u00fa\u0165 vern\u00fa slu\u017ebu a pokorn\u00fa poslu\u0161nos\u0165 dvoch gr\u00e9ckych bratov z Tesalon\u00edk, ktor\u00ed v 9. storo\u010d\u00ed pri\u0161li zo svojej ot\u010diny k na\u0161\u00edm predkom v tej istej slu\u017ebe, kde predt\u00fdm pri\u0161iel apo\u0161tol Pavel ku Gr\u00e9kom. Pozn\u00e1me pomerne podrobne ich \u017eivotn\u00e9 cesty a osobn\u00e9 obdarovania a m\u00f4\u017eeme poveda\u0165 aj s odstupom temer tis\u00edc dvesto rokov, \u017ee pred cis\u00e1rom Michalom III. vyznali, \u017ee napriek \u00fanave a telesnej slabosti Kon\u0161tant\u00edna zveren\u00fa \u00falohu misie na Ve\u013ekej Morave ochotne prij\u00edmaj\u00fa. Svoju vieru dok\u00e1zali aj oni poslu\u0161nos\u0165ou a misiu ch\u00e1pali ako svoju sv\u00e4t\u00fa povinnos\u0165.\u00a0<\/p>\n\n\n\n<p>&nbsp;&nbsp; &nbsp; Vieru ako poslu\u0161nos\u0165 Hospodinu prejavil u\u017e Abrah\u00e1m a po \u0148om cel\u00fd oblak svedkov SZ i NZ. Slovami apo\u0161tola Pavla vyzn\u00e1vali mnoh\u00ed: <em>\u201eLebo hoci aj slobodn\u00fd od v\u0161etk\u00fdch, dal som sa do slu\u017eby v\u0161etk\u00fdm, aby som \u010d\u00edm viacer\u00fdch z\u00edskal\u201c.&nbsp;<\/em><\/p>\n\n\n\n<p><em>&nbsp;&nbsp;<\/em> Preto bol Pavel<em>: \u201e\u017didom \u017did a Gr\u00e9kom Gr\u00e9k.\u201c. <\/em>K t\u00fdm,<em> \u201e\u010do boli pod z\u00e1konom Moj\u017ei\u0161ov\u00fdm sa dok\u00e1zal pribl\u00ed\u017ei\u0165 cez slovo z\u00e1kona, hoci nebol pod z\u00e1konom. <\/em>K t\u00fdm<em>, \u201e\u010do s\u00fa bez z\u00e1kona, bol ako bez z\u00e1kona, hoci s\u00e1m nebol bez z\u00e1kona Kristovho\u201c. \u201eSlab\u00fdm bol slab\u00fd, aby slab\u00fdch z\u00edskal\u201c; v\u0161etk\u00fdm bol som v\u0161etko, aby som aspo\u0148 niektor\u00fdch priviedol ku spaseniu\u201c. <\/em>T\u00fdm apo\u0161tol povedal, \u017ee sa nad nikoho nepovy\u0161oval a nebol \u017eiadostiv\u00fd m\u00e1rnej chv\u00e1ly, ale dok\u00e1zal pozna\u0165 a uzna\u0165 hodnotu a d\u00f4stojnos\u0165 ka\u017ed\u00e9ho \u010dloveka.&nbsp;<\/p>\n\n\n\n<p>&nbsp;&nbsp; <em>Ned\u00e1vno ma pred obchodom pozdravil mlad\u0161\u00ed mu\u017e a prihovoril sa mi ot\u00e1zkou, \u010di ho pozn\u00e1m. Musel som po pravde poveda\u0165, \u017ee nie. &#8211; Povedal: \u201eVy ste ma pred dev\u00e4tn\u00e1stimi rokmi sob\u00e1\u0161ili. Povedal som v\u00e1m, \u017ee som ateista, ale vy ste sa nepovy\u0161ovali a povedali ste mi: Ka\u017ed\u00fd \u010dlovek m\u00e1 nejak\u00fa vieru. Vy ver\u00edte, \u017ee Boh nie je, ja ver\u00edm inak. &#8211; Ide o to, aby ste sa v man\u017eelstve vz\u00e1jomne tolerovali a mali radi. Dodnes si to pam\u00e4t\u00e1m\u201c. Mus\u00edm poveda\u0165, \u017ee ma to nielen milo prekvapilo, ale aj pote\u0161ilo.<\/em><\/p>\n\n\n\n<p><em>&nbsp;&nbsp;<\/em> Bratia a sestry v P\u00e1novi!<\/p>\n\n\n\n<p>\u00a0\u00a0 Nie je jednoduch\u00e9 zvestova\u0165 pravdu evanjelia, ako to dok\u00e1zal Majster J\u00e1n Hus a by\u0165 vern\u00fd aj vtedy, ak sa stret\u00e1me s nepriate\u013esk\u00fdm postojom a odmietnut\u00edm. Mysl\u00edme v tomto \u010dase na jeho mu\u010den\u00edcku smr\u0165 v roku 1415 (6. j\u00fala) a jeho odkaz vernosti P\u00e1novi vo viere a l\u00e1ske. I ke\u010f sa dnes menom \u201ehusita\u201c ozna\u010duje sk\u00f4r bojovn\u00edk so zbra\u0148ou v ruke, Husov odkaz je in\u00fd. Chcel \u010dist\u00fa cirkev bez po\u0161kvrny a vr\u00e1sky a h\u013eadal vernos\u0165 pravde. S Pavlom vyzn\u00e1val:<em>  <em>\u201e<\/em>A to v\u0161etko rob\u00edm pre evanjelium, aby som bol jeho spol\u00fa\u010dastn\u00edkom\u201c.<\/em> Boj bol jeho nasledovn\u00edkom vn\u00faten\u00fd.\u00a0<\/p>\n\n\n\n<p>&nbsp; &nbsp; 3. Bratia a sestry v P\u00e1novi!<\/p>\n\n\n\n<p>&nbsp;&nbsp; Realizmus viery je aj v tom, \u017ee viera vie a vid\u00ed, \u017ee aj ke\u010f chceme sl\u00fa\u017ei\u0165 v\u0161etk\u00fdm na\u0161ou pokornou poslu\u0161nos\u0165ou, nie v\u0161etk\u00fdch \u013eud\u00ed oslov\u00edme a privedieme k spaseniu. Evanjelium patr\u00ed v\u0161etk\u00e9mu stvoreniu, ale nie v\u0161etci uverili apo\u0161tolom, alebo vierozvestom \u010di kazate\u013eom.<\/p>\n\n\n\n<p>&nbsp;&nbsp; Dnes hovor\u00edme aj o va\u0161ej slu\u017ebe, ktor\u00fa kon\u00e1te v cirkvi, ale aj vo va\u0161ich rodin\u00e1ch. Je to nielen praktick\u00e1 slu\u017eby, ale aj slu\u017eba v\u0161etk\u00fdm dom\u00e1cim pr\u00edkladom vernosti a st\u00e1losti vo viere. To, \u010do sk\u00fasili apo\u0161tolovia, skusujeme v rozli\u010dnej miere v\u0161etci. Spozn\u00e1vame n\u00e1ro\u010dnos\u0165 tejto slu\u017eby evanjelia, ktor\u00e1 je na\u0161a sv\u00e4t\u00e1 povinnos\u0165, je ur\u010den\u00e1 v\u0161etk\u00fdm, i t\u00fdm, o ktor\u00fdch mo\u017eno vieme, \u017ee veria dnes inak a v in\u00e9 hodnoty ako my.<\/p>\n\n\n\n<p>&nbsp;&nbsp; &nbsp; &nbsp; &nbsp; Ak\u00fa odmenu m\u00e1me a m\u00f4\u017eeme o\u010dak\u00e1va\u0165 za svedeck\u00fa slu\u017ebu evanjelia? Vid\u00edme a pozn\u00e1me mnoh\u00fdch sklaman\u00fdch, pre\u0165a\u017een\u00fdch i rezignuj\u00facich slu\u017eobn\u00edkov, ktor\u00ed cel\u00e9 roky na rozli\u010dn\u00fdch postoch bez n\u00e1roku na odmenu konali rozli\u010dn\u00fa slu\u017ebu. Odmena v cirkvi b\u00fdva sk\u00f4r symbolick\u00e1, neraz ch\u00fdba aj slovo pochvaly a v\u010faky.<\/p>\n\n\n\n<p>&nbsp;&nbsp; \u010co budeme ma\u0165 za to, alebo z toho, \u017ee stoj\u00edme verne v slu\u017ebe evanjelia? &#8211; p\u00fdtate sa mo\u017eno niekedy aj vy, ako rodi\u010dia, presbyteri a slu\u017eobn\u00edci cirkvi. Apo\u0161tolom bolo odmenou u\u017e to, \u017ee vedeli o hodnote Bo\u017eej milosti v tom, \u017ee smeli sl\u00fa\u017ei\u0165 P\u00e1novi Je\u017ei\u0161ovi Kristovi vernos\u0165ou a poslu\u0161nos\u0165ou, toti\u017e \u017ee boli uznan\u00ed za hodn\u00fdch priv\u00e1dza\u0165 svojich bl\u00ed\u017enych ku spaseniu.<\/p>\n\n\n\n<p>&nbsp;&nbsp; Apo\u0161tolsk\u00e9 povzbudenie vi\u010fme aj my v\u0161etci jednak v dare milosti by\u0165 spolu\u00fa\u010dastn\u00edkmi slu\u017eby P\u00e1novej a potom v Jeho zas\u013e\u00faben\u00ed: <em>\u201eVa\u0161a odmena hojn\u00e1 je v nebesiach\u201c.<\/em> Na P\u00e1novej odmene majme dos\u0165. Trpezlivo \u010dakajme na naplnenie tohoto s\u013eubu, ktor\u00fd je s\u013eubom vern\u00e9ho P\u00e1na o trvalom a ve\u010dnom pokoji, l\u00e1ske a radosti v Jeho kr\u00e1\u013eovstve. Amen&nbsp;<\/p>\n\n\n\n<p>\u00a0 2. nede\u013ea po Sv\u00e4tej Trojici &#8211; sviatok apo\u0161tolov Petra a Pavla.<\/p>\n\n\n\n<p>&nbsp;&nbsp; &nbsp; &nbsp; &nbsp; &nbsp; &nbsp; &nbsp; &nbsp; &nbsp; &nbsp; &nbsp; &nbsp; &nbsp; &nbsp; &nbsp; &nbsp; &nbsp; &nbsp; &nbsp; &nbsp; &nbsp; &nbsp; &nbsp; &nbsp; &nbsp; &nbsp; &nbsp; &nbsp; &nbsp; &nbsp; &nbsp; &nbsp; &nbsp; \u013dubom\u00edr Batka st.<\/p>\n","protected":false},"excerpt":{"rendered":"<p>&nbsp; &nbsp; &nbsp; &nbsp; &nbsp; &nbsp; &nbsp; &nbsp; &nbsp; &nbsp; &nbsp; Stojme verne v slu\u017ebe evanjelia! Vernosti, vernosti daj, Bo\u017ee z milosti &#8211; vernosti i v m\u00e1le, tak \u017ei\u0165 Tebe k chv\u00e1le. Z m\u00e1la ku ve\u013edielu priprav du\u0161u cel\u00fa vierou n\u00e1s roznecuj, n\u00e1rod n\u00e1\u0161 posv\u00e4cuj! Amen&nbsp; (M.R.) 1 Kor 9, 16 &#8211; 23: \u00a0\u00a0 \u201eLebo &#8230; <a title=\"Stojme verne v slu\u017ebe evanjelia!\" class=\"read-more\" href=\"https:\/\/www.e-anjelik.sk\/index.php\/2025\/07\/02\/stojme-verne-v-sluzbe-evanjelia\/\" aria-label=\"Pre\u010d\u00edtajte si viac o Stojme verne v slu\u017ebe evanjelia!\">\u010c\u00edta\u0165 viac<\/a><\/p>\n","protected":false},"author":4,"featured_media":0,"comment_status":"open","ping_status":"open","sticky":false,"template":"","format":"standard","meta":{"footnotes":""},"categories":[563,121,6,566],"tags":[],"class_list":["post-38066","post","type-post","status-publish","format-standard","hentry","category-2-nedela-po-sv-trojici","category-kazne","category-myjavsky-seniorat","category-petra-a-pavla"],"_links":{"self":[{"href":"https:\/\/www.e-anjelik.sk\/index.php\/wp-json\/wp\/v2\/posts\/38066","targetHints":{"allow":["GET"]}}],"collection":[{"href":"https:\/\/www.e-anjelik.sk\/index.php\/wp-json\/wp\/v2\/posts"}],"about":[{"href":"https:\/\/www.e-anjelik.sk\/index.php\/wp-json\/wp\/v2\/types\/post"}],"author":[{"embeddable":true,"href":"https:\/\/www.e-anjelik.sk\/index.php\/wp-json\/wp\/v2\/users\/4"}],"replies":[{"embeddable":true,"href":"https:\/\/www.e-anjelik.sk\/index.php\/wp-json\/wp\/v2\/comments?post=38066"}],"version-history":[{"count":3,"href":"https:\/\/www.e-anjelik.sk\/index.php\/wp-json\/wp\/v2\/posts\/38066\/revisions"}],"predecessor-version":[{"id":38069,"href":"https:\/\/www.e-anjelik.sk\/index.php\/wp-json\/wp\/v2\/posts\/38066\/revisions\/38069"}],"wp:attachment":[{"href":"https:\/\/www.e-anjelik.sk\/index.php\/wp-json\/wp\/v2\/media?parent=38066"}],"wp:term":[{"taxonomy":"category","embeddable":true,"href":"https:\/\/www.e-anjelik.sk\/index.php\/wp-json\/wp\/v2\/categories?post=38066"},{"taxonomy":"post_tag","embeddable":true,"href":"https:\/\/www.e-anjelik.sk\/index.php\/wp-json\/wp\/v2\/tags?post=38066"}],"curies":[{"name":"wp","href":"https:\/\/api.w.org\/{rel}","templated":true}]}}