{"id":3807,"date":"2011-10-07T13:03:13","date_gmt":"2011-10-07T13:03:13","guid":{"rendered":"http:\/\/e-anjelik.sk\/?p=3807"},"modified":"2011-10-07T13:03:13","modified_gmt":"2011-10-07T13:03:13","slug":"znedelieva-sa-a-mame-tu-aj-oktober","status":"publish","type":"post","link":"https:\/\/www.e-anjelik.sk\/index.php\/2011\/10\/07\/znedelieva-sa-a-mame-tu-aj-oktober\/","title":{"rendered":"Znedelieva sa a m\u00e1me tu aj okt\u00f3ber"},"content":{"rendered":"<p><em>Znedelieva sa a m&aacute;me tu aj \u010das okt&oacute;ber&nbsp;&#8211; \u010das zberov &uacute;rod i upratovac&iacute;ch pr&aacute;c. Tie\u017e si budeme pripom&iacute;na\u0165 pamiatku reform&aacute;cie a \u017ee cirkev sa m&aacute; st&aacute;le obnovova\u0165. U\u017e je prilo\u017een&yacute; vys&aacute;va\u010d adminkov na kore\u0148 internetov&yacute;ch rozhovorov diskusi&iacute; a ich plodov. \u010co je dobr&eacute;, zhroma\u017ed&iacute; sa na holohumnici, a \u010do je nani\u010d s&uacute;ce vyhodia na ohe\u0148, do tmy, kde bude pla\u010d a &scaron;kr&iacute;panie zubov&#8230; to\u013eko&nbsp;aktu&aacute;lny a mierne poetick&yacute;&nbsp;gener&aacute;lny &uacute;vod:<\/em><\/p>\n<p>V&aacute;\u017een&iacute; u\u017e&iacute;vatelia. Vzal som si va&scaron;e v&yacute;zvy k srdcu. \u010eakujem za Va&scaron;e \u017eehnania, \u017eelania aj por&uacute;\u010dania. Podobne aj V&aacute;m.<\/p>\n<p>T&uacute;to str&aacute;nku rob&iacute;m(e) s dobr&yacute;m &uacute;myslom, ako je to nap&iacute;san&eacute; v \u010dasti <a href=\"http:\/\/www.evanjelik.net\/o-nas\/\">O n&aacute;s<\/a>. Str&aacute;nka znamen&aacute; nemal&eacute; n&aacute;roky na energiu, peniaze a aj snahu a \u010das pre viacer&yacute;ch z n&aacute;s. \u010casu je m&aacute;lo a nest&iacute;hame \u010do by sme chceli.<\/p>\n<p>Pros&iacute;m preto u\u017e&iacute;vate\u013eov, ktor&yacute;m sa p&aacute;\u010di mo\u017enos\u0165 publikovania na tejto str&aacute;nke, aby zv&aacute;\u017eili, <strong>ako <\/strong>a <strong>pre\u010do <\/strong>to robia.<\/p>\n<p>Ak sa im nep&aacute;\u010di alebo sa nezhoduj&uacute; s jej zmyslom a cie\u013eom (vi\u010f vy&scaron;&scaron;ie), pros&iacute;m aby sa zdr\u017eali zan&aacute;&scaron;ania cel&eacute;ho port&aacute;lu svojimi pr&iacute;spevkami i jeho un&aacute;&scaron;ania &#8211; pre <em>svoje <\/em>&uacute;\u010dely.<\/p>\n<p>Ktor&yacute;m sa tento port&aacute;l a najm&auml; neznesite\u013en&aacute; \u013eahkos\u0165 publikovania a zverej\u0148ovania p&aacute;\u010di, pros&iacute;m aby zv&aacute;\u017eil, \u017ee jeho chod n&aacute;s stoj&iacute; 40 v pote tv&aacute;ri zaroben&yacute;ch, odhubyodtrhnut&yacute;ch a zdanen&yacute;ch a kr&iacute;zou ohrozen&yacute;ch zvlastn&eacute;hova\u010dku vytianut&yacute;ch EUR &#8211; ka\u017ed&yacute; mesiac, a teda nech n&aacute;s podpor&iacute;, resp. cel&yacute; port&aacute;l aj s know-how, dom&eacute;nou, d&aacute;tov&yacute;mi z&aacute;lohami, investovan&yacute;m \u010dasom a goodwillom k&uacute;pi. Kto port&aacute;l nepodpor&iacute;, nech mu aspo\u0148 pom&ocirc;\u017ee modlitbami, ak m&ocirc;\u017ee. P&aacute;n ur\u010dite a \u010doskoro vypo\u010duje va&scaron;e a teda&nbsp;na&scaron;e modlitby, lebo aj P&aacute;n, neme&scaron;k&aacute;, len n&aacute;m zhovieva. To\u013eko zatia\u013e, na viac \u010dasu neost&aacute;va&#8230; Zachovajte n&aacute;m priaze\u0148 a dr\u017ete sa Pravdy.<\/p>\n<p><em>Budeme spieva\u0165 piese\u0148 z ev. funebr&aacute;la \u010d. 32, prv&eacute; tri ver&scaron;e. opakujem. \u010d&iacute;slo 32, prv&eacute; tri ver&scaron;e.<\/em><\/p>\n","protected":false},"excerpt":{"rendered":"<p>Znedelieva sa a m&aacute;me tu aj \u010das okt&oacute;ber&nbsp;&#8211; \u010das zberov &uacute;rod i upratovac&iacute;ch pr&aacute;c. Tie\u017e si budeme pripom&iacute;na\u0165 pamiatku reform&aacute;cie a \u017ee cirkev sa m&aacute; st&aacute;le obnovova\u0165. U\u017e je prilo\u017een&yacute; vys&aacute;va\u010d adminkov na kore\u0148 internetov&yacute;ch rozhovorov diskusi&iacute; a ich plodov. \u010co je dobr&eacute;, zhroma\u017ed&iacute; sa na holohumnici, a \u010do je nani\u010d s&uacute;ce vyhodia na ohe\u0148, &#8230; <a title=\"Znedelieva sa a m\u00e1me tu aj okt\u00f3ber\" class=\"read-more\" href=\"https:\/\/www.e-anjelik.sk\/index.php\/2011\/10\/07\/znedelieva-sa-a-mame-tu-aj-oktober\/\" aria-label=\"Pre\u010d\u00edtajte si viac o Znedelieva sa a m\u00e1me tu aj okt\u00f3ber\">\u010c\u00edta\u0165 viac<\/a><\/p>\n","protected":false},"author":1,"featured_media":0,"comment_status":"open","ping_status":"open","sticky":false,"template":"","format":"standard","meta":{"footnotes":""},"categories":[1],"tags":[],"class_list":["post-3807","post","type-post","status-publish","format-standard","hentry","category-adventna-modlitba"],"_links":{"self":[{"href":"https:\/\/www.e-anjelik.sk\/index.php\/wp-json\/wp\/v2\/posts\/3807","targetHints":{"allow":["GET"]}}],"collection":[{"href":"https:\/\/www.e-anjelik.sk\/index.php\/wp-json\/wp\/v2\/posts"}],"about":[{"href":"https:\/\/www.e-anjelik.sk\/index.php\/wp-json\/wp\/v2\/types\/post"}],"author":[{"embeddable":true,"href":"https:\/\/www.e-anjelik.sk\/index.php\/wp-json\/wp\/v2\/users\/1"}],"replies":[{"embeddable":true,"href":"https:\/\/www.e-anjelik.sk\/index.php\/wp-json\/wp\/v2\/comments?post=3807"}],"version-history":[{"count":0,"href":"https:\/\/www.e-anjelik.sk\/index.php\/wp-json\/wp\/v2\/posts\/3807\/revisions"}],"wp:attachment":[{"href":"https:\/\/www.e-anjelik.sk\/index.php\/wp-json\/wp\/v2\/media?parent=3807"}],"wp:term":[{"taxonomy":"category","embeddable":true,"href":"https:\/\/www.e-anjelik.sk\/index.php\/wp-json\/wp\/v2\/categories?post=3807"},{"taxonomy":"post_tag","embeddable":true,"href":"https:\/\/www.e-anjelik.sk\/index.php\/wp-json\/wp\/v2\/tags?post=3807"}],"curies":[{"name":"wp","href":"https:\/\/api.w.org\/{rel}","templated":true}]}}