{"id":3808,"date":"2011-10-09T18:33:35","date_gmt":"2011-10-09T18:33:35","guid":{"rendered":"http:\/\/e-anjelik.sk\/?p=3808"},"modified":"2011-10-09T18:33:35","modified_gmt":"2011-10-09T18:33:35","slug":"prepodivne-veci-videli-sme-dnes","status":"publish","type":"post","link":"https:\/\/www.e-anjelik.sk\/index.php\/2011\/10\/09\/prepodivne-veci-videli-sme-dnes\/","title":{"rendered":"Prepodivn\u00e9 veci videli sme dnes"},"content":{"rendered":"<p>&nbsp;<span class=\"Apple-style-span\" style=\"font-family: Helvetica; font-size: 18px; line-height: normal; \">&nbsp; &nbsp; &nbsp; &nbsp; &nbsp; &nbsp; &nbsp; &nbsp; &nbsp; &nbsp; &nbsp; &nbsp; &nbsp; &nbsp; &nbsp; &nbsp; &nbsp; &nbsp; Prepodivn&eacute; veci videli sme dnes<\/span><\/p>\n<p style=\"margin: 0.0px 0.0px 0.0px 0.0px; font: 18.0px Helvetica\"><span style=\"letter-spacing: 0.0px\"><b>Lk 5,17-26&nbsp;<\/b><\/span><\/p>\n<p style=\"margin: 0.0px 0.0px 0.0px 0.0px; font: 14.0px Helvetica\"><span style=\"letter-spacing: 0.0px\"><b>&ldquo;<\/b>Raz, ke\u010f u\u010dil, sedeli tam farizeji a u\u010ditelia z&aacute;kona, ktor&iacute; sa boli zi&scaron;li zo v&scaron;etk&yacute;ch galilejsk&yacute;ch a j&uacute;dskych meste\u010diek i z Jeruzalema, a moc P&aacute;nova bola s N&iacute;m, aby uzdravoval.(18) A h\u013ea, mu\u017eovia niesli na nosidl&aacute;ch porazen&eacute;ho \u010dloveka a chceli ho vnies\u0165 a polo\u017ei\u0165 pred Neho. (19) Ke\u010f ho v&scaron;ak pre z&aacute;stup nemali kadia\u013e vnies\u0165, vy&scaron;li na dom, a spolu s nosidlami spustili ho otvorom strechy do prostriedku pred Je\u017ei&scaron;a. (20) Ke\u010f <b>Je\u017ei&scaron; videl ich vieru, <\/b>povedal mu: \u010clove\u010de, odp&uacute;&scaron;\u0165aj&uacute; sa ti hriechy. (21) Nato z&aacute;kon&iacute;ci a farizeji za\u010dali prem&yacute;&scaron;\u013ea\u0165 a hovorili: Kto je tento, \u010do sa r&uacute;ha? Kto m&ocirc;\u017ee odp&uacute;&scaron;ta\u0165 hriechy, ak nie s&aacute;m Boh? &#8211; (22) Ale Je\u017ei&scaron; znal ich my&scaron;lienky, odpovedal im a riekol: O \u010dom prem&yacute;&scaron;\u013eate v srdciach? (23) \u010co je \u013eah&scaron;ie poveda\u0165: odp&uacute;&scaron;\u0165aj&uacute; sa ti hriechy!, a \u010di poveda\u0165: vsta\u0148 a cho\u010f? (24) Ale aby ste vedeli, \u017ee Syn \u010dloveka m&aacute; moc odp&uacute;&scaron;ta\u0165 hriechy na zemi, &#8211; povedal porazen&eacute;mu: &#8211; Hovor&iacute;m ti: Vsta\u0148, vezmi si nosidl&aacute; a cho\u010f domov! (25) Zaraz vstal pred nimi, vzal, na \u010dom le\u017eal a odi&scaron;iel domov, velebiac Boha. (26) A v&scaron;etci zostali ako bez seba, velebili Boha a naplnen&iacute; b&aacute;z\u0148ou hovorili: Prepodivn&eacute; veci videli sme dnes.Amen.<\/span><\/p>\n<p style=\"margin: 0.0px 0.0px 0.0px 0.0px; font: 18.0px Helvetica; min-height: 22.0px\"><span style=\"letter-spacing: 0.0px\">&nbsp; &nbsp; &nbsp; &nbsp;<\/span><\/p>\n<p style=\"margin: 0.0px 0.0px 0.0px 0.0px; font: 18.0px Helvetica\"><span style=\"letter-spacing: 0.0px\">&nbsp; &nbsp; &nbsp; &nbsp; &nbsp; &nbsp; &nbsp; &nbsp; &nbsp; &nbsp; &nbsp;&nbsp;Mil&iacute; bratia a sestry v P&aacute;novi Je\u017ei&scaron;ovi Kristovi!<\/span><\/p>\n<p style=\"margin: 0.0px 0.0px 0.0px 0.0px; font: 18.0px Helvetica; min-height: 22.0px\">&nbsp;<\/p>\n<p style=\"margin: 0.0px 0.0px 0.0px 0.0px; font: 18.0px Helvetica\"><span style=\"letter-spacing: 0.0px\">Dne&scaron;n&uacute; nede\u013eu sv&auml;t&iacute;me v na&scaron;om spolo\u010denstve cirkevn&eacute;ho zboru ako krstn&uacute; nede\u013eu. Po dlh&scaron;om \u010dase op&auml;\u0165 m&ocirc;\u017eeme v r&aacute;mci Slu\u017eieb Bo\u017e&iacute;ch pokrsti\u0165 die\u0165a, dc&eacute;rku kres\u0165ansk&yacute;ch rodi\u010dov. Stane sa tak aj&nbsp;Bo\u017e&iacute;m die\u0165a\u0165om, Bo\u017eou milovanou dc&eacute;rou a dedi\u010dkou Bo\u017e&iacute;ch zas\u013e&uacute;ben&iacute;. Popri slove P&iacute;sma, smieme by\u0165 dnes &uacute;\u010dastn&iacute; aj sviatostn&eacute;ho konania Bo\u017eieho, skrze Ducha Sv&auml;t&eacute;ho v kres\u0165anskom, t.j. Kristovom Krste.<\/span><\/p>\n<p style=\"margin: 0.0px 0.0px 0.0px 0.0px; font: 18.0px Helvetica; min-height: 22.0px\"><span style=\"letter-spacing: 0.0px\">&nbsp;&nbsp; &nbsp; &nbsp; &nbsp;<\/span><\/p>\n<p style=\"margin: 0.0px 0.0px 0.0px 0.0px; font: 18.0px Helvetica\"><span style=\"letter-spacing: 0.0px\">Tu si m&ocirc;\u017eeme uvedomi\u0165 hne\u010f v &uacute;vode dve veci. Najsk&ocirc;r skuto\u010dnos\u0165, \u017ee aj my sami sme boli t&yacute;m ist&yacute;m Krstom pokrsten&iacute; a prijat&iacute; za Bo\u017eie deti, synov a dc&eacute;ry Bo\u017eie. Aj n&aacute;m dal Trojjedin&yacute; P&aacute;n Boh tie ist&eacute; dary a to ist&eacute; zas\u013e&uacute;benie, ktor&eacute; aj dnes&nbsp; bude znie\u0165 od krstite\u013enice: <i>&ldquo;Kto uver&iacute; a bude&nbsp; pokrsten&yacute;, bude spasen&yacute;.. (Mk 16,16).<\/i><\/span><\/p>\n<p style=\"margin: 0.0px 0.0px 0.0px 0.0px; font: 18.0px Helvetica\"><span style=\"letter-spacing: 0.0px\">Tu, v Krste sv&auml;tom <b>sa za\u010d&iacute;na a rod&iacute;<\/b> n&aacute;&scaron; <b>\u017eivot v osobnom vz\u0165ahu k P&aacute;nu Bohu, skrze Je\u017ei&scaron;a Krista,<\/b> Jeho Syna a n&aacute;&scaron;ho P&aacute;na. Krst sv&auml;t&yacute; je duchovn&yacute;m znovuzroden&iacute;m \u010dloveka, ako to chce a hovor&iacute; P&aacute;n Je\u017ei&scaron;: <i>&ldquo; Ak sa niekto nenarod&iacute; <\/i><b><i>z vody a z Ducha<\/i><\/b><i>, nem&ocirc;\u017ee vojs\u0165 do kr&aacute;\u013eovstva Bo\u017eieho. ( J 3,5)<\/i> Tak to vyjadril P&aacute;n Je\u017ei&scaron; v onom zn&aacute;mom no\u010dnom rozhovore s tajn&yacute;m u\u010den&iacute;kom Nikod&eacute;mom. Slov&aacute;: <i>&ldquo;Treba sa v&aacute;m znovu narodi\u0165&rdquo;&nbsp; (J 3,7) <\/i>z vody a Ducha, znamenaj&uacute; pr&aacute;ve Krst Je\u017ei&scaron;a, ktor&yacute; ho ustanovil a ktor&yacute; ho kon&aacute; skrze Ducha Sv&auml;t&eacute;ho! (Mt 28)&nbsp;<\/span><\/p>\n<p style=\"margin: 0.0px 0.0px 0.0px 0.0px; font: 18.0px Helvetica\"><span style=\"letter-spacing: 0.0px\">&nbsp;&nbsp; &nbsp; Dnes sa tu teda udeje op&auml;\u0165 to, \u010do sa stalo aj pri na&scaron;om pokrsten&iacute;. Bez tohoto nov&eacute;ho vz\u0165ahu nem&ocirc;\u017eeme by\u0165 spasen&iacute;. Preto P&aacute;n Je\u017ei&scaron; hovoril u\u010den&iacute;kom i rodi\u010dom det&iacute;, ktor&eacute; k Nemu boli prin&aacute;&scaron;an&eacute;: &ldquo;Dovo\u013ete dietkam prich&aacute;dza\u0165 ku mne a nebr&aacute;\u0148te im, lebo tak&yacute;chto je kr&aacute;\u013eovstvo Bo\u017eie&rdquo;! (Mk 10, 14) Tu pred na&scaron;&iacute;m zrakom sa narod&iacute; nov&aacute; &ldquo;ob\u010dianka&rdquo; kr&aacute;\u013eovstva Bo\u017eieho.<\/span><\/p>\n<p style=\"margin: 0.0px 0.0px 0.0px 0.0px; font: 18.0px Helvetica; min-height: 22.0px\">&nbsp;<\/p>\n<p style=\"margin: 0.0px 0.0px 0.0px 0.0px; font: 18.0px Helvetica\"><span style=\"letter-spacing: 0.0px\">&nbsp;&nbsp; &nbsp; Jedna z na&scaron;ich mlad&yacute;ch rod&iacute;n sa naroden&iacute;m svojej dc&eacute;rky te&scaron;&iacute; z novej ratoliestky na svojom strome pokrvn&eacute;ho pr&iacute;buzenstva. Dnes m&ocirc;\u017ee by\u0165 ich rados\u0165 umocnen&aacute; aj v tomto &scaron;ir&scaron;om spolo\u010denstve viery, kde ich v&iacute;tame a \u017eehn&aacute;me im hojnos\u0165 Bo\u017eieho po\u017eehnania do \u010fal&scaron;ieho \u017eivota.<\/span><\/p>\n<p style=\"margin: 0.0px 0.0px 0.0px 0.0px; font: 18.0px Helvetica\"><span style=\"letter-spacing: 0.0px\">Te&scaron;&iacute;me sa z tohoto daru spolu s nimi a radostne die\u0165atko (X) v&iacute;tame a pozdravujeme v na&scaron;om kostole a na Slu\u017eb&aacute;ch Bo\u017e&iacute;ch. &nbsp;<\/span><\/p>\n<p style=\"margin: 0.0px 0.0px 0.0px 0.0px; font: 18.0px Helvetica\"><span style=\"letter-spacing: 0.0px\">To je t&aacute; <b>druh&aacute; d&ocirc;le\u017eit&aacute;&nbsp; vec, <\/b>ktor&uacute; si takto, Krstom sv&auml;t&yacute;m v r&aacute;msci Slu\u017eieb Bo\u017e&iacute;ch spr&iacute;tom\u0148ujeme. Toti\u017e, \u017ee tvor&iacute;me&nbsp; v\u010faka tomuto Bo\u017eiemu konaniu s nami jednu ve\u013ek&uacute; rodinu&nbsp; Bo\u017eich det&iacute;. V nej, v cirkvi P&aacute;novej sme navz&aacute;jom spojen&iacute; Bo\u017eou miloso\u0165u, a l&aacute;skou Kristovou, ako Jeho telo. Vidite\u013en&eacute; i duchovn&eacute; spolo\u010denstvo. On tvor&iacute; z n&aacute;s svoju vidite\u013en&uacute; cirkev.<\/span><\/p>\n<p style=\"margin: 0.0px 0.0px 0.0px 0.0px; font: 18.0px Helvetica; min-height: 22.0px\"><span style=\"letter-spacing: 0.0px\">&nbsp; &nbsp;<\/span><\/p>\n<p style=\"margin: 0.0px 0.0px 0.0px 0.0px; font: 18.0px Helvetica\"><span style=\"letter-spacing: 0.0px\">Mil&iacute; bratia a sestry v P&aacute;novi!<\/span><\/p>\n<p style=\"margin: 0.0px 0.0px 0.0px 0.0px; font: 18.0px Helvetica\"><span style=\"letter-spacing: 0.0px\">Je iste dobre a spr&aacute;vne, ke\u010f v chr&aacute;me Bo\u017eom nielen kon\u010d&iacute; na&scaron;a pozemsk&aacute; p&uacute;\u0165 a vykon&aacute;va sa tu posledn&aacute; rozl&uacute;\u010dka s na&scaron;imi zosnul&yacute;mi bratmi a sestrami, ale ke\u010f tu, na mieste posv&auml;tnom, \u017eivotn&aacute; cesta \u010dloveka aj za\u010d&iacute;na. Uvedomujeme si tak jeden d&ocirc;le\u017eit&yacute; \u010dl&aacute;nok Viery v&scaron;eobecnej kres\u0165anskej:&rdquo;Ver&iacute;m &#8211; v spolo\u010denstvo sv&auml;t&yacute;ch&rdquo;. Toto spolo\u010denstvo je spolo\u010denstovm Bohom omilosten&yacute;ch a Kristom prijat&yacute;ch do osobn&eacute;ho, nerozborn&eacute;ho, nik&yacute;m a ni\u010d&iacute;m nezni\u010dite\u013en&eacute;ho spolo\u010desnstva, ktor&eacute; za\u010d&iacute;na na zemi a&nbsp; trv&aacute; aj v smrti a po smrti, \u010di napriek telesnej smrti \u010dloveka. Tak, ako pri Ve\u010deri P&aacute;novej vid&iacute;me pri olt&aacute;ri polovicu toho kruhu spolo\u010denstva sv&auml;t&yacute;ch, ktor&yacute; tvor&iacute;me v\u010faka P&aacute;novi Je\u017ei&scaron;ovi Kristovi, tak pri Krste sv&auml;tom&nbsp; je do tohoto polkruhu prijat&yacute; \u010dlovek, aby konan&iacute;m Je\u017ei&scaron;ov&yacute;m tvoril s posv&auml;ten&yacute;mi a vyk&uacute;pen&yacute;mi jeden kruh, jedno spolo\u010denstvo Bo\u017e&iacute;ch det&iacute;.<\/span><\/p>\n<p style=\"margin: 0.0px 0.0px 0.0px 0.0px; font: 18.0px Helvetica; min-height: 22.0px\"><span style=\"letter-spacing: 0.0px\">&nbsp; &nbsp;<\/span><\/p>\n<p style=\"margin: 0.0px 0.0px 0.0px 0.0px; font: 18.0px Helvetica\"><span style=\"letter-spacing: 0.0px\">&nbsp; &nbsp; Mlad&aacute; rodina, man\u017eelia&nbsp; M. a E., spolu s krstn&yacute;mi rodi\u010dmi i star&yacute;mi rodi\u010dmi, sa teda rozhodli prinies\u0165 svoju dc&eacute;rku, krstn&uacute; dc&eacute;ru a vnu\u010dku k P&aacute;novi Je\u017ei&scaron;ovi Kristovi.&nbsp;<\/span><\/p>\n<p style=\"margin: 0.0px 0.0px 0.0px 0.0px; font: 18.0px Helvetica\"><span style=\"letter-spacing: 0.0px\">&nbsp;&nbsp; &nbsp; Kon&aacute;te tak, ako konali obyvatelia jedn&eacute;ho izraelsk&eacute;ho meste\u010dka, ako sme o tom po\u010duli v dne&scaron;nom slove P&iacute;sma. Ke\u010f ich pr&iacute;buzn&yacute; a bl&iacute;\u017eny utrpel por&aacute;\u017eku, rozhodli sa ho prinies\u0165 k Je\u017ei&scaron;ovi, aby ho uzdravil. Niesli ho na nosidl&aacute;ch a ni\u010d nemohlo zmeni\u0165 ich presved\u010denie a vieru, \u017ee jedin&yacute; Pomocn&iacute;k a Spasite\u013e&nbsp; pre chor&eacute;ho na smr\u0165 je Je\u017ei&scaron; Kristus! Ke\u010f to ne&scaron;lo inak, spustili ho cez strechu domu na nosidl&aacute;ch priamo pred Je\u017ei&scaron;a. T&aacute;to ich viera a rozhodnos\u0165 bola bohato odmenen&aacute;. P&aacute;n Je\u017ei&scaron;&nbsp; tomutoto nemoh&uacute;cemu, nehovoriacemu \u010dloveku odpustil hriechy a dal mu aj telesn&eacute; zdravie a silu.&nbsp;<\/span><\/p>\n<p style=\"margin: 0.0px 0.0px 0.0px 0.0px; font: 18.0px Helvetica; min-height: 22.0px\"><span style=\"letter-spacing: 0.0px\">&nbsp; &nbsp;<\/span><\/p>\n<p style=\"margin: 0.0px 0.0px 0.0px 0.0px; font: 18.0px Helvetica\"><span style=\"letter-spacing: 0.0px\">Aj vy prin&aacute;&scaron;ate svoje die\u0165atko pred Je\u017ei&scaron;a. Ono nehovor&iacute;, nevl&aacute;dze &iacute;s\u0165 samo, nem&ocirc;\u017ee vyslovi\u0165 svoju t&uacute;\u017ebu po l&aacute;ske. Ale vy viete, \u010do je pre\u0148 najlep&scaron;ie dnes, a \u010do bude pre\u0148 najle&scaron;ie aj v bud&uacute;cnosti. Stretnutnie s Je\u017ei&scaron;om a zotrvanie vo vz\u0165ahu viery s N&iacute;m. Tento vz\u0165ah a spolo\u010denstvo dnes N&iacute;m vytvoren&eacute;, m&aacute; s\u013eub z Jeho strany, \u017ee sa stane trval&yacute;m a ve\u010dn&yacute;m.<\/span><\/p>\n<p style=\"margin: 0.0px 0.0px 0.0px 0.0px; font: 18.0px Helvetica; min-height: 22.0px\">&nbsp;<\/p>\n<p style=\"margin: 0.0px 0.0px 0.0px 0.0px; font: 18.0px Helvetica\"><span style=\"letter-spacing: 0.0px\">&nbsp;&nbsp; Porazen&eacute;mu \u010dloveku, chor&eacute;mu na smr\u0165, <b>P&aacute;n Je\u017ei&scaron; najsk&ocirc;r odp&uacute;&scaron;\u0165a hriechy.<\/b> Pre pr&iacute;tomn&yacute;ch v onom dome to bolo prekvapuj&uacute;ce. Lebo ne&scaron;lo o odpustenie nejak&eacute;ho&nbsp; previnenia, ktor&eacute; m&ocirc;\u017ee odpusti\u0165 aj \u010dlovek. P&aacute;n Je\u017ei&scaron; hovor&iacute; o odpusten&iacute; v&scaron;etk&yacute;ch hriechov a hovor&iacute; to tak, \u017ee je&nbsp; v&scaron;etk&yacute;m jasn&eacute;, \u017ee tieto hriechy sa onomu \u010dloveku nebud&uacute; po\u010d&iacute;ta\u0165 ani na poslednom s&uacute;de. Hovor&iacute; ako Boh. Ako Ten, kto je rovn&yacute; Bohu. To pochopili tam pr&iacute;tomn&iacute; u\u010ditelia z&aacute;kona i jednoduch&iacute; \u013eudia.- <b><i>&ldquo;Kto je tento, \u010do sa r&uacute;ha?<\/i><\/b><i> Kto m&ocirc;\u017ee odp&uacute;&scaron;\u0165a\u0165 hriechy, ak nie s&aacute;m Boh?&rdquo; (21)<\/i><\/span><\/p>\n<p style=\"margin: 0.0px 0.0px 0.0px 0.0px; font: 18.0px Helvetica; min-height: 22.0px\">&nbsp;<\/p>\n<p style=\"margin: 0.0px 0.0px 0.0px 0.0px; font: 18.0px Helvetica\"><span style=\"letter-spacing: 0.0px\">Inak povedan&eacute;: Kto rozhoduje o &uacute;\u010dasti v nebi a na ve\u010dnom \u017eivote, ak nie jedine Boh? A Je\u017ei&scaron;&nbsp; pr&aacute;ve toto potvrdzuje a vyhlasuje. Kon&aacute; ako ten, ktor&eacute;ho Boh poslal k sp&aacute;se \u010dloveka! Jeho odpustenie vysloven&eacute; tu na zemi, plat&iacute; aj v nebi! A aby dok&aacute;zal, \u017ee to nielen mysl&iacute; v&aacute;\u017ene, ale to naplno&nbsp; plat&iacute;, urobil na potvrdenie svojich slov div. Urobil to, \u010do \u010dlovek urobi\u0165 nem&ocirc;\u017ee! Porazen&eacute;ho ukam\u017eite uzdravuje. Ten sa postavil na nohy a spoznal, \u017ee dostal aj telesn&eacute; zdravie a \u017eivot. Toto konanie nemo\u017eno prehliadnu\u0165. Preto \u010falej&nbsp; po\u010dujeme \u017ee, &ldquo;v&scaron;etci<i> zostali ako bez seba&rdquo;.(v.26)<\/i><\/span><\/p>\n<p style=\"margin: 0.0px 0.0px 0.0px 0.0px; font: 18.0px Helvetica; min-height: 22.0px\"><span style=\"letter-spacing: 0.0px\">&nbsp;<\/span><\/p>\n<p style=\"margin: 0.0px 0.0px 0.0px 0.0px; font: 18.0px Helvetica\"><span style=\"letter-spacing: 0.0px\">Aj tu je, mil&iacute; bratia a sestry, podobnos\u0165 s Bo\u017e&iacute;m konan&iacute;m pre n&aacute;s v dare Krstu sv&auml;t&eacute;ho. V Krste sv&auml;tom pokrsten&eacute;mu odp&uacute;&scaron;\u0165a P&aacute;n v&scaron;etky hriechy. Nemluvniatkam hriech dedi\u010dn&yacute;, ktor&yacute; je ost\u0148om smrti v ka\u017edom \u010dloveku prich&aacute;dzaj&uacute;com na svet. Syn \u010dloveka m&aacute; t&uacute;to moc na nebi i na zemi. <b>Je mu dan&aacute; Otcom. Tak skrze Ducha Sv&auml;t&eacute;ho kon&aacute; aj dnes.&nbsp;<\/b><\/span><\/p>\n<p style=\"margin: 0.0px 0.0px 0.0px 0.0px; font: 18.0px Helvetica; min-height: 22.0px\">&nbsp;<\/p>\n<p style=\"margin: 0.0px 0.0px 0.0px 0.0px; font: 18.0px Helvetica\"><span style=\"letter-spacing: 0.0px\">K duchovn&eacute;mu o\u010disteniu a uzdraveniu, ktor&eacute; je z&aacute;kladom na&scaron;ej &uacute;\u010dasti v nebi, prip&aacute;ja aj dary telesn&eacute;. Tie s&uacute; tie\u017e z Bo\u017eej ruky a aj nimi n&aacute;m sl&uacute;\u017ei v tomto \u010dasnom \u017eivote. Aj vy, ktor&iacute; nesiete k P&aacute;novi svoju dc&eacute;rku, krstn&uacute; dc&eacute;rku a vnu\u010dku, smiete a m&aacute;te v tieto dary veri\u0165 a d&uacute;fa\u0165. Ale nielen to.<\/span><\/p>\n<p style=\"margin: 0.0px 0.0px 0.0px 0.0px; font: 18.0px Helvetica; min-height: 22.0px\">&nbsp;<\/p>\n<p style=\"margin: 0.0px 0.0px 0.0px 0.0px; font: 18.0px Helvetica\"><span style=\"letter-spacing: 0.0px\">Mil&iacute; bratia a sestry,<\/span><\/p>\n<p style=\"margin: 0.0px 0.0px 0.0px 0.0px; font: 18.0px Helvetica\"><span style=\"letter-spacing: 0.0px\">evanjelium dne&scaron;nej krstnej nedele n&aacute;m pripom&iacute;na, \u017ee uzdraven&yacute;, ale aj Je\u017ei&scaron;om ospravedlnen&yacute; \u010dlovek &ldquo; <b>odi&scaron;iel domov velebiac Boha!&rdquo;. <\/b>&Scaron;iel nasp&auml;\u0165 k svojim s chv&aacute;lou na per&aacute;ch a s rados\u0165ou v srdci. Ak na tieto dary od P&aacute;na nezabudol, neprestala v jeho \u017eivote ani jeho rados\u0165.&nbsp;<\/span><\/p>\n<p style=\"margin: 0.0px 0.0px 0.0px 0.0px; font: 18.0px Helvetica; min-height: 22.0px\"><span style=\"letter-spacing: 0.0px\">&nbsp;&nbsp; &nbsp;<\/span><\/p>\n<p style=\"margin: 0.0px 0.0px 0.0px 0.0px; font: 18.0px Helvetica\"><span style=\"letter-spacing: 0.0px\">&nbsp;&nbsp; &nbsp; Aj vy, rodina pokrvn&aacute;, ale ja my v&scaron;etci ostatn&iacute;, ako rodina Bo\u017e&iacute;ch det&iacute; by sme namali nikdy zabudn&uacute;\u0165 na to, \u010do n&aacute;m P&aacute;n dal v dare Krstu sv&auml;t&eacute;ho. Toti\u017e, pln&eacute; odpustenie hriechov. Otvoril n&aacute;m tak dvere neba a prijal za svoje deti. Prid&aacute;va aj v&scaron;etko ostatn&eacute; potrebn&eacute; pre na&scaron;e telo a telesn&yacute; \u017eivot. Za toto v&scaron;etko Jeho chv&aacute;\u013eme, Jemu \u010fakujme dnes a potom v\u017edy znova. Cho\u010fme v Jeho svetle a po Jeho cest&aacute;ch spravodlivosti a nov&eacute;ho kres\u0165ansk&eacute;ho \u017eivota.&nbsp; Cho\u010fme spolo\u010dne v istote Bo\u017eej l&aacute;sky a milosti, v poslu&scaron;nosti a v trvalej chv&aacute;le Toho, ktor&yacute; je na&scaron;&iacute;m Stvorite\u013eom, Vykupite\u013eom i Posv&auml;tite\u013eom. Tak dokazujme, \u017ee sme s darmi prijali aj D&aacute;rcu a Jeho nikdy nekon\u010diacu milos\u0165. Amen.<\/span><\/p>\n<p style=\"margin: 0.0px 0.0px 0.0px 0.0px; font: 18.0px Helvetica; min-height: 22.0px\">&nbsp;<\/p>\n<p style=\"margin: 0.0px 0.0px 0.0px 0.0px; font: 14.0px Helvetica\"><span style=\"font: 18.0px Helvetica; letter-spacing: 0.0px\">&nbsp; &nbsp; &nbsp; &nbsp;<\/span><span style=\"letter-spacing: 0.0px\">&nbsp; &nbsp; &nbsp; &nbsp; &nbsp; &nbsp; &nbsp; &nbsp; &nbsp; &nbsp; &nbsp; &nbsp; &nbsp; &nbsp; &nbsp; &nbsp; &nbsp;Soboti&scaron;te &#8211; 14.8. 2011 &#8211; 8.N.po Sv.Trojici-&nbsp; \u013d.Batka st.<\/span><\/p>\n<p style=\"margin: 0.0px 0.0px 0.0px 0.0px; font: 14.0px Helvetica; min-height: 17.0px\"><span style=\"letter-spacing: 0.0px\">&nbsp; &nbsp; &nbsp;<\/span><\/p>\n","protected":false},"excerpt":{"rendered":"<p>&nbsp;&nbsp; &nbsp; &nbsp; &nbsp; &nbsp; &nbsp; &nbsp; &nbsp; &nbsp; &nbsp; &nbsp; &nbsp; &nbsp; &nbsp; &nbsp; &nbsp; &nbsp; &nbsp; Prepodivn&eacute; veci videli sme dnes Lk 5,17-26&nbsp; &ldquo;Raz, ke\u010f u\u010dil, sedeli tam farizeji a u\u010ditelia z&aacute;kona, ktor&iacute; sa boli zi&scaron;li zo v&scaron;etk&yacute;ch galilejsk&yacute;ch a j&uacute;dskych meste\u010diek i z Jeruzalema, a moc P&aacute;nova bola s N&iacute;m, aby uzdravoval.(18) &#8230; <a title=\"Prepodivn\u00e9 veci videli sme dnes\" class=\"read-more\" href=\"https:\/\/www.e-anjelik.sk\/index.php\/2011\/10\/09\/prepodivne-veci-videli-sme-dnes\/\" aria-label=\"Pre\u010d\u00edtajte si viac o Prepodivn\u00e9 veci videli sme dnes\">\u010c\u00edta\u0165 viac<\/a><\/p>\n","protected":false},"author":4,"featured_media":0,"comment_status":"open","ping_status":"open","sticky":false,"template":"","format":"standard","meta":{"footnotes":""},"categories":[119,121,95],"tags":[],"class_list":["post-3808","post","type-post","status-publish","format-standard","hentry","category-obdobie-po-sv-trojici","category-kazne","category-sobotiste"],"_links":{"self":[{"href":"https:\/\/www.e-anjelik.sk\/index.php\/wp-json\/wp\/v2\/posts\/3808","targetHints":{"allow":["GET"]}}],"collection":[{"href":"https:\/\/www.e-anjelik.sk\/index.php\/wp-json\/wp\/v2\/posts"}],"about":[{"href":"https:\/\/www.e-anjelik.sk\/index.php\/wp-json\/wp\/v2\/types\/post"}],"author":[{"embeddable":true,"href":"https:\/\/www.e-anjelik.sk\/index.php\/wp-json\/wp\/v2\/users\/4"}],"replies":[{"embeddable":true,"href":"https:\/\/www.e-anjelik.sk\/index.php\/wp-json\/wp\/v2\/comments?post=3808"}],"version-history":[{"count":0,"href":"https:\/\/www.e-anjelik.sk\/index.php\/wp-json\/wp\/v2\/posts\/3808\/revisions"}],"wp:attachment":[{"href":"https:\/\/www.e-anjelik.sk\/index.php\/wp-json\/wp\/v2\/media?parent=3808"}],"wp:term":[{"taxonomy":"category","embeddable":true,"href":"https:\/\/www.e-anjelik.sk\/index.php\/wp-json\/wp\/v2\/categories?post=3808"},{"taxonomy":"post_tag","embeddable":true,"href":"https:\/\/www.e-anjelik.sk\/index.php\/wp-json\/wp\/v2\/tags?post=3808"}],"curies":[{"name":"wp","href":"https:\/\/api.w.org\/{rel}","templated":true}]}}