{"id":3812,"date":"2011-10-11T07:29:27","date_gmt":"2011-10-11T07:29:27","guid":{"rendered":"http:\/\/e-anjelik.sk\/?p=3812"},"modified":"2011-10-11T07:29:27","modified_gmt":"2011-10-11T07:29:27","slug":"delegacia-nalc-konzultovala-v-rime","status":"publish","type":"post","link":"https:\/\/www.e-anjelik.sk\/index.php\/2011\/10\/11\/delegacia-nalc-konzultovala-v-rime\/","title":{"rendered":"Deleg\u00e1cia NALC konzultovala v R\u00edme"},"content":{"rendered":"<p>Novozvolen&yacute; biskup Severoamerickej luter&aacute;nskej cirkvi (NALC) John Bradosky, biskup-emeritus Paull Spring a pastor David Wendel, predseda v&yacute;boru NALC pre ekumenick&eacute; vz\u0165ahy nav&scaron;t&iacute;vili R&iacute;m. 29. septembra 2011 mali vo Vatik&aacute;ne rozhovory so z&aacute;stupcami P&aacute;pe\u017eskej rady pre&nbsp;napom&aacute;hanie jednoty kres\u0165anov na \u010dele s jej predsedom Kurtom kardin&aacute;lom Kochom. Cie\u013eom konzult&aacute;cii bolo predstavi\u0165 nov&uacute; luter&aacute;nsku cirkev na severoamerickom kontinente, aby sa zmenil obraz luteranizmu po tom, \u010do synoda&nbsp;ELCA prijala nebiblick&eacute; &nbsp;uznesenia vo veci \u013eudskej sexulity ,man\u017eelstva a&nbsp;rodiny. Troj\u010dlenn&uacute; deleg&aacute;ciu prijal aj p&aacute;pe\u017e Benedikt&nbsp;XVI.&nbsp;&nbsp;<\/p>\n<p>(<a href=\"http:\/\/www.thenalc.org\">www.thenalc.org<\/a>)<\/p>\n","protected":false},"excerpt":{"rendered":"<p>Novozvolen&yacute; biskup Severoamerickej luter&aacute;nskej cirkvi (NALC) John Bradosky, biskup-emeritus Paull Spring a pastor David Wendel, predseda v&yacute;boru NALC pre ekumenick&eacute; vz\u0165ahy nav&scaron;t&iacute;vili R&iacute;m. 29. septembra 2011 mali vo Vatik&aacute;ne rozhovory so z&aacute;stupcami P&aacute;pe\u017eskej rady pre&nbsp;napom&aacute;hanie jednoty kres\u0165anov na \u010dele s jej predsedom Kurtom kardin&aacute;lom Kochom. Cie\u013eom konzult&aacute;cii bolo predstavi\u0165 nov&uacute; luter&aacute;nsku cirkev na severoamerickom kontinente, &#8230; <a title=\"Deleg\u00e1cia NALC konzultovala v R\u00edme\" class=\"read-more\" href=\"https:\/\/www.e-anjelik.sk\/index.php\/2011\/10\/11\/delegacia-nalc-konzultovala-v-rime\/\" aria-label=\"Pre\u010d\u00edtajte si viac o Deleg\u00e1cia NALC konzultovala v R\u00edme\">\u010c\u00edta\u0165 viac<\/a><\/p>\n","protected":false},"author":22,"featured_media":0,"comment_status":"open","ping_status":"open","sticky":false,"template":"","format":"standard","meta":{"footnotes":""},"categories":[2],"tags":[],"class_list":["post-3812","post","type-post","status-publish","format-standard","hentry","category-ekumena"],"_links":{"self":[{"href":"https:\/\/www.e-anjelik.sk\/index.php\/wp-json\/wp\/v2\/posts\/3812","targetHints":{"allow":["GET"]}}],"collection":[{"href":"https:\/\/www.e-anjelik.sk\/index.php\/wp-json\/wp\/v2\/posts"}],"about":[{"href":"https:\/\/www.e-anjelik.sk\/index.php\/wp-json\/wp\/v2\/types\/post"}],"author":[{"embeddable":true,"href":"https:\/\/www.e-anjelik.sk\/index.php\/wp-json\/wp\/v2\/users\/22"}],"replies":[{"embeddable":true,"href":"https:\/\/www.e-anjelik.sk\/index.php\/wp-json\/wp\/v2\/comments?post=3812"}],"version-history":[{"count":0,"href":"https:\/\/www.e-anjelik.sk\/index.php\/wp-json\/wp\/v2\/posts\/3812\/revisions"}],"wp:attachment":[{"href":"https:\/\/www.e-anjelik.sk\/index.php\/wp-json\/wp\/v2\/media?parent=3812"}],"wp:term":[{"taxonomy":"category","embeddable":true,"href":"https:\/\/www.e-anjelik.sk\/index.php\/wp-json\/wp\/v2\/categories?post=3812"},{"taxonomy":"post_tag","embeddable":true,"href":"https:\/\/www.e-anjelik.sk\/index.php\/wp-json\/wp\/v2\/tags?post=3812"}],"curies":[{"name":"wp","href":"https:\/\/api.w.org\/{rel}","templated":true}]}}