{"id":3813,"date":"2011-10-11T07:49:33","date_gmt":"2011-10-11T07:49:33","guid":{"rendered":"http:\/\/e-anjelik.sk\/?p=3813"},"modified":"2011-10-11T07:49:33","modified_gmt":"2011-10-11T07:49:33","slug":"vystava-v-odese","status":"publish","type":"post","link":"https:\/\/www.e-anjelik.sk\/index.php\/2011\/10\/11\/vystava-v-odese\/","title":{"rendered":"V\u00fdstava v Odese"},"content":{"rendered":"<p>V sobotu 15. okt. 2011 popoludn&iacute; bude v chr&aacute;me sv. Pavla Nemeckej evanjelicko-luter&aacute;nskej cirkvi na Ukraine v Odese otvoren&aacute; v&yacute;stava s titulom:&quot;Zbo\u017en&iacute; a m&uacute;dri \u013eudia. Nemeck&eacute; os&iacute;dlenia v Besar&aacute;bii 1814-1940&quot;. Po\u010detn&eacute; fotografie a dokumenty bud&uacute; rozlo\u017een&eacute; na 22 &scaron;irokoform&aacute;tov&yacute;ch policiach. Bud&uacute; sved\u010di\u0165 nielen o hist&oacute;rii os&iacute;dlenia Besar&aacute;bie Nemcami, a to od po\u010diatku os&iacute;dlenia a\u017e po vys&iacute;dlenie, ale aj v&scaron;edn&yacute; \u017eivot, kult&uacute;ru a mentalitu, ako aj vz&aacute;jomn&eacute; vz\u0165ahy s in&yacute;mi etnick&yacute;mi skupinami. S&uacute;\u010das\u0165ou podujatia bude aj prezent&aacute;cia knihy Ute Schmidt :&quot; Besar&aacute;bia &#8211; nemeck&iacute; kolonisti pri \u010ciernom mori&quot; v nemeckej a americkej verzii. Po prezent&aacute;cii sa bude kona\u0165 diskusia na t&eacute;mu:&quot; Migr&aacute;cia a kult&uacute;rna auton&oacute;mia.&quot;<\/p>\n<p>(<a href=\"http:\/\/www.delku.org\">www.delku.org<\/a>)<\/p>\n","protected":false},"excerpt":{"rendered":"<p>V sobotu 15. okt. 2011 popoludn&iacute; bude v chr&aacute;me sv. Pavla Nemeckej evanjelicko-luter&aacute;nskej cirkvi na Ukraine v Odese otvoren&aacute; v&yacute;stava s titulom:&quot;Zbo\u017en&iacute; a m&uacute;dri \u013eudia. Nemeck&eacute; os&iacute;dlenia v Besar&aacute;bii 1814-1940&quot;. Po\u010detn&eacute; fotografie a dokumenty bud&uacute; rozlo\u017een&eacute; na 22 &scaron;irokoform&aacute;tov&yacute;ch policiach. Bud&uacute; sved\u010di\u0165 nielen o hist&oacute;rii os&iacute;dlenia Besar&aacute;bie Nemcami, a to od po\u010diatku os&iacute;dlenia a\u017e po &#8230; <a title=\"V\u00fdstava v Odese\" class=\"read-more\" href=\"https:\/\/www.e-anjelik.sk\/index.php\/2011\/10\/11\/vystava-v-odese\/\" aria-label=\"Pre\u010d\u00edtajte si viac o V\u00fdstava v Odese\">\u010c\u00edta\u0165 viac<\/a><\/p>\n","protected":false},"author":22,"featured_media":0,"comment_status":"open","ping_status":"open","sticky":false,"template":"","format":"standard","meta":{"footnotes":""},"categories":[9,10],"tags":[],"class_list":["post-3813","post","type-post","status-publish","format-standard","hentry","category-europa","category-zo-sveta"],"_links":{"self":[{"href":"https:\/\/www.e-anjelik.sk\/index.php\/wp-json\/wp\/v2\/posts\/3813","targetHints":{"allow":["GET"]}}],"collection":[{"href":"https:\/\/www.e-anjelik.sk\/index.php\/wp-json\/wp\/v2\/posts"}],"about":[{"href":"https:\/\/www.e-anjelik.sk\/index.php\/wp-json\/wp\/v2\/types\/post"}],"author":[{"embeddable":true,"href":"https:\/\/www.e-anjelik.sk\/index.php\/wp-json\/wp\/v2\/users\/22"}],"replies":[{"embeddable":true,"href":"https:\/\/www.e-anjelik.sk\/index.php\/wp-json\/wp\/v2\/comments?post=3813"}],"version-history":[{"count":0,"href":"https:\/\/www.e-anjelik.sk\/index.php\/wp-json\/wp\/v2\/posts\/3813\/revisions"}],"wp:attachment":[{"href":"https:\/\/www.e-anjelik.sk\/index.php\/wp-json\/wp\/v2\/media?parent=3813"}],"wp:term":[{"taxonomy":"category","embeddable":true,"href":"https:\/\/www.e-anjelik.sk\/index.php\/wp-json\/wp\/v2\/categories?post=3813"},{"taxonomy":"post_tag","embeddable":true,"href":"https:\/\/www.e-anjelik.sk\/index.php\/wp-json\/wp\/v2\/tags?post=3813"}],"curies":[{"name":"wp","href":"https:\/\/api.w.org\/{rel}","templated":true}]}}