{"id":3814,"date":"2011-10-11T08:35:01","date_gmt":"2011-10-11T08:35:01","guid":{"rendered":"http:\/\/e-anjelik.sk\/?p=3814"},"modified":"2011-10-11T08:35:01","modified_gmt":"2011-10-11T08:35:01","slug":"konferencia-o-laponcoch-vo-svedskej-cirkvi","status":"publish","type":"post","link":"https:\/\/www.e-anjelik.sk\/index.php\/2011\/10\/11\/konferencia-o-laponcoch-vo-svedskej-cirkvi\/","title":{"rendered":"Konferencia o Laponcoch vo \u0160v\u00e9dskej cirkvi"},"content":{"rendered":"<p>V severo&scaron;v&eacute;dskom meste Kiruna sa v d\u0148och 11-13. okt. 2011 kon&aacute; konferencia na t&eacute;mu Laponci a &Scaron;v&eacute;dska cirkev. Cie\u013eom konferencie je zaobera\u0165 sa ot&aacute;zkami Laponcov, ich kult&uacute;ry a jazyka a postavenia vo &Scaron;v&eacute;dskej cirkvi. Na konferencii sa z&uacute;\u010dast\u0148uje do 40 deleg&aacute;tov Rady Laponcov, teologick&eacute;ho v&yacute;boru ,r&ocirc;znych spolkov a parlamentu Laponcov. Druh&yacute; ve\u010der bude bohoslu\u017eba pod veden&iacute;m arcibiskupa &Scaron;v&eacute;dskej cirkvi A. Wejryda. Spieva\u0165 sa bud&uacute; piesne zo sk&uacute;&scaron;obn&eacute;ho spevn&iacute;ka v severolaponskom jazyku. Konferenciu organizuje Teologick&yacute; v&yacute;bor &Scaron;v&eacute;dskej cirkvi.<\/p>\n<p>(<a href=\"http:\/\/www.svenskakyrkan.se\">www.svenskakyrkan.se<\/a>)<\/p>\n","protected":false},"excerpt":{"rendered":"<p>V severo&scaron;v&eacute;dskom meste Kiruna sa v d\u0148och 11-13. okt. 2011 kon&aacute; konferencia na t&eacute;mu Laponci a &Scaron;v&eacute;dska cirkev. Cie\u013eom konferencie je zaobera\u0165 sa ot&aacute;zkami Laponcov, ich kult&uacute;ry a jazyka a postavenia vo &Scaron;v&eacute;dskej cirkvi. Na konferencii sa z&uacute;\u010dast\u0148uje do 40 deleg&aacute;tov Rady Laponcov, teologick&eacute;ho v&yacute;boru ,r&ocirc;znych spolkov a parlamentu Laponcov. Druh&yacute; ve\u010der bude bohoslu\u017eba pod &#8230; <a title=\"Konferencia o Laponcoch vo \u0160v\u00e9dskej cirkvi\" class=\"read-more\" href=\"https:\/\/www.e-anjelik.sk\/index.php\/2011\/10\/11\/konferencia-o-laponcoch-vo-svedskej-cirkvi\/\" aria-label=\"Pre\u010d\u00edtajte si viac o Konferencia o Laponcoch vo \u0160v\u00e9dskej cirkvi\">\u010c\u00edta\u0165 viac<\/a><\/p>\n","protected":false},"author":22,"featured_media":0,"comment_status":"open","ping_status":"open","sticky":false,"template":"","format":"standard","meta":{"footnotes":""},"categories":[42,10],"tags":[],"class_list":["post-3814","post","type-post","status-publish","format-standard","hentry","category-skandinavia","category-zo-sveta"],"_links":{"self":[{"href":"https:\/\/www.e-anjelik.sk\/index.php\/wp-json\/wp\/v2\/posts\/3814","targetHints":{"allow":["GET"]}}],"collection":[{"href":"https:\/\/www.e-anjelik.sk\/index.php\/wp-json\/wp\/v2\/posts"}],"about":[{"href":"https:\/\/www.e-anjelik.sk\/index.php\/wp-json\/wp\/v2\/types\/post"}],"author":[{"embeddable":true,"href":"https:\/\/www.e-anjelik.sk\/index.php\/wp-json\/wp\/v2\/users\/22"}],"replies":[{"embeddable":true,"href":"https:\/\/www.e-anjelik.sk\/index.php\/wp-json\/wp\/v2\/comments?post=3814"}],"version-history":[{"count":0,"href":"https:\/\/www.e-anjelik.sk\/index.php\/wp-json\/wp\/v2\/posts\/3814\/revisions"}],"wp:attachment":[{"href":"https:\/\/www.e-anjelik.sk\/index.php\/wp-json\/wp\/v2\/media?parent=3814"}],"wp:term":[{"taxonomy":"category","embeddable":true,"href":"https:\/\/www.e-anjelik.sk\/index.php\/wp-json\/wp\/v2\/categories?post=3814"},{"taxonomy":"post_tag","embeddable":true,"href":"https:\/\/www.e-anjelik.sk\/index.php\/wp-json\/wp\/v2\/tags?post=3814"}],"curies":[{"name":"wp","href":"https:\/\/api.w.org\/{rel}","templated":true}]}}