{"id":3816,"date":"2011-10-12T07:41:05","date_gmt":"2011-10-12T07:41:05","guid":{"rendered":"http:\/\/e-anjelik.sk\/?p=3816"},"modified":"2011-10-12T07:41:05","modified_gmt":"2011-10-12T07:41:05","slug":"arcibiskup-lelc-j-vanags-rektor-lutherovej-akademie","status":"publish","type":"post","link":"https:\/\/www.e-anjelik.sk\/index.php\/2011\/10\/12\/arcibiskup-lelc-j-vanags-rektor-lutherovej-akademie\/","title":{"rendered":"Arcibiskup LELC J. Vanags -rektor Lutherovej akad\u00e9mie"},"content":{"rendered":"<p>Kabinet ministrov Loty&scaron;ska potvrdil na poste rektora Lutherovej akad&eacute;mie arcibiskupa Loty&scaron;skej evanjelicko-luter&aacute;nskej cirkvi Janisa Vanagsa. Pod\u013ea z&aacute;kona o vysok&yacute;ch &scaron;kol&aacute;ch v Loty&scaron;sku&nbsp; rektora V&Scaron; volia na dobu 5 rokov, pri\u010dom funk\u010dn&eacute; obdobie m&ocirc;\u017ee e&scaron;te raz zopakova\u0165. Pod\u013ea cirkevnej &uacute;stavy LELC za rektora Lutherovej akad&eacute;mie m&ocirc;\u017ee by\u0165 zvolen&yacute; profesor alebo u\u010dite\u013e s vedeck&yacute;m stup\u0148om doktora, alebo arcibiskup cirkvi. V poslednom pr&iacute;pade sa na\u0148 nevz\u0165ahuje \u010dasov&eacute; obmedzenie k v&yacute;konu postu rektora. J. Vanags bol za rektora LA zvolen&yacute; 23. augusta 2011.<\/p>\n<p>(<a href=\"http:\/\/www.baznica.info\">www.baznica.info<\/a>)<\/p>\n<p>&nbsp;<\/p>\n","protected":false},"excerpt":{"rendered":"<p>Kabinet ministrov Loty&scaron;ska potvrdil na poste rektora Lutherovej akad&eacute;mie arcibiskupa Loty&scaron;skej evanjelicko-luter&aacute;nskej cirkvi Janisa Vanagsa. Pod\u013ea z&aacute;kona o vysok&yacute;ch &scaron;kol&aacute;ch v Loty&scaron;sku&nbsp; rektora V&Scaron; volia na dobu 5 rokov, pri\u010dom funk\u010dn&eacute; obdobie m&ocirc;\u017ee e&scaron;te raz zopakova\u0165. Pod\u013ea cirkevnej &uacute;stavy LELC za rektora Lutherovej akad&eacute;mie m&ocirc;\u017ee by\u0165 zvolen&yacute; profesor alebo u\u010dite\u013e s vedeck&yacute;m stup\u0148om doktora, alebo &#8230; <a title=\"Arcibiskup LELC J. Vanags -rektor Lutherovej akad\u00e9mie\" class=\"read-more\" href=\"https:\/\/www.e-anjelik.sk\/index.php\/2011\/10\/12\/arcibiskup-lelc-j-vanags-rektor-lutherovej-akademie\/\" aria-label=\"Pre\u010d\u00edtajte si viac o Arcibiskup LELC J. Vanags -rektor Lutherovej akad\u00e9mie\">\u010c\u00edta\u0165 viac<\/a><\/p>\n","protected":false},"author":22,"featured_media":0,"comment_status":"open","ping_status":"open","sticky":false,"template":"","format":"standard","meta":{"footnotes":""},"categories":[1],"tags":[],"class_list":["post-3816","post","type-post","status-publish","format-standard","hentry","category-adventna-modlitba"],"_links":{"self":[{"href":"https:\/\/www.e-anjelik.sk\/index.php\/wp-json\/wp\/v2\/posts\/3816","targetHints":{"allow":["GET"]}}],"collection":[{"href":"https:\/\/www.e-anjelik.sk\/index.php\/wp-json\/wp\/v2\/posts"}],"about":[{"href":"https:\/\/www.e-anjelik.sk\/index.php\/wp-json\/wp\/v2\/types\/post"}],"author":[{"embeddable":true,"href":"https:\/\/www.e-anjelik.sk\/index.php\/wp-json\/wp\/v2\/users\/22"}],"replies":[{"embeddable":true,"href":"https:\/\/www.e-anjelik.sk\/index.php\/wp-json\/wp\/v2\/comments?post=3816"}],"version-history":[{"count":0,"href":"https:\/\/www.e-anjelik.sk\/index.php\/wp-json\/wp\/v2\/posts\/3816\/revisions"}],"wp:attachment":[{"href":"https:\/\/www.e-anjelik.sk\/index.php\/wp-json\/wp\/v2\/media?parent=3816"}],"wp:term":[{"taxonomy":"category","embeddable":true,"href":"https:\/\/www.e-anjelik.sk\/index.php\/wp-json\/wp\/v2\/categories?post=3816"},{"taxonomy":"post_tag","embeddable":true,"href":"https:\/\/www.e-anjelik.sk\/index.php\/wp-json\/wp\/v2\/tags?post=3816"}],"curies":[{"name":"wp","href":"https:\/\/api.w.org\/{rel}","templated":true}]}}