{"id":3818,"date":"2011-10-12T08:36:01","date_gmt":"2011-10-12T08:36:01","guid":{"rendered":"http:\/\/e-anjelik.sk\/?p=3818"},"modified":"2011-10-12T08:36:01","modified_gmt":"2011-10-12T08:36:01","slug":"rozlucka-biskupa-j-friedricha","status":"publish","type":"post","link":"https:\/\/www.e-anjelik.sk\/index.php\/2011\/10\/12\/rozlucka-biskupa-j-friedricha\/","title":{"rendered":"Rozl\u00fa\u010dka biskupa J. Friedricha"},"content":{"rendered":"<p>V nede\u013eu 9. okt. 2011 v r&aacute;mci slu\u017eieb Bo\u017e&iacute;ch sa po 12 rokoch vo funkcii krajinsk&eacute;ho biskupa Bavorskej evanjelicko-luter&aacute;nskej cirkvi so s&iacute;dlom v Mn&iacute;chove rozl&uacute;\u010dil biskup Johannes Friedrich. 63- ro\u010dn&yacute; teol&oacute;g skon\u010d&iacute; slu\u017ebu biskupa ofici&aacute;lne 31. okt&oacute;bra. Potom vo febru&aacute;ri nast&uacute;pi ako zborov&yacute; far&aacute;r v jednom dedinskom cirkevnom zbore, kde bude sl&uacute;\u017ei\u0165 a\u017e do svojej penzie. Za jeho n&aacute;stupcu v poste krajinsk&eacute;ho biskupa bol zvolen&yacute; profesor teol&oacute;gie Heinrich Bedford-Strohm. Pod\u013ea &uacute;stavy tejto cirkvi biskup m&ocirc;\u017ee vykon&aacute;va\u0165 t&uacute;to slu\u017ebu najviac 12 rokov.<\/p>\n<p>(<a href=\"http:\/\/www.ekd.de\">www.ekd.de<\/a>)<\/p>\n","protected":false},"excerpt":{"rendered":"<p>V nede\u013eu 9. okt. 2011 v r&aacute;mci slu\u017eieb Bo\u017e&iacute;ch sa po 12 rokoch vo funkcii krajinsk&eacute;ho biskupa Bavorskej evanjelicko-luter&aacute;nskej cirkvi so s&iacute;dlom v Mn&iacute;chove rozl&uacute;\u010dil biskup Johannes Friedrich. 63- ro\u010dn&yacute; teol&oacute;g skon\u010d&iacute; slu\u017ebu biskupa ofici&aacute;lne 31. okt&oacute;bra. Potom vo febru&aacute;ri nast&uacute;pi ako zborov&yacute; far&aacute;r v jednom dedinskom cirkevnom zbore, kde bude sl&uacute;\u017ei\u0165 a\u017e do svojej &#8230; <a title=\"Rozl\u00fa\u010dka biskupa J. Friedricha\" class=\"read-more\" href=\"https:\/\/www.e-anjelik.sk\/index.php\/2011\/10\/12\/rozlucka-biskupa-j-friedricha\/\" aria-label=\"Pre\u010d\u00edtajte si viac o Rozl\u00fa\u010dka biskupa J. Friedricha\">\u010c\u00edta\u0165 viac<\/a><\/p>\n","protected":false},"author":22,"featured_media":0,"comment_status":"open","ping_status":"open","sticky":false,"template":"","format":"standard","meta":{"footnotes":""},"categories":[9,10],"tags":[],"class_list":["post-3818","post","type-post","status-publish","format-standard","hentry","category-europa","category-zo-sveta"],"_links":{"self":[{"href":"https:\/\/www.e-anjelik.sk\/index.php\/wp-json\/wp\/v2\/posts\/3818","targetHints":{"allow":["GET"]}}],"collection":[{"href":"https:\/\/www.e-anjelik.sk\/index.php\/wp-json\/wp\/v2\/posts"}],"about":[{"href":"https:\/\/www.e-anjelik.sk\/index.php\/wp-json\/wp\/v2\/types\/post"}],"author":[{"embeddable":true,"href":"https:\/\/www.e-anjelik.sk\/index.php\/wp-json\/wp\/v2\/users\/22"}],"replies":[{"embeddable":true,"href":"https:\/\/www.e-anjelik.sk\/index.php\/wp-json\/wp\/v2\/comments?post=3818"}],"version-history":[{"count":0,"href":"https:\/\/www.e-anjelik.sk\/index.php\/wp-json\/wp\/v2\/posts\/3818\/revisions"}],"wp:attachment":[{"href":"https:\/\/www.e-anjelik.sk\/index.php\/wp-json\/wp\/v2\/media?parent=3818"}],"wp:term":[{"taxonomy":"category","embeddable":true,"href":"https:\/\/www.e-anjelik.sk\/index.php\/wp-json\/wp\/v2\/categories?post=3818"},{"taxonomy":"post_tag","embeddable":true,"href":"https:\/\/www.e-anjelik.sk\/index.php\/wp-json\/wp\/v2\/tags?post=3818"}],"curies":[{"name":"wp","href":"https:\/\/api.w.org\/{rel}","templated":true}]}}