{"id":3822,"date":"2011-10-13T03:23:12","date_gmt":"2011-10-13T03:23:12","guid":{"rendered":"http:\/\/e-anjelik.sk\/?p=3822"},"modified":"2011-10-13T03:23:12","modified_gmt":"2011-10-13T03:23:12","slug":"den-dobrovolnikov-evanjelickej-mladeze-v-sasku","status":"publish","type":"post","link":"https:\/\/www.e-anjelik.sk\/index.php\/2011\/10\/13\/den-dobrovolnikov-evanjelickej-mladeze-v-sasku\/","title":{"rendered":"De\u0148 dobrovo\u013en\u00edkov Evanjelickej ml\u00e1de\u017ee v Sasku"},"content":{"rendered":"<p>V sobotu 15. okt&oacute;bra t.r. sa v Dr&aacute;\u017e\u010fanoch bude kona\u0165 De\u0148 dobrovo\u013en&iacute;kov Evanjelickej ml&aacute;de\u017ee v Sasku. Do 500 akt&iacute;vnych mlad&yacute;ch \u013eud&iacute; \u010dinn&yacute;ch v cirkvi bude sa tu vzdel&aacute;va\u0165, stret&aacute;va\u0165 a oslavova\u0165. Vedenie Evanjelickej cirkvi v Sasku chce takto po\u010fakova\u0165 mlad&yacute;m dobrovo\u013en&iacute;kom za ich anga\u017eovanos\u0165 s ml&aacute;de\u017eou v cirkevn&yacute;ch zboroch, v ml&aacute;de\u017en&iacute;ckych skupin&aacute;ch, spevokoloch, gr&eacute;mi&aacute;ch, v projektoch, na miestach ved&uacute;cich a spolupracovn&iacute;kov a pod. Heslom tohto d\u0148a je :&quot;Pevne sa dr\u017ea\u0165!&quot; V programe s&uacute; bohoslu\u017eby, 20 workshopov k t&eacute;me, divadeln&aacute; hra a ve\u010dern&aacute; z&aacute;bava &#8211; ples.<\/p>\n<p>(<a href=\"http:\/\/www.evlks.de\">www.evlks.de<\/a>)<\/p>\n","protected":false},"excerpt":{"rendered":"<p>V sobotu 15. okt&oacute;bra t.r. sa v Dr&aacute;\u017e\u010fanoch bude kona\u0165 De\u0148 dobrovo\u013en&iacute;kov Evanjelickej ml&aacute;de\u017ee v Sasku. Do 500 akt&iacute;vnych mlad&yacute;ch \u013eud&iacute; \u010dinn&yacute;ch v cirkvi bude sa tu vzdel&aacute;va\u0165, stret&aacute;va\u0165 a oslavova\u0165. Vedenie Evanjelickej cirkvi v Sasku chce takto po\u010fakova\u0165 mlad&yacute;m dobrovo\u013en&iacute;kom za ich anga\u017eovanos\u0165 s ml&aacute;de\u017eou v cirkevn&yacute;ch zboroch, v ml&aacute;de\u017en&iacute;ckych skupin&aacute;ch, spevokoloch, gr&eacute;mi&aacute;ch, v &#8230; <a title=\"De\u0148 dobrovo\u013en\u00edkov Evanjelickej ml\u00e1de\u017ee v Sasku\" class=\"read-more\" href=\"https:\/\/www.e-anjelik.sk\/index.php\/2011\/10\/13\/den-dobrovolnikov-evanjelickej-mladeze-v-sasku\/\" aria-label=\"Pre\u010d\u00edtajte si viac o De\u0148 dobrovo\u013en\u00edkov Evanjelickej ml\u00e1de\u017ee v Sasku\">\u010c\u00edta\u0165 viac<\/a><\/p>\n","protected":false},"author":22,"featured_media":0,"comment_status":"open","ping_status":"open","sticky":false,"template":"","format":"standard","meta":{"footnotes":""},"categories":[1],"tags":[187],"class_list":["post-3822","post","type-post","status-publish","format-standard","hentry","category-adventna-modlitba","tag-mladez-3"],"_links":{"self":[{"href":"https:\/\/www.e-anjelik.sk\/index.php\/wp-json\/wp\/v2\/posts\/3822","targetHints":{"allow":["GET"]}}],"collection":[{"href":"https:\/\/www.e-anjelik.sk\/index.php\/wp-json\/wp\/v2\/posts"}],"about":[{"href":"https:\/\/www.e-anjelik.sk\/index.php\/wp-json\/wp\/v2\/types\/post"}],"author":[{"embeddable":true,"href":"https:\/\/www.e-anjelik.sk\/index.php\/wp-json\/wp\/v2\/users\/22"}],"replies":[{"embeddable":true,"href":"https:\/\/www.e-anjelik.sk\/index.php\/wp-json\/wp\/v2\/comments?post=3822"}],"version-history":[{"count":0,"href":"https:\/\/www.e-anjelik.sk\/index.php\/wp-json\/wp\/v2\/posts\/3822\/revisions"}],"wp:attachment":[{"href":"https:\/\/www.e-anjelik.sk\/index.php\/wp-json\/wp\/v2\/media?parent=3822"}],"wp:term":[{"taxonomy":"category","embeddable":true,"href":"https:\/\/www.e-anjelik.sk\/index.php\/wp-json\/wp\/v2\/categories?post=3822"},{"taxonomy":"post_tag","embeddable":true,"href":"https:\/\/www.e-anjelik.sk\/index.php\/wp-json\/wp\/v2\/tags?post=3822"}],"curies":[{"name":"wp","href":"https:\/\/api.w.org\/{rel}","templated":true}]}}