{"id":38279,"date":"2025-07-25T14:12:50","date_gmt":"2025-07-25T12:12:50","guid":{"rendered":"https:\/\/www.e-anjelik.sk\/?p=38279"},"modified":"2025-07-28T17:17:42","modified_gmt":"2025-07-28T15:17:42","slug":"cesta-k-radosti-a-blazenosti","status":"publish","type":"post","link":"https:\/\/www.e-anjelik.sk\/index.php\/2025\/07\/25\/cesta-k-radosti-a-blazenosti\/","title":{"rendered":"Cesta k radosti a bla\u017eenosti"},"content":{"rendered":"\n<p class=\"wp-block-paragraph\"><strong>&nbsp;&nbsp; &nbsp; &nbsp; &nbsp; &nbsp; &nbsp; &nbsp; &nbsp; &nbsp; &nbsp; &nbsp; &nbsp; &nbsp; Cesta k radosti a bla\u017eenosti<\/strong><\/p>\n\n\n\n<p class=\"wp-block-paragraph\"><em>Zachova\u0165 du\u0161u<\/em><\/p>\n\n\n\n<p class=\"wp-block-paragraph\"><em>Ty n\u00e1s u\u010d,<\/em><\/p>\n\n\n\n<p class=\"wp-block-paragraph\"><em>mdl\u00fdch v ceste vezmi<\/em><\/p>\n\n\n\n<p class=\"wp-block-paragraph\"><em>na n\u00e1ru\u010d!<\/em><\/p>\n\n\n\n<p class=\"wp-block-paragraph\"><em>Nech v Tebe, Kriste,<\/em><\/p>\n\n\n\n<p class=\"wp-block-paragraph\"><em>i n\u00e1\u0161 cie\u013e,<\/em><\/p>\n\n\n\n<p class=\"wp-block-paragraph\"><em>drah\u00fd n\u00e1\u0161 vodca,<\/em><\/p>\n\n\n\n<p class=\"wp-block-paragraph\"><em>Spasite\u013e!&nbsp; Amen&nbsp; (M.R.)<\/em><\/p>\n\n\n\n<p class=\"wp-block-paragraph\"><strong>\u017dalm 16:<\/strong><\/p>\n\n\n\n<p class=\"wp-block-paragraph\"><em>\u201eOchra\u0148uj ma, Bo\u017ee, lebo sa k Tebe utiekam.<\/em><\/p>\n\n\n\n<p class=\"wp-block-paragraph\"><em>(2) Hovor\u00edm Hospodinu: Ty si m\u00f4j P\u00e1n!<\/em><\/p>\n\n\n\n<p class=\"wp-block-paragraph\"><em>niet pre m\u0148a \u0161\u0165astia mimo Teba!<\/em><\/p>\n\n\n\n<p class=\"wp-block-paragraph\">(<em>3) Vo sv\u00e4t\u00fdch, \u010do s\u00fa v krajine,<\/em><\/p>\n\n\n\n<p class=\"wp-block-paragraph\"><em>a v sl\u00e1vnych m\u00e1vam v\u0161etku z\u00e1\u013eubu.<\/em><\/p>\n\n\n\n<p class=\"wp-block-paragraph\"><em>(4) Mnoh\u00e9 s\u00fa bolesti t\u00fdch, \u010do k in\u00e9mu bohu sa utiekaj\u00fa;<\/em><\/p>\n\n\n\n<p class=\"wp-block-paragraph\"><em>krvav\u00e9 \u00faliatby* im neprinesiem<\/em><\/p>\n\n\n\n<p class=\"wp-block-paragraph\"><em>a nevezmem ich men\u00e1 na pery.<\/em><\/p>\n\n\n\n<p class=\"wp-block-paragraph\"><em>(5) Hospodin je moj\u00edm dedi\u010dn\u00fdm \u00fadelom a moj\u00edm kalichom;<\/em><\/p>\n\n\n\n<p class=\"wp-block-paragraph\"><em>Ty mi zaru\u010duje\u0161 podiel m\u00f4j.<\/em><\/p>\n\n\n\n<p class=\"wp-block-paragraph\"><em>(6) Na ute\u0161en\u00fdch miestach pripadla mi v\u00fdmera,<\/em><\/p>\n\n\n\n<p class=\"wp-block-paragraph\"><em>a ve\u013emi sa mi \u013e\u00fabi podiel m\u00f4j.<\/em><\/p>\n\n\n\n<p class=\"wp-block-paragraph\"><em>(7) Dobrore\u010di\u0165 budem Hospodinu, ktor\u00fd mi dal radu;<\/em><\/p>\n\n\n\n<p class=\"wp-block-paragraph\"><em>aj v noci ma upom\u00edna na to m\u00f4j cit.<\/em><\/p>\n\n\n\n<p class=\"wp-block-paragraph\"><em>(8) St\u00e1le si staviam Hospodina pred seba;<\/em><\/p>\n\n\n\n<p class=\"wp-block-paragraph\"><em>ke\u010f mi je po pravici, neskl\u00e1tim sa.<\/em><\/p>\n\n\n\n<p class=\"wp-block-paragraph\"><em>(9) Preto sa te\u0161\u00ed moje srdce a jas\u00e1 moja du\u0161a;<\/em><\/p>\n\n\n\n<p class=\"wp-block-paragraph\"><em>aj moje telo preb\u00fdva\u0165 bude bezpe\u010dne.<\/em><\/p>\n\n\n\n<p class=\"wp-block-paragraph\"><em>(10) Lebo ma neponech\u00e1\u0161 v r\u00ed\u0161i smrti<\/em><\/p>\n\n\n\n<p class=\"wp-block-paragraph\"><em>a svojmu zbo\u017en\u00e9mu ned\u00e1\u0161 vidie\u0165 jamu.<\/em><\/p>\n\n\n\n<p class=\"wp-block-paragraph\"><em>(11) Ty mi d\u00e1\u0161 pozna\u0165 cestu \u017eivota:<\/em><\/p>\n\n\n\n<p class=\"wp-block-paragraph\"><em>Pred tvojou tv\u00e1rou je s\u00fdtos\u0165 radosti,<\/em><\/p>\n\n\n\n<p class=\"wp-block-paragraph\"><em>vo Tvoje pravici je ve\u010dn\u00e1 bla\u017eenos\u0165.\u201c&nbsp; Amen<\/em><\/p>\n\n\n\n<p class=\"wp-block-paragraph\"><em>&nbsp;<\/em>&nbsp; Mil\u00ed bratia a sestry v P\u00e1novi!<\/p>\n\n\n\n<p class=\"wp-block-paragraph\">&nbsp;&nbsp; Leto je obdobie nielen \u0161kolsk\u00fdch pr\u00e1zdnin, ale aj dovoleniek a cestovania. Ve\u013ea \u013eud\u00ed sa v tomto \u010dase vyd\u00e1va na cesty za oddychom. H\u013eadaj\u00fa pohodu, slnko, vodu, alebo dobr\u00fd vzduch.<\/p>\n\n\n\n<p class=\"wp-block-paragraph\">Mnoh\u00ed aj preto, aby unikli v\u0161ednosti a stereotypu. Hovor\u00ed sa, \u017ee chc\u00fa \u00eds\u0165 \u201eza hranice v\u0161edn\u00fdch dn\u00ed\u201c. S\u00fa presved\u010den\u00ed, \u017ee ich dovolenkov\u00e9 cesty v tomto zmysle obohatia a dosiahnu svoje ciele.<\/p>\n\n\n\n<p class=\"wp-block-paragraph\">&nbsp;&nbsp; Samozrejme, mnoh\u00ed maj\u00fa v tomto obdob\u00ed in\u00e9 ciele. Niekto chce pracova\u0165 na chalupe, alebo opravova\u0165 dom. To je t\u00e1 tzv. slovensk\u00e1 dovolenka \u201ena malte a na zlat\u00fdch pieskoch\u201c. Ale s\u00fa aj in\u00e9 ciele, napr\u00edklad n\u00e1v\u0161tevy rodiny, priate\u013eov a bl\u00edzkych \u013eud\u00ed. V\u0161etky tieto ciele pozn\u00e1me aj my, kres\u0165ania s\u00fa d\u00f4le\u017eit\u00e9 aj pre n\u00e1s.<\/p>\n\n\n\n<p class=\"wp-block-paragraph\">&nbsp;&nbsp; S\u00fa\u010dasne si uvedomujeme, \u017ee ako veriaci \u013eudia sledujeme st\u00e1le aj&nbsp;jeden d\u00f4le\u017eit\u00fd cie\u013e ku ktor\u00e9mu smerujeme a na ktor\u00fd nechceme zabudn\u00fa\u0165. Pripom\u00edna n\u00e1m ho n\u00e1\u0161 P\u00e1n slovami: <em><em>\u201e<\/em>H\u013eadajte najprv kr\u00e1\u013eovstvo Bo\u017eie a jeho spravodlivos\u0165 a v\u0161etko ostatn\u00e9 bude v\u00e1m pridan\u00e9\u201c. <\/em>V\u0161etky tie prv spomenut\u00e9 cesty a ciele m\u00e1me a pozn\u00e1me aj my, ale pre ne nechceme zabudn\u00fa\u0165 na ten hlavn\u00fd cie\u013e. V\u0161eli\u010do n\u00e1s teda m\u00f4\u017ee zauja\u0165, niekedy aj pohlti\u0165 svojou naliehavos\u0165ou, ale na\u0161\u00edm cie\u013eom nem\u00e1 nadradenie toho, \u010do je n\u00e1m \u201epridan\u00e9\u201c, darovan\u00e9 pr\u00e1ve vtedy, ke\u010f nezab\u00fadame na ten cie\u013e hlavn\u00fd. Preto s apo\u0161tolom hovor\u00edme a&nbsp;vyzn\u00e1vame: <em><em>\u201e<\/em>Vieme, \u017ee tu nem\u00e1me trval\u00e9ho miesta, ale ono bud\u00face h\u013ead\u00e1me\u201c.<\/em><\/p>\n\n\n\n<p class=\"wp-block-paragraph\"><em>&nbsp;&nbsp; <\/em>\u017dalmista v 16-tom \u017ealme hovor\u00ed o tom, \u017ee na\u0161iel svoj cie\u013e a spr\u00e1vnu a dobr\u00fa cestu \u017eivota. dal mu ju pozna\u0165 Hospodin. Toto poznanie ho upokojuje a rob\u00ed ho \u0161\u0165astn\u00fdm. Porovnajme preto n\u00e1\u0161 prv\u00fd i posledn\u00fd cie\u013e s t\u00fdm, o ktorom hovor\u00ed mu\u017e viery.<\/p>\n\n\n\n<p class=\"wp-block-paragraph\">&nbsp; &nbsp; &nbsp; &nbsp; &nbsp; &nbsp; <strong>Sme na ceste \u017eivota k cie\u013eu, ktor\u00fd je:<\/strong><\/p>\n\n\n\n<p class=\"wp-block-paragraph\">&nbsp; &nbsp; &nbsp; &nbsp; &nbsp; &nbsp; &nbsp; &nbsp; &nbsp; 1. v spolo\u010denstve s P\u00e1nom Bohom<\/p>\n\n\n\n<p class=\"wp-block-paragraph\">&nbsp;&nbsp; &nbsp; &nbsp; &nbsp; &nbsp; &nbsp; &nbsp; &nbsp; &nbsp; 2.&nbsp; vo ve\u010dnom preb\u00fdvan\u00ed s P\u00e1nom<\/p>\n\n\n\n<p class=\"wp-block-paragraph\">&nbsp; Bratia a sestry v P\u00e1novi!<\/p>\n\n\n\n<p class=\"wp-block-paragraph\">&nbsp; Ist\u00fd mlad\u00fd \u010dlovek \u00faspe\u0161ne zmaturoval a so svoj\u00edm \u00faspechom sa pochv\u00e1lil svojmu str\u00fdkovi. \u201e\u010co bude\u0161 robi\u0165 potom\u201c?- op\u00fdtal sa ho str\u00fdko. \u201eP\u00f4jdem na vysok\u00fa\u2026.\u201c. -\u201eA potom? &#8211; \u201ePotom si n\u00e1jdem dobr\u00e9 zamestnanie , urob\u00edm kari\u00e9ru a zalo\u017e\u00edm si rodinu\u201c. &#8211; \u201eA potom? -\u201eNo, budem pracova\u0165 a zabezpe\u010d\u00edm sa na d\u00f4chodok.\u201c &#8211; \u201eA potom?- \u201eA potom? Potom h\u00e1dam zomriem\u201c.- \u201eA potom?\u201c &#8211; Tu sa mlad\u00edk zarazil. \u201eAk\u00e9 potom? Nad t\u00fdm som nikdy nerozm\u00fd\u0161\u013eal\u2026\u201c.&nbsp;<\/p>\n\n\n\n<p class=\"wp-block-paragraph\">&nbsp;&nbsp; \u017dalmista hovor\u00ed, \u017ee na\u0161iel svoj osobn\u00fd vz\u0165ah d\u00f4very k Tomu, ktor\u00fd ho u\u017e sk\u00f4r poznal, na\u0161iel a povolal. Je n\u00edm \u017eiv\u00fd P\u00e1n Boh, Hospodin.<\/p>\n\n\n\n<p class=\"wp-block-paragraph\"><em>\u201eHovor\u00edm Hospodinu: Ty si m\u00f4j P\u00e1n! Niet pre m\u0148a \u0161\u0165astia mimo Teba!\u201c(v.2-3) <\/em>Toto poznanie je poznan\u00edm d\u00f4le\u017eit\u00e9ho cie\u013ea, bez ktor\u00e9ho \u010dlovek nem\u00f4\u017ee by\u0165 plne \u0161\u0165astn\u00fd a spokojn\u00fd. Preto cie\u013eom jeho \u017eivota je \u017eivot v spolo\u010denstve s N\u00edm, ktor\u00fd je jeho Stvorite\u013e, Otec, Ochranca a Spasite\u013e.<\/p>\n\n\n\n<p class=\"wp-block-paragraph\">&nbsp;&nbsp; Mlad\u00fd A. August\u00edn, neskor\u0161\u00ed biskup cirkvi, pomerne dlho bl\u00fadil po v\u0161elijak\u00fdch&nbsp;cest\u00e1ch a cesti\u010dk\u00e1ch pohansk\u00e9ho sp\u00f4sobu \u017eivota. Modlitby svojej matky za jeho obr\u00e1tenie si nev\u0161\u00edmal, sk\u00f4r nimi poh\u0155dal. Nesk\u00f4r vo svoje knihe: <em>Vyznania (Confesiones)<\/em> nap\u00edsal d\u00f4le\u017eit\u00fa pravdu: <em><em>\u201e<\/em>Nespokojn\u00e9 je srdce na\u0161e, k\u00fdm nespo\u010dinie v Tebe, \u00f3 Bo\u017ee\u201c.<\/em><\/p>\n\n\n\n<p class=\"wp-block-paragraph\">&nbsp;&nbsp; \u017dalmista m\u00e1 podobn\u00fa sk\u00fasenos\u0165. Hovor\u00ed o t\u00fdch, ktor\u00ed sa zh\u00e1\u0148aj\u00fa&nbsp;za v\u0161elijak\u00fdmi cie\u013emi, za falo\u0161n\u00fdmi bo\u017estvami, ktor\u00e9 sa zdaj\u00fa l\u00e1kav\u00e9 a v\u0161eli\u010do s\u013eubuj\u00fa. Podobne aj dne\u0161n\u00fd svet m\u00e1 svoje \u201ebo\u017estv\u00e1\u201c, ktor\u00e9 \u013eudia uctievaj\u00fa a ktor\u00fdm sa kla\u0148aj\u00fa. Neraz s\u00fa to \u013eudia, ktor\u00fdm na\u0161i bl\u00ed\u017eni veria, ktor\u00fdch doslova \u201eokiadzaj\u00fa\u201c. In\u00ed sleduj\u00fa ciele falo\u0161nej slobody. \u010casto tie bo\u017estv\u00e1 iba zmenili svoje \u201eprevleky\u201c, ale s\u00fa v podstate tie ist\u00e9 ako v minulosti. Biblick\u00e9 n\u00e1zvy tak\u00fdchto s\u00fa zn\u00e1me: \u201ezlat\u00e9 te\u013ea\u201c, alebo bo\u017estvo Moloch, ktor\u00e9mu kedysi rodi\u010dia obetovali vlastn\u00e9 deti. Dnes je to \u201ekult, \u010di kult\u00fara smrti\u201c, alebo mnoh\u00e9 liber\u00e1lne postoje a n\u00e1zory. \u017dalmista n\u00e1s v\u0161ak upozor\u0148uje na n\u00e1sledky tak\u00e9hoto sp\u00f4sobu \u017eivota nasledovne:<em> <em>\u201e<\/em>Mnoh\u00e9 s\u00fa bolesti t\u00fdch, \u010do k in\u00e9mu bohu sa utiekaj\u00fa, krvav\u00e9 \u00faliatby (obete) im neprinesiem a nevezmem ich men\u00e1 na pery\u201c.<\/em><\/p>\n\n\n\n<p class=\"wp-block-paragraph\"><em>&nbsp;&nbsp;<\/em> Napriek zvodom a poku\u0161eniam vyzn\u00e1va \u017ealmista jednozna\u010dne svoju vernos\u0165 s l\u00e1sku k P\u00e1nu Bohu: <\/p>\n\n\n\n<p class=\"wp-block-paragraph\"><em> <em>\u201e<\/em>Hospodin je moj\u00edm dedi\u010dn\u00fdm \u00fadelom a moj\u00edm kalichom. Ty mi zaru\u010duje\u0161 podiel m\u00f4j. &#8211; St\u00e1le si staviam Hospodina pred seba, ke\u010f mi je po pravici, neskl\u00e1tim sa. Preto sa te\u0161\u00ed a jas\u00e1 moja du\u0161a,\u2026\u201c.<\/em><\/p>\n\n\n\n<p class=\"wp-block-paragraph\"><em>&nbsp;&nbsp; N\u00e1js\u0165 cie\u013e \u017eivota v spolo\u010denstve s P\u00e1nom Bohom znamen\u00e1 pre n\u00e1s kres\u0165anov n\u00e1js\u0165 ho v spolo\u010denstve s P\u00e1nom Je\u017ei\u0161om Kristom. <\/em>To je cie\u013e na\u0161ej \u017eivotnej cesty v pr\u00edtomnosti a to je cie\u013e, ktor\u00fd o\u010dak\u00e1vame ako naplnen\u00fd aj v bud\u00facnosti, ktor\u00fa n\u00e1m pr\u00e1ve Boh Otec skrze svojho Syna a n\u00e1\u0161ho P\u00e1na pripravil. Ako slovo skuto\u010dne prorock\u00e9 je \u017ealmistovo vyznanie, ke\u010f vyzn\u00e1va:<em> <em>\u201e<\/em>Preto sa te\u0161\u00ed moje srdce a jas\u00e1 moja du\u0161a; aj moje telo preb\u00fdva\u0165 bude bezpe\u010dne.\u201c <\/em>Kristovo vzkriesenie je zves\u0165ou o tom, ako sa P\u00e1n Boh \u201epostar\u00e1\u201c aj o na\u0161e telo. Tak, ako Je\u017ei\u0161a vzkriesil v novom, osl\u00e1venom tele, tak vzkriesi aj t\u00fdch, ktor\u00ed sa u\u017e dnes k P\u00e1nu Bohu utiekaj\u00fa a pomoc a z\u00e1chranu.<\/p>\n\n\n\n<p class=\"wp-block-paragraph\">&nbsp;&nbsp; V n\u00e1bo\u017enej piesni o tejto snahe, t\u00fa\u017ebe a skuto\u010dnom \u0161\u0165ast\u00ed vyzn\u00e1vame:<\/p>\n\n\n\n<p class=\"wp-block-paragraph\"><em>\u201eJa vrav\u00edm vtedy, ke\u010f m\u00e1m ml\u010da\u0165.<\/em><br><em>A ml\u010d\u00edm, ke\u010f m\u00e1m Krista vyzna\u0165,<\/em><br><em>na\u010disto onemiem, na\u010disto onemiem.<\/em><br><em>Ty daj, nech smelo vrav\u00edm, za cie\u013eom idem prav\u00fdm,<\/em><br><em>za cie\u013eom idem prav\u00fdm. Za Kristom kr\u00e1\u010da\u0165 chcem.\u201c (ES 619, 1)<\/em><\/p>\n\n\n\n<p class=\"wp-block-paragraph\"><em>&nbsp; &nbsp; &nbsp;<\/em> Sledova\u0165 tento cie\u013e v tejto \u010dasnosti nemus\u00ed by\u0165 \u013eahk\u00e9, ale vedie to napokon k po\u017eehnan\u00e9mu \u017eivotu u\u017e v tejto \u010dasnosti. Vyzn\u00e1vajme preto verne ka\u017ed\u00fd a pozn\u00e1vajme sk\u00fasenos\u0165 mnoh\u00fdch veriacich, pozeraj\u00fac na cel\u00fa \u201egal\u00e9riu v\u0161etk\u00fdch Bohu oddan\u00fdch\u201c, \u017ee \u201e<em>Niet pre m\u0148a \u0161\u0165astia mimo teba\u201c.<\/em><\/p>\n\n\n\n<p class=\"wp-block-paragraph\">&nbsp;&nbsp; Bratia a sestry v P\u00e1novi!<\/p>\n\n\n\n<p class=\"wp-block-paragraph\">&nbsp;&nbsp; Po mnoh\u00fdch a r\u00f4znych cest\u00e1ch, po dosiahnut\u00ed mnoh\u00fdch \u010diastkov\u00fdch cie\u013eov, pri ktorom pozn\u00e1vame \u017ee to nebola iba na\u0161a z\u00e1sluha, ale bolo n\u00e1m skuto\u010dne<em> \u201emnoho pridan\u00e9<\/em>\u201c, prich\u00e1dza koniec zemskej cesty a koniec ka\u017ed\u00e9ho putovania. Mnoh\u00ed \u013eudia s\u00fa vtedy \u0161okovan\u00ed, bezhrani\u010dne zronen\u00ed a bez akejko\u013evek n\u00e1deje.<\/p>\n\n\n\n<p class=\"wp-block-paragraph\">&nbsp;&nbsp; &nbsp; Oplat\u00ed sa preto op\u00e4\u0165 pozorne po\u010du\u0165 a vn\u00edma\u0165 vyznanie \u017ealmistu, aby sa ono stalo aj na\u0161\u00edm vyznan\u00edm a na\u0161ou n\u00e1dejou. On sved\u010d\u00ed:<em> <em>\u201e<\/em>Lebo ma neponech\u00e1\u0161 v r\u00ed\u0161i smrti a svojmu zbo\u017en\u00e9mu ned\u00e1\u0161 vidie\u0165 jamu\u201c<\/em>. Pod <em>\u201ejamou\u201c<\/em> mysl\u00ed peklo, \u010di\u017ee trval\u00e9 odl\u00fa\u010denie od P\u00e1na Boha, od Jeho svetla a Jeho l\u00e1sky. Ten, kto \u017eije a umiera s Kristom, s N\u00edm bude \u017ei\u0165 naveky. Prorock\u00fdm slovom \u017ealmista hovor\u00ed:<em> <em>\u201e<\/em>Ty mi d\u00e1\u0161 pozna\u0165 cestu \u017eivota; Pred Tvojou tv\u00e1rou je s\u00fdtos\u0165 radosti, vo Tvojej pravici je ve\u010dn\u00fd bla\u017eenos\u0165\u201c.<\/em><\/p>\n\n\n\n<p class=\"wp-block-paragraph\">&nbsp;&nbsp; Uistenie a zas\u013e\u00fabenie Bo\u017eie dan\u00e9 skrze slov\u00e1 \u017ealmistu \u013eudu SZ je pre n\u00e1s kres\u0165anov e\u0161te jasnej\u0161ie a sl\u00e1vnej\u0161ie. Nasledovanie P\u00e1na Je\u017ei\u0161a Krista je \u017eivot a cesta s N\u00edm nielen v tejto \u010dasnosti, ale aj cestou smeruj\u00facou k blahoslavenej n\u00e1deji ve\u010dn\u00e9ho \u017eivota s Otcom, Synom i Duchom Sv\u00e4t\u00fdm vo ve\u010dnosti.<em> <em>\u201e<\/em>Pred Tvojou tv\u00e1rou je s\u00fdtos\u0165 radosti, vo Tvojej pravici je ve\u010dn\u00fd bla\u017eenos\u0165\u201c.&nbsp;<\/em><\/p>\n\n\n\n<p class=\"wp-block-paragraph\">&nbsp;&nbsp; \u010eakujme a dobrore\u010dme n\u00e1\u0161mu P\u00e1novi za t\u00fato milos\u0165 a n\u00e1dej. Za vernos\u0165 ktor\u00fa dok\u00e1zal cestou z neba k n\u00e1m, cestu cez kr\u00ed\u017e a slu\u017ebu zmierenia, ktorou n\u00e1m umo\u017enil \u017ei\u0165 v blahoslavenej n\u00e1deji \u017eivota s N\u00edm. Ak kon\u00e1me ak\u00e9ko\u013evek cesty: za poznan\u00edm, za oddychom, za pr\u00e1cou \u010di za na\u0161imi bl\u00edzkymi a priate\u013emi, neop\u00fa\u0161\u0165ajme pravicu Toho, ktor\u00fd sa obetoval za n\u00e1s ktor\u00fd jedin\u00fd n\u00e1s m\u00f4\u017ee privies\u0165 tam, kde je \u201eve\u010dn\u00e9 leto\u201c, pokoj a rados\u0165 v Jeho kr\u00e1\u013eovstve. Amen<\/p>\n\n\n\n<p class=\"wp-block-paragraph\">\u00a0 \u00a0 \u00a0 \u00a0 6. nede\u013ea po Sv\u00e4tej Trojici\u00a0&#8211; MyS\u00a0&#8211; \u013dubom\u00edr Batka st.<\/p>\n\n\n\n<p class=\"wp-block-paragraph\"><\/p>\n","protected":false},"excerpt":{"rendered":"<p>&nbsp;&nbsp; &nbsp; &nbsp; &nbsp; &nbsp; &nbsp; &nbsp; &nbsp; &nbsp; &nbsp; &nbsp; &nbsp; &nbsp; Cesta k radosti a bla\u017eenosti Zachova\u0165 du\u0161u Ty n\u00e1s u\u010d, mdl\u00fdch v ceste vezmi na n\u00e1ru\u010d! Nech v Tebe, Kriste, i n\u00e1\u0161 cie\u013e, drah\u00fd n\u00e1\u0161 vodca, Spasite\u013e!&nbsp; Amen&nbsp; (M.R.) \u017dalm 16: \u201eOchra\u0148uj ma, Bo\u017ee, lebo sa k Tebe utiekam. (2) Hovor\u00edm Hospodinu: &#8230; <a title=\"Cesta k radosti a bla\u017eenosti\" class=\"read-more\" href=\"https:\/\/www.e-anjelik.sk\/index.php\/2025\/07\/25\/cesta-k-radosti-a-blazenosti\/\" aria-label=\"Pre\u010d\u00edtajte si viac o Cesta k radosti a bla\u017eenosti\">\u010c\u00edta\u0165 viac<\/a><\/p>\n","protected":false},"author":4,"featured_media":0,"comment_status":"open","ping_status":"open","sticky":false,"template":"","format":"standard","meta":{"footnotes":""},"categories":[621,121,6],"tags":[],"class_list":["post-38279","post","type-post","status-publish","format-standard","hentry","category-6-nedela-po-sv-trojici-obdobie-po-sv-trojici","category-kazne","category-myjavsky-seniorat"],"_links":{"self":[{"href":"https:\/\/www.e-anjelik.sk\/index.php\/wp-json\/wp\/v2\/posts\/38279","targetHints":{"allow":["GET"]}}],"collection":[{"href":"https:\/\/www.e-anjelik.sk\/index.php\/wp-json\/wp\/v2\/posts"}],"about":[{"href":"https:\/\/www.e-anjelik.sk\/index.php\/wp-json\/wp\/v2\/types\/post"}],"author":[{"embeddable":true,"href":"https:\/\/www.e-anjelik.sk\/index.php\/wp-json\/wp\/v2\/users\/4"}],"replies":[{"embeddable":true,"href":"https:\/\/www.e-anjelik.sk\/index.php\/wp-json\/wp\/v2\/comments?post=38279"}],"version-history":[{"count":4,"href":"https:\/\/www.e-anjelik.sk\/index.php\/wp-json\/wp\/v2\/posts\/38279\/revisions"}],"predecessor-version":[{"id":38286,"href":"https:\/\/www.e-anjelik.sk\/index.php\/wp-json\/wp\/v2\/posts\/38279\/revisions\/38286"}],"wp:attachment":[{"href":"https:\/\/www.e-anjelik.sk\/index.php\/wp-json\/wp\/v2\/media?parent=38279"}],"wp:term":[{"taxonomy":"category","embeddable":true,"href":"https:\/\/www.e-anjelik.sk\/index.php\/wp-json\/wp\/v2\/categories?post=38279"},{"taxonomy":"post_tag","embeddable":true,"href":"https:\/\/www.e-anjelik.sk\/index.php\/wp-json\/wp\/v2\/tags?post=38279"}],"curies":[{"name":"wp","href":"https:\/\/api.w.org\/{rel}","templated":true}]}}