{"id":38287,"date":"2025-07-29T10:28:22","date_gmt":"2025-07-29T08:28:22","guid":{"rendered":"https:\/\/www.e-anjelik.sk\/?p=38287"},"modified":"2025-07-30T19:19:09","modified_gmt":"2025-07-30T17:19:09","slug":"ja-som-chlieb-zivota","status":"publish","type":"post","link":"https:\/\/www.e-anjelik.sk\/index.php\/2025\/07\/29\/ja-som-chlieb-zivota\/","title":{"rendered":"Ja som chlieb \u017eivota"},"content":{"rendered":"\n<p><em>&nbsp;&nbsp; &nbsp; &nbsp; &nbsp; &nbsp; &nbsp; &nbsp; &nbsp; &nbsp; &nbsp; &nbsp; &nbsp; &nbsp; &nbsp; <\/em><strong>Ja som chlieb \u017eivota<\/strong><\/p>\n\n\n\n<p><em>Pane Je\u017ei\u0161i Kriste \u010fakujeme Ti, \u017ee op\u00e4\u0165 prich\u00e1dza\u0161 k n\u00e1m<\/em><\/p>\n\n\n\n<p><em>vo svojom slove. \u010eakujeme, \u017ee n\u00e1m d\u00e1va\u0161 \u017eivot&nbsp;<\/em><\/p>\n\n\n\n<p><em>a v \u0148om plnos\u0165 Tvojho po\u017eehnania. Tvoje slovo je chlebom&nbsp;<\/em><\/p>\n\n\n\n<p><em>n\u00e1\u0161ho \u017eivota. Pros\u00edme \u0164a, aby n\u00e1m nikto neod\u0148al<\/em><\/p>\n\n\n\n<p><em>tento pokrm na\u0161ich du\u0161\u00ed, Tvoje evanjelium.<\/em><\/p>\n\n\n\n<p><em>Obdar n\u00e1s svojou l\u00e1skou a schopnos\u0165ou nasledova\u0165 \u0164a&nbsp;<\/em><\/p>\n\n\n\n<p><em>v celom \u017eivote. Popraj n\u00e1m milosti sved\u010di\u0165 v\u017edy a v\u0161ade,&nbsp;<\/em><\/p>\n\n\n\n<p><em>\u017ee Ty si zdrojom a z\u00e1kladom \u017eivota nielen \u010dasn\u00e9ho,<\/em><\/p>\n\n\n\n<p><em>&nbsp;ale aj \u017eivota ve\u010dn\u00e9ho. Amen<\/em><\/p>\n\n\n\n<p><strong>J 6, 30 &#8211; 35:<\/strong><\/p>\n\n\n\n<p><strong>&nbsp;<\/strong>&nbsp; <em>\u201ePovedali Mu: Ak\u00e9 znamenie uk\u00e1\u017ee\u0161, aby sme videli a verili Ti? \u010co Ty rob\u00ed\u0161? (31) Na\u0161i otcovia jedli mannu na p\u00fa\u0161ti, ako je nap\u00edsan\u00e9: Chlieb z neba dal im jes\u0165. (32) Povedal im teda Je\u017ei\u0161: veru, veru, v\u00e1m hovor\u00edm: Nie Moj\u017ei\u0161 dal v\u00e1m chlieb z neba, ale m\u00f4j Otec d\u00e1va v\u00e1m prav\u00fd chlieb z neba. (33) Lebo to je chlieb Bo\u017e\u00ed, ktor\u00fd zostupuje z neba a d\u00e1va svetu \u017eivot. (34) Povedali Mu na to: Pane, d\u00e1vaj n\u00e1m v\u017edy tento chlieb. (35) Riekol im Je\u017ei\u0161: Ja som chlieb \u017eivota; kto prich\u00e1dza ku mne, nikdy nebude la\u010dnie\u0165, a kto ver\u00ed vo m\u0148a, nikdy nebude \u017e\u00edzni\u0165.\u201c Amen<\/em><\/p>\n\n\n\n<p><em>&nbsp; &nbsp; &nbsp; &nbsp; &nbsp; &nbsp; &nbsp; &nbsp; &nbsp; <\/em>Bohumil\u00ed kres\u0165ania, bratia a sestry v P\u00e1novi!<\/p>\n\n\n\n<p>&nbsp;&nbsp; Najvz\u00e1cnej\u0161\u00edch hos\u0165ov v\u00edtali a dodnes v\u00edtaj\u00fa na Slovensku chlebom a so\u013eou. Chlieb je pokrm, ktor\u00fd sa nikdy nepreje a nikdy nezov\u0161ednie. Je z\u00e1kladnou potravinou pre \u010dloveka i symbolom dostatku telesn\u00fdch potrieb. V\u00f4\u0148a chleba patr\u00ed k najkraj\u0161\u00edm a najv\u00e1bivej\u0161\u00edm v\u00f4\u0148am, ktor\u00e1 zachyt\u00e1vaj\u00fa na\u0161e \u010duchov\u00e9 i chu\u0165ov\u00e9 zmysly. Ma\u0165 chlieb znamen\u00e1 ma\u0165 istotu, pokoj a n\u00e1dej na \u017eivot.<\/p>\n\n\n\n<p>\u00a0\u00a0 \u00a0 Iste to nebola n\u00e1hoda, ke\u010f chudobn\u00ed palest\u00ednski robotn\u00edci prosili odd\u00e1vna Hospodina, ke\u010f sa vyd\u00e1vali na cestu za pr\u00e1cou: <em>\u201eChlieb, patriaci a potrebn\u00fd zajtraj\u0161\u00ed de\u0148 \u201edaj n\u00e1m dnes\u201c<\/em>. A nebola to \u017eiadna n\u00e1hoda, \u017ee t\u00fato prosbu vlo\u017eil nesk\u00f4r P\u00e1n Je\u017ei\u0161 do modlitby, ktor\u00fa zanechal u\u010den\u00edkom, ke\u010f Ho \u017eiadali: <em>\u201ePane, nau\u010d n\u00e1s modli\u0165 sa!\u201c <\/em>Nebola n\u00e1hoda ani to, ke\u010f P\u00e1n Je\u017ei\u0161 o sebe, o svojom slove i diele povedal:<em> <em>\u201e<\/em>Ja som chlieb \u017eivota\u201c.<\/em><\/p>\n\n\n\n<p><em>&nbsp;&nbsp; <\/em>T\u00fdmito slovami je povedan\u00e9 ve\u013emi mnoho. Akoby povedal: Ja som z\u00e1klad \u017eivota. Ja som Ten, kto d\u00e1va svetu \u017eivot. Ja som Ten, ktor\u00fd prich\u00e1dza z neba od Otca. Ja som Ten, ktor\u00fd som ako najvz\u00e1cnej\u0161\u00ed dar pon\u00faknut\u00fd ka\u017ed\u00e9mu \u010dloveku. Ja som Ten, ktor\u00e9ho pr\u00edtomnos\u0165 sa nikdy nezunuje, ktor\u00e9ho slovom sa nikto nepres\u00fdti, Ten, ktor\u00fd m\u00e1 a bude ma\u0165 nezastupite\u013en\u00e9 miesto v \u017eivote ka\u017ed\u00e9ho \u010dloveka.<\/p>\n\n\n\n<p>&nbsp;&nbsp; Mili\u00f3ny \u013eud\u00ed vyznali a vyzn\u00e1vaj\u00fa aj dnes, \u017ee je to pravda a skuto\u010dnos\u0165. Pri\u0161li k Je\u017ei\u0161ovi a uverili v Neho a potom z Neho a s N\u00edm \u017eili a nechceli u\u017e \u017ei\u0165 inak, nechceli Ho u\u017e nikdy strati\u0165. Mili\u00f3ny vydali svedectvo o tom, \u017ee pr\u00e1ve Je\u017ei\u0161 Kristus sa im stal z\u00e1kladom \u017eivota a nechceli by stava\u0165 svoj \u017eivot na inom z\u00e1klade. Vydali svedectvo, \u017ee mali pokoj a rados\u0165 v \u017eivote vtedy, ke\u010f \u017eili s P\u00e1nom Je\u017ei\u0161om Kristom a preto s N\u00edm boli ochotn\u00ed aj zomiera\u0165. Pre t\u00fa ist\u00fa pr\u00ed\u010dinu a ten ist\u00fd d\u00f4vod: aby s N\u00edm mohli \u017ei\u0165 ve\u010dne. Neprebern\u00e9 s\u00fa z\u00e1stupy t\u00fdch, ktor\u00ed sved\u010dili a sved\u010dia, \u017ee P\u00e1n Je\u017ei\u0161 dal ich \u017eivotu zmysel a \u017ee viera a d\u00f4vera v Neho urobila z nich lep\u0161\u00edch \u013eud\u00ed, schopn\u00fdch milova\u0165 a pracova\u0165 pre in\u00fdch. Ve\u013ek\u00e9 z\u00e1stupy vyzn\u00e1vaj\u00fa aj dnes to, \u010do vyznal n\u00e1bo\u017en\u00fd pevec v zn\u00e1mom ver\u0161i piesne: Je\u017ei\u0161i drah\u00fd, poklad m\u00f4j\u2026<\/p>\n\n\n\n<p>\u00a0<em>\u201eKe\u010f si na teba spom\u00ednam,<\/em><br><em>O Tvojom mene rozj\u00edmam,<\/em><br><em>duch m\u00f4j pre velik\u00fa rados\u0165<\/em><br><em>pre\u017e\u00edva prav\u00fa bla\u017eenos\u0165,<\/em><br><em>\u00d3, Je\u017ei\u0161i, \u00f3 Je\u017ei\u0161i\u201c. (ES \u010d.453, 4)<\/em><\/p>\n\n\n\n<p>&nbsp; &nbsp; Bratia a sestry!<\/p>\n\n\n\n<p>&nbsp; &nbsp; Ako je to v na\u0161om \u017eivote? Ak\u00fd vz\u0165ah m\u00e1me my k tomuto <em>\u201eChlebu \u017eivota\u201c<\/em>, ktor\u00fd pri\u0161iel k n\u00e1m z neba? Ako \u017eijeme z Jeho moci a milosti my? Ako prich\u00e1dzame k Nemu, ke\u010f sa n\u00e1m pon\u00faka v slove a v sviatostiach? Ako zaobch\u00e1dzame s t\u00fdmto Darom?<\/p>\n\n\n\n<p>&nbsp;&nbsp; Mo\u017eno m\u00e1te, mil\u00ed bratia a sestry pocit, \u017ee by tieto ot\u00e1zky mali by\u0165 polo\u017een\u00e9 t\u00fdm, ktor\u00ed nie s\u00fa tu nielen dnes, ale ani v in\u00e9 nedele. In\u00fdm \u013eu\u010fom a nie n\u00e1m, ktor\u00ed sme predsa pri\u0161li, aby sme sv\u00e4tili sviato\u010dn\u00fd nede\u013en\u00fd de\u0148. Nepochybne je to po\u017eiadavka opr\u00e1vnen\u00e1, samozrejm\u00e1 a jasn\u00e1. Ve\u010f Je\u017ei\u0161ovo evanjelium m\u00e1me zvestova\u0165 v\u0161etk\u00fdm \u013eu\u010fom. Predsa v\u0161ak mus\u00edme myslie\u0165 na to, \u017ee v na\u0161ej cirkvi a v na\u0161ich cirkevn\u00fdch zboroch je m\u00e1lo t\u00fa\u017eby prich\u00e1dza\u0165 do spolo\u010dn\u00e9ho zhroma\u017edenia a do spolo\u010denstva veriacich.<\/p>\n\n\n\n<p>\u00a0\u00a0 Mnoh\u00ed evanjelici sa bu\u010f v\u00f4bec, alebo len \u010diasto\u010dne stoto\u017e\u0148uj\u00fa s vyznan\u00edm, \u017ee <em>\u201eJe\u017ei\u0161 je chlieb \u017eivota\u201c.<\/em> Preto sa usiluj\u00fa len o chlieb ka\u017edodenn\u00fd a o pozemsk\u00e9 istoty. Maj\u00fa t\u00fa\u017eby celkom prozaick\u00e9: c\u00edtia hlad a sm\u00e4d len svojho tela. Neraz s\u00fa to na\u0161i ve\u013emi bl\u00edzki, na\u0161e deti, vn\u00fa\u010dat\u00e1, krstn\u00e9 deti, priatelia, spolupracovn\u00edci, mo\u017eno susedia a zn\u00e1mi. Len\u017ee my v\u0161etci spolo\u010dne m\u00e1me c\u00edti\u0165 povinnos\u0165 \u201e<em>sved\u010di\u0165 im o t\u00fdch veciach\u201c<\/em>. Boh\u00e1\u010d z podobenstva, vtedy ke\u010f sa dostal na miesto zatratenia, chcel, aby niekto i\u0161iel k jeho bratom, aby im sved\u010dil o tom, \u010do on spoznal a pre\u017e\u00edval, aby sa zachr\u00e1nil t\u00ed, ktor\u00ed sa e\u0161te zachr\u00e1ni\u0165 mohli.<\/p>\n\n\n\n<p>&nbsp;&nbsp; Ke\u010f sa dnes chceme spolo\u010dne zamyslie\u0165 nad na\u0161\u00edm vz\u0165ahom k Chlebu \u017eivota, k P\u00e1novi Je\u017ei\u0161ovi Kristovi, k Jeho slovu a dielu, mus\u00edme myslie\u0165 nielen na seba, ale aj na na\u0161ich bl\u00ed\u017enych, na n\u00e1\u0161 cirkevn\u00fd zbor a na\u0161u cirkev. Na\u0161e svedectvo o Chlebe \u017eivota m\u00f4\u017ee by rozhoduj\u00face pre z\u00e1chranu niektorej du\u0161e. Preto je ono nezastupite\u013en\u00e9.<\/p>\n\n\n\n<p>\u00a0 \u00a0 Preto je na\u0161ou ob\u017ealobou, ak s\u00fa v rodin\u00e1ch odlo\u017een\u00e9 spevn\u00edky,\u00a0nepokrsten\u00e9 deti a nekonfirmovan\u00e1 ml\u00e1de\u017e v zbore. Ak je okolo n\u00e1s \u013eahostajn\u00e1 a zatvrdil\u00e1 stredn\u00e1 gener\u00e1cia otcov a matiek. Mnoh\u00ed sa v minulosti vyhov\u00e1rali na vonkaj\u0161ie pomery, na tlaky a prenasledovanie. \u00c1no, vieme, to v\u0161etko tu bolo\u2026Dnes sa v\u0161ak na vonkaj\u0161ie pomery nem\u00f4\u017ee vyhov\u00e1ra\u0165 nikto. Duchovn\u00ed nepriatelia, farizeji a birmovan\u00ed ateisti k\u013ea\u010dia v prv\u00fdch radoch na bohoslu\u017eobn\u00fdch stretnutiach a sk\u00fa\u0161aj\u00fa sa modli\u0165 a pre\u017eehn\u00e1va\u0165 pred \u013eu\u010fmi a kamerami.<\/p>\n\n\n\n<p>\u00a0\u00a0 Neraz plat\u00ed aj o dne\u0161n\u00fdch gener\u00e1ci\u00e1ch slovo, ktor\u00e9 povedal P\u00e1n Je\u017ei\u0161 nekaj\u00facemu Jeruzalemu:<em> <em>\u201e<\/em>\u2026nechceli ste\u201c!\u00a0Ajh\u013ea, zanech\u00e1va sa v\u00e1m dom v\u00e1\u0161 pust\u00fd\u201c.<\/em><\/p>\n\n\n\n<p><em>&nbsp;&nbsp; <\/em>Bratia a sestry!<\/p>\n\n\n\n<p>\u00a0 \u00a0 Pr\u00e1ve o t\u00fdchto vn\u00fatorn\u00fdch prek\u00e1\u017ekach, o \u201etvrdosti srdca\u201c hovor\u00ed dne\u0161n\u00fd sv\u00e4t\u00fd text, ktor\u00fd prin\u00e1\u0161a rozhovor P\u00e1na Je\u017ei\u0161a so \u017didmi. Z neho je zrejm\u00e9, \u017ee t\u00e1to gener\u00e1cia \u013eud\u00ed \u017eiadala od P\u00e1na Je\u017ei\u0161a znamenie a skutok, ktor\u00fd by ich presved\u010dil, \u017ee je Bo\u017e\u00edm Synom. Inak povedan\u00e9, kl\u00e1dli si podmienku pre uverenie a tou mal by\u0165 <em>\u201echlieb z neba\u201c,<\/em> ako \u0148ou bola za Moj\u017ei\u0161a manna na p\u00fa\u0161ti, po\u010das putovania do Kana\u00e1nu. Nas\u00fdtenie p\u00e4\u0165tis\u00edcov\u00e9ho z\u00e1stupu im nesta\u010dilo. Vtedy Ho s\u00edce mnoh\u00ed chceli urobi\u0165 kr\u00e1\u013eom, ale \u017eiadali v\u017edy nov\u00fd chlieb a nov\u00e9 z\u00e1zraky: Uzdravovania, chodenie po mori, nas\u00fdtenie tis\u00edcov v\u017edy znovu. \u00a0<\/p>\n\n\n\n<p>\u00a0\u00a0 P\u00e1n Je\u017ei\u0161 im v\u0161ak pripom\u00edna:<em> <em>\u201e<\/em>Nie Moj\u017ei\u0161 v\u00e1m dal chlieb, mannu, na p\u00fa\u0161ti, ale m\u00f4j Otec\u201c! <\/em>On dal \u013eudu ten telesn\u00fd chlieb, a to ka\u017ed\u00fd de\u0148 nov\u00fd dar, nov\u00fa mannu, a\u017e k\u00fdm Izraelci nevo\u0161li do Kana\u00e1nu.\u00a0 On v\u0161ak d\u00e1va aj\u00a0 \u201eten Chlieb, ktor\u00fd s\u00fdti k \u017eivotu ve\u010dn\u00e9mu\u201c, ktor\u00fd n\u00e1m pom\u00e1ha pr\u00eds\u0165 do Kana\u00e1nu nebesk\u00e9ho.\u00a0<\/p>\n\n\n\n<p>&nbsp;&nbsp; Na inom mieste musel P\u00e1n Je\u017ei\u0161 poveda\u0165 aj pr\u00edsnej\u0161ie slov\u00e1: <em>\u201eZl\u00e9 a cudzolo\u017en\u00e9 pokolenie vyh\u013ead\u00e1va znamenia, ale nebude mu dan\u00e9 in\u00e9 znamenie, ako znamenie proroka Jon\u00e1\u0161a\u2026\u201c. <\/em>Tu vid\u00edme, ako sa aj dne\u0161n\u00e9 gener\u00e1cie podobaj\u00fa gener\u00e1cii star\u00fdch \u017didov. Mnoh\u00ed si klad\u00fa podmienky uverenia: <em>\u201eAk\u00e9 znamenia n\u00e1m uk\u00e1\u017ee\u0161?\u201c. <\/em>Niekto chce viac chleba a viac blahobytu, niekto z\u00e1zra\u010dn\u00e9 uzdravenie. Pritom najv\u00e4\u010d\u0161ou hodnotou je pre n\u00e1s s\u00e1m P\u00e1n, ktor\u00fd hovor\u00ed:&nbsp;<\/p>\n\n\n\n<p><em><em>\u201e<\/em>Ja som chlieb \u017eivota; kto prich\u00e1dza ku mne, nikdy nebude la\u010dnie\u0165, a kto ver\u00ed vo m\u0148a, nikdy nebude \u017e\u00edzni\u0165\u201c.<\/em><\/p>\n\n\n\n<p>\u00a0\u00a0 Cesta za Kristom je zlo\u017eitej\u0161ia a n\u00e1ro\u010dnej\u0161ia, ako by i mo\u017eno \u010dlovek myslel a \u017eelal. Tento ve\u013ek\u00fd cie\u013e bez prav\u00e9ho Chleba z neba nem\u00f4\u017eeme dosiahnu\u0165. Ke\u010f P\u00e1n povedal, \u017ee <em>\u201eskutkom Bo\u017e\u00edm je veri\u0165 v Toho, ktor\u00e9ho On poslal\u201c<\/em>, mnoh\u00ed si mo\u017eno mysleli a myslia, \u017ee viera je nie\u010do ni\u010dotn\u00e9 a malichern\u00e9, \u010do dok\u00e1\u017ee vlastni\u0165 \u013eahko ka\u017ed\u00fd \u010dlovek, ka\u017ed\u00fd hrie\u0161nik. Len\u017ee skuto\u010dn\u00e1 viera je d\u00f4vera, ktor\u00e1 je Bo\u017e\u00edm darom. Je to d\u00f4vera v Kristov kr\u00ed\u017e, ale aj ochota nies\u0165 n\u00e1\u0161 kr\u00ed\u017e s Kristom a za Kristom. O \u0148om v\u0161ak plat\u00ed uistenie a zas\u013e\u00fabenie: <em><em>\u201e<\/em>Moje bremeno je \u013eahk\u00e9\u2026\u201c. <\/em>P\u00e1n n\u00e1m d\u00e1va silu a schopnos\u0165 nies\u0165 aj n\u00e1\u0161 kr\u00ed\u017e, \u010di kr\u00ed\u017ee pri Jeho nasledovan\u00ed. On je Chlebom \u017eivota, ktor\u00fd d\u00e1va silu obst\u00e1\u0165 a vytrva\u0165 v sk\u00fa\u0161kach, bojova\u0165 dobr\u00fd boj viery a v\u00ed\u0165azi\u0165 nad svetom.\u00a0<\/p>\n\n\n\n<p>&nbsp; &nbsp; Ide v\u0161ak o to, aby sme po Chlebe \u017eivota siahali znovu a znovu. Aby sme ho poznali v Je\u017ei\u0161ovom slove a prij\u00edmali ho ka\u017edodenne.&nbsp;<\/p>\n\n\n\n<p>P\u00e1n Je\u017ei\u0161 je chlieb, ktor\u00fd \u201enestvrdne\u201c, \u010di\u017ee nestrat\u00ed svoju kvalitu. Nestrat\u00ed svoju vz\u00e1cnu v\u00f4\u0148u, chu\u0165 a silu. Je to chlieb o ktor\u00fd m\u00e1me prosi\u0165, aby n\u00e1m bol dan\u00fd u\u017e dnes, aby sme ho mali pri sebe na v\u0161etk\u00fdch cest\u00e1ch n\u00e1\u0161ho \u017eivota. Prosi\u0165 o\u0148 ka\u017ed\u00fd de\u0148 potrebujeme\u00a0dnes aj preto, aby n\u00e1m nech\u00fdbal ani na tej poslednej ceste, aby sme mohli bezpe\u010dne pr\u00eds\u0165 do nebesk\u00e9ho Kana\u00e1nu. Amen<\/p>\n\n\n\n<p>\u00a0 \u00a0 \u00a0 \u00a0 7. nede\u013ea po Sv\u00e4tej Trojici &#8211; MyS &#8211; \u013dubom\u00edr Batka st.<\/p>\n\n\n\n<p><\/p>\n","protected":false},"excerpt":{"rendered":"<p>&nbsp;&nbsp; &nbsp; &nbsp; &nbsp; &nbsp; &nbsp; &nbsp; &nbsp; &nbsp; &nbsp; &nbsp; &nbsp; &nbsp; &nbsp; Ja som chlieb \u017eivota Pane Je\u017ei\u0161i Kriste \u010fakujeme Ti, \u017ee op\u00e4\u0165 prich\u00e1dza\u0161 k n\u00e1m vo svojom slove. \u010eakujeme, \u017ee n\u00e1m d\u00e1va\u0161 \u017eivot&nbsp; a v \u0148om plnos\u0165 Tvojho po\u017eehnania. Tvoje slovo je chlebom&nbsp; n\u00e1\u0161ho \u017eivota. Pros\u00edme \u0164a, aby n\u00e1m nikto neod\u0148al tento &#8230; <a title=\"Ja som chlieb \u017eivota\" class=\"read-more\" href=\"https:\/\/www.e-anjelik.sk\/index.php\/2025\/07\/29\/ja-som-chlieb-zivota\/\" aria-label=\"Pre\u010d\u00edtajte si viac o Ja som chlieb \u017eivota\">\u010c\u00edta\u0165 viac<\/a><\/p>\n","protected":false},"author":4,"featured_media":0,"comment_status":"open","ping_status":"open","sticky":false,"template":"","format":"standard","meta":{"footnotes":""},"categories":[617,121,6],"tags":[],"class_list":["post-38287","post","type-post","status-publish","format-standard","hentry","category-7-nedela-po-sv-trojici","category-kazne","category-myjavsky-seniorat"],"_links":{"self":[{"href":"https:\/\/www.e-anjelik.sk\/index.php\/wp-json\/wp\/v2\/posts\/38287","targetHints":{"allow":["GET"]}}],"collection":[{"href":"https:\/\/www.e-anjelik.sk\/index.php\/wp-json\/wp\/v2\/posts"}],"about":[{"href":"https:\/\/www.e-anjelik.sk\/index.php\/wp-json\/wp\/v2\/types\/post"}],"author":[{"embeddable":true,"href":"https:\/\/www.e-anjelik.sk\/index.php\/wp-json\/wp\/v2\/users\/4"}],"replies":[{"embeddable":true,"href":"https:\/\/www.e-anjelik.sk\/index.php\/wp-json\/wp\/v2\/comments?post=38287"}],"version-history":[{"count":2,"href":"https:\/\/www.e-anjelik.sk\/index.php\/wp-json\/wp\/v2\/posts\/38287\/revisions"}],"predecessor-version":[{"id":38294,"href":"https:\/\/www.e-anjelik.sk\/index.php\/wp-json\/wp\/v2\/posts\/38287\/revisions\/38294"}],"wp:attachment":[{"href":"https:\/\/www.e-anjelik.sk\/index.php\/wp-json\/wp\/v2\/media?parent=38287"}],"wp:term":[{"taxonomy":"category","embeddable":true,"href":"https:\/\/www.e-anjelik.sk\/index.php\/wp-json\/wp\/v2\/categories?post=38287"},{"taxonomy":"post_tag","embeddable":true,"href":"https:\/\/www.e-anjelik.sk\/index.php\/wp-json\/wp\/v2\/tags?post=38287"}],"curies":[{"name":"wp","href":"https:\/\/api.w.org\/{rel}","templated":true}]}}