{"id":3830,"date":"2011-10-14T09:20:07","date_gmt":"2011-10-14T09:20:07","guid":{"rendered":"http:\/\/e-anjelik.sk\/?p=3830"},"modified":"2011-10-14T09:20:07","modified_gmt":"2011-10-14T09:20:07","slug":"humanitarna-pomoc-pre-moldavsko","status":"publish","type":"post","link":"https:\/\/www.e-anjelik.sk\/index.php\/2011\/10\/14\/humanitarna-pomoc-pre-moldavsko\/","title":{"rendered":"Humanit\u00e1rna pomoc pre Moldavsko"},"content":{"rendered":"<p>Zdru\u017eenie &quot;Humanit&aacute;rna pomoc pre V&yacute;chodn&uacute; Eur&oacute;pu &quot; Samostatnej evanjelicko-luter&aacute;nskej cirkvi Nemecka (SELK) poslalo humanit&aacute;rnu pomoc pre najchudobnej&scaron;&iacute;ch ob\u010danov Eur&oacute;py &#8211; Moldav\u010danov. Troj\u010dlenn&aacute; deleg&aacute;cia vedenia tohto zdru\u017eenia bola koncpom septembra na n&aacute;v&scaron;teve v hlavnom meste Ki&scaron;ineve, aby sa osobne presved\u010dila o doru\u010den&iacute; pomoci a zistila ,ak&yacute; je skuto\u010dn&yacute; stav. Nemeck&iacute; n&aacute;v&scaron;tevn&iacute;ci debatovali s obdarovan&yacute;mi a s ministerkou pre rodiny, soci&aacute;lne a pracovn&eacute; z&aacute;le\u017eitosti Valentijou Bulginovou. Deleg&aacute;cia p&uacute;o n&aacute;vrate skon&scaron;tatovala, \u017ee humanit&aacute;rna pomoc je na\u010falej potrebn&aacute;. Pripravuj&uacute; sa projekty pre tak&uacute;to pomoc.<\/p>\n<p>(<a href=\"http:\/\/www.selk.de\">www.selk.de<\/a>)<\/p>\n","protected":false},"excerpt":{"rendered":"<p>Zdru\u017eenie &quot;Humanit&aacute;rna pomoc pre V&yacute;chodn&uacute; Eur&oacute;pu &quot; Samostatnej evanjelicko-luter&aacute;nskej cirkvi Nemecka (SELK) poslalo humanit&aacute;rnu pomoc pre najchudobnej&scaron;&iacute;ch ob\u010danov Eur&oacute;py &#8211; Moldav\u010danov. Troj\u010dlenn&aacute; deleg&aacute;cia vedenia tohto zdru\u017eenia bola koncpom septembra na n&aacute;v&scaron;teve v hlavnom meste Ki&scaron;ineve, aby sa osobne presved\u010dila o doru\u010den&iacute; pomoci a zistila ,ak&yacute; je skuto\u010dn&yacute; stav. Nemeck&iacute; n&aacute;v&scaron;tevn&iacute;ci debatovali s obdarovan&yacute;mi a s &#8230; <a title=\"Humanit\u00e1rna pomoc pre Moldavsko\" class=\"read-more\" href=\"https:\/\/www.e-anjelik.sk\/index.php\/2011\/10\/14\/humanitarna-pomoc-pre-moldavsko\/\" aria-label=\"Pre\u010d\u00edtajte si viac o Humanit\u00e1rna pomoc pre Moldavsko\">\u010c\u00edta\u0165 viac<\/a><\/p>\n","protected":false},"author":22,"featured_media":0,"comment_status":"open","ping_status":"open","sticky":false,"template":"","format":"standard","meta":{"footnotes":""},"categories":[1],"tags":[221],"class_list":["post-3830","post","type-post","status-publish","format-standard","hentry","category-adventna-modlitba","tag-diakonia"],"_links":{"self":[{"href":"https:\/\/www.e-anjelik.sk\/index.php\/wp-json\/wp\/v2\/posts\/3830","targetHints":{"allow":["GET"]}}],"collection":[{"href":"https:\/\/www.e-anjelik.sk\/index.php\/wp-json\/wp\/v2\/posts"}],"about":[{"href":"https:\/\/www.e-anjelik.sk\/index.php\/wp-json\/wp\/v2\/types\/post"}],"author":[{"embeddable":true,"href":"https:\/\/www.e-anjelik.sk\/index.php\/wp-json\/wp\/v2\/users\/22"}],"replies":[{"embeddable":true,"href":"https:\/\/www.e-anjelik.sk\/index.php\/wp-json\/wp\/v2\/comments?post=3830"}],"version-history":[{"count":0,"href":"https:\/\/www.e-anjelik.sk\/index.php\/wp-json\/wp\/v2\/posts\/3830\/revisions"}],"wp:attachment":[{"href":"https:\/\/www.e-anjelik.sk\/index.php\/wp-json\/wp\/v2\/media?parent=3830"}],"wp:term":[{"taxonomy":"category","embeddable":true,"href":"https:\/\/www.e-anjelik.sk\/index.php\/wp-json\/wp\/v2\/categories?post=3830"},{"taxonomy":"post_tag","embeddable":true,"href":"https:\/\/www.e-anjelik.sk\/index.php\/wp-json\/wp\/v2\/tags?post=3830"}],"curies":[{"name":"wp","href":"https:\/\/api.w.org\/{rel}","templated":true}]}}