{"id":3831,"date":"2011-10-14T09:50:28","date_gmt":"2011-10-14T09:50:28","guid":{"rendered":"http:\/\/e-anjelik.sk\/?p=3831"},"modified":"2011-10-14T09:50:28","modified_gmt":"2011-10-14T09:50:28","slug":"polski-evanjelici-smutia-nad-vysledkami-volieb","status":"publish","type":"post","link":"https:\/\/www.e-anjelik.sk\/index.php\/2011\/10\/14\/polski-evanjelici-smutia-nad-vysledkami-volieb\/","title":{"rendered":"Po\u013esk\u00ed evanjelici sm\u00fatia nad v\u00fdsledkami volieb"},"content":{"rendered":"<p>Tla\u010dov&yacute; hovorca Evanjelickej augsburskej&nbsp;cirkvi v Po\u013esku Wojciech Pracki sa pre agent&uacute;ru idea vyslovil, \u017ee aj evanjelici v Po\u013esku sm&uacute;tia nad v&yacute;sledkami volieb do parlamentu, ktor&eacute; sa konali 9. okt&oacute;bra a v ktor&yacute;ch sa tre\u0165ou najsilnej&scaron;ou stranou stalo proticirkevn&eacute; &quot;Hnutie Palikot&quot;.Strana multimilion&aacute;ra 46-ro\u010dn&eacute;ho Janusza Palikota je proti v&scaron;etk&yacute;m kres\u0165ansk&yacute;m hodnot&aacute;m a proti kres\u0165ansk&eacute;mu dedi\u010dstvu. Je za pr&iacute;snu odluku cirkvi a &scaron;t&aacute;tu, za odstr&aacute;nenie kr&iacute;\u017eov z verejn&yacute;ch budov, verejn&yacute;ch modlitieb a vyu\u010dovania n&aacute;bo\u017eenstva na &scaron;t&aacute;tnych &scaron;kol&aacute;ch. Vo\u013eby vyhrala konzervat&iacute;vno-liber&aacute;lna ob\u010dianska platforma premi&eacute;ra Tuska. Ten pravdepodobne zlo\u017e&iacute; vl&aacute;du s ro\u013en&iacute;ckou stranou. V opoz&iacute;cii bude okrem Palikota aj Pr&aacute;vo a spravodlivos\u0165 J. Kaczynsk&eacute;ho, ako aj strana b&yacute;val&yacute;ch komunistov &quot;\u013davica a demokrati&quot;. Z 38 mili&oacute;na obyvate\u013eov&nbsp; 86% tvoria katol&iacute;ci, 547 tis&iacute;c pravosl&aacute;vni, 75 tis&iacute;c evanjelici. Siln&iacute; s&uacute; Svedkovia Jehovovi &#8211; 130 tis&iacute;c. od 5 tis&iacute;c po 17 tis&iacute;c maj&uacute; mal&eacute; protestantsk&eacute; denomin&aacute;cie. V Po\u013esku je registrovan&yacute;ch 38 tis&iacute;c moslimov.<\/p>\n<p>(<a href=\"http:\/\/www.idea.de\">www.idea.de<\/a>)<\/p>\n","protected":false},"excerpt":{"rendered":"<p>Tla\u010dov&yacute; hovorca Evanjelickej augsburskej&nbsp;cirkvi v Po\u013esku Wojciech Pracki sa pre agent&uacute;ru idea vyslovil, \u017ee aj evanjelici v Po\u013esku sm&uacute;tia nad v&yacute;sledkami volieb do parlamentu, ktor&eacute; sa konali 9. okt&oacute;bra a v ktor&yacute;ch sa tre\u0165ou najsilnej&scaron;ou stranou stalo proticirkevn&eacute; &quot;Hnutie Palikot&quot;.Strana multimilion&aacute;ra 46-ro\u010dn&eacute;ho Janusza Palikota je proti v&scaron;etk&yacute;m kres\u0165ansk&yacute;m hodnot&aacute;m a proti kres\u0165ansk&eacute;mu dedi\u010dstvu. Je za &#8230; <a title=\"Po\u013esk\u00ed evanjelici sm\u00fatia nad v\u00fdsledkami volieb\" class=\"read-more\" href=\"https:\/\/www.e-anjelik.sk\/index.php\/2011\/10\/14\/polski-evanjelici-smutia-nad-vysledkami-volieb\/\" aria-label=\"Pre\u010d\u00edtajte si viac o Po\u013esk\u00ed evanjelici sm\u00fatia nad v\u00fdsledkami volieb\">\u010c\u00edta\u0165 viac<\/a><\/p>\n","protected":false},"author":22,"featured_media":0,"comment_status":"open","ping_status":"open","sticky":false,"template":"","format":"standard","meta":{"footnotes":""},"categories":[9,10],"tags":[],"class_list":["post-3831","post","type-post","status-publish","format-standard","hentry","category-europa","category-zo-sveta"],"_links":{"self":[{"href":"https:\/\/www.e-anjelik.sk\/index.php\/wp-json\/wp\/v2\/posts\/3831","targetHints":{"allow":["GET"]}}],"collection":[{"href":"https:\/\/www.e-anjelik.sk\/index.php\/wp-json\/wp\/v2\/posts"}],"about":[{"href":"https:\/\/www.e-anjelik.sk\/index.php\/wp-json\/wp\/v2\/types\/post"}],"author":[{"embeddable":true,"href":"https:\/\/www.e-anjelik.sk\/index.php\/wp-json\/wp\/v2\/users\/22"}],"replies":[{"embeddable":true,"href":"https:\/\/www.e-anjelik.sk\/index.php\/wp-json\/wp\/v2\/comments?post=3831"}],"version-history":[{"count":0,"href":"https:\/\/www.e-anjelik.sk\/index.php\/wp-json\/wp\/v2\/posts\/3831\/revisions"}],"wp:attachment":[{"href":"https:\/\/www.e-anjelik.sk\/index.php\/wp-json\/wp\/v2\/media?parent=3831"}],"wp:term":[{"taxonomy":"category","embeddable":true,"href":"https:\/\/www.e-anjelik.sk\/index.php\/wp-json\/wp\/v2\/categories?post=3831"},{"taxonomy":"post_tag","embeddable":true,"href":"https:\/\/www.e-anjelik.sk\/index.php\/wp-json\/wp\/v2\/tags?post=3831"}],"curies":[{"name":"wp","href":"https:\/\/api.w.org\/{rel}","templated":true}]}}