{"id":3834,"date":"2011-10-15T09:35:38","date_gmt":"2011-10-15T09:35:38","guid":{"rendered":"http:\/\/e-anjelik.sk\/?p=3834"},"modified":"2011-10-15T09:35:38","modified_gmt":"2011-10-15T09:35:38","slug":"synoda-evanjelicko-augsburskej-cirkvi-v-polsku","status":"publish","type":"post","link":"https:\/\/www.e-anjelik.sk\/index.php\/2011\/10\/15\/synoda-evanjelicko-augsburskej-cirkvi-v-polsku\/","title":{"rendered":"Synoda Evanjelicko-augsburskej cirkvi v Po\u013esku"},"content":{"rendered":"<p>V piatok 14. okt&oacute;bra 2011 sa v Luter&aacute;nskom centre vo Var&scaron;ave za\u010dala jesenn&aacute; \u010das\u0165 synody EAC v Po\u013esku. Na otv&aacute;rac&iacute;ch bohoslu\u017eb&aacute;ch v chr&aacute;me sv. Trojice boli pr&iacute;tomn&iacute; aj zahrani\u010dn&iacute; hostia: z D&aacute;nska, Ma\u010farska, \u010cR, Belgicka ,Nemecka. Po\u013esko je v s&uacute;\u010dasnosti predsedaj&uacute;cou krajinou E&Uacute; po Ma\u010farsku.Po \u0148om t&uacute;to funkciu prevezme D&aacute;nsko. Preto sa tak&yacute;to d&ocirc;raz kl&aacute;dol i na n&aacute;v&scaron;tevy predstavite\u013eov lut. cirkv&iacute; z t&yacute;chto &scaron;t&aacute;tov. Na bohoslu\u017eb&aacute;ch k&aacute;zal biskup z MR Tam&aacute;s Fab&iacute;ny. Hlavn&yacute;m programom bola spr&aacute;va biskupa EAC v PR J. Samieca. V nej hovoril o medzicirkevn&yacute;ch vz\u0165ahoch, zahrani\u010dn&yacute;ch n&aacute;v&scaron;tev&aacute;ch, vz\u0165ahu &scaron;t&aacute;tu a cirkvi. Vyzval veriacich modli\u0165 sa za duchovn&eacute; povolania -k\u0148azov a \u010dlenky diakon&aacute;tu, lebo v ostatn&yacute;ch rokoch po\u010det prihl&aacute;sen&yacute;ch do&nbsp;t&yacute;chto povolan&iacute; kles&aacute;.&nbsp;Synoda bude ukon\u010den&aacute; v nede\u013eu 16. okt&oacute;bra z&aacute;vere\u010dn&yacute;mi slu\u017ebami Bo\u017e&iacute;mi s Ve\u010derou P&aacute;novou.<\/p>\n<p>(<a href=\"http:\/\/www.luteranie.pl\">www.luteranie.pl<\/a>)<\/p>\n","protected":false},"excerpt":{"rendered":"<p>V piatok 14. okt&oacute;bra 2011 sa v Luter&aacute;nskom centre vo Var&scaron;ave za\u010dala jesenn&aacute; \u010das\u0165 synody EAC v Po\u013esku. Na otv&aacute;rac&iacute;ch bohoslu\u017eb&aacute;ch v chr&aacute;me sv. Trojice boli pr&iacute;tomn&iacute; aj zahrani\u010dn&iacute; hostia: z D&aacute;nska, Ma\u010farska, \u010cR, Belgicka ,Nemecka. Po\u013esko je v s&uacute;\u010dasnosti predsedaj&uacute;cou krajinou E&Uacute; po Ma\u010farsku.Po \u0148om t&uacute;to funkciu prevezme D&aacute;nsko. Preto sa tak&yacute;to d&ocirc;raz kl&aacute;dol &#8230; <a title=\"Synoda Evanjelicko-augsburskej cirkvi v Po\u013esku\" class=\"read-more\" href=\"https:\/\/www.e-anjelik.sk\/index.php\/2011\/10\/15\/synoda-evanjelicko-augsburskej-cirkvi-v-polsku\/\" aria-label=\"Pre\u010d\u00edtajte si viac o Synoda Evanjelicko-augsburskej cirkvi v Po\u013esku\">\u010c\u00edta\u0165 viac<\/a><\/p>\n","protected":false},"author":22,"featured_media":0,"comment_status":"open","ping_status":"open","sticky":false,"template":"","format":"standard","meta":{"footnotes":""},"categories":[9,10],"tags":[],"class_list":["post-3834","post","type-post","status-publish","format-standard","hentry","category-europa","category-zo-sveta"],"_links":{"self":[{"href":"https:\/\/www.e-anjelik.sk\/index.php\/wp-json\/wp\/v2\/posts\/3834","targetHints":{"allow":["GET"]}}],"collection":[{"href":"https:\/\/www.e-anjelik.sk\/index.php\/wp-json\/wp\/v2\/posts"}],"about":[{"href":"https:\/\/www.e-anjelik.sk\/index.php\/wp-json\/wp\/v2\/types\/post"}],"author":[{"embeddable":true,"href":"https:\/\/www.e-anjelik.sk\/index.php\/wp-json\/wp\/v2\/users\/22"}],"replies":[{"embeddable":true,"href":"https:\/\/www.e-anjelik.sk\/index.php\/wp-json\/wp\/v2\/comments?post=3834"}],"version-history":[{"count":0,"href":"https:\/\/www.e-anjelik.sk\/index.php\/wp-json\/wp\/v2\/posts\/3834\/revisions"}],"wp:attachment":[{"href":"https:\/\/www.e-anjelik.sk\/index.php\/wp-json\/wp\/v2\/media?parent=3834"}],"wp:term":[{"taxonomy":"category","embeddable":true,"href":"https:\/\/www.e-anjelik.sk\/index.php\/wp-json\/wp\/v2\/categories?post=3834"},{"taxonomy":"post_tag","embeddable":true,"href":"https:\/\/www.e-anjelik.sk\/index.php\/wp-json\/wp\/v2\/tags?post=3834"}],"curies":[{"name":"wp","href":"https:\/\/api.w.org\/{rel}","templated":true}]}}