{"id":3835,"date":"2011-10-15T10:06:22","date_gmt":"2011-10-15T10:06:22","guid":{"rendered":"http:\/\/e-anjelik.sk\/?p=3835"},"modified":"2011-10-15T10:06:22","modified_gmt":"2011-10-15T10:06:22","slug":"spolok-gustava-adolfa-v-rakusku-oslavuje-150-rokov","status":"publish","type":"post","link":"https:\/\/www.e-anjelik.sk\/index.php\/2011\/10\/15\/spolok-gustava-adolfa-v-rakusku-oslavuje-150-rokov\/","title":{"rendered":"Spolok Gustava Adolfa v Rak\u00fasku oslavuje 150 rokov"},"content":{"rendered":"<p>Spolok Gustava Adolfa (GAW) v Rak&uacute;sku oslavuje 150 rokov od svojho zalo\u017eenia. Stalo sa tak&nbsp; r. 1861.Oslavy sa konaj&uacute;&nbsp;vo Viedni a v Moedlingu. V sobotu sa kon&aacute; zhroma\u017edenie deleg&aacute;tov a spolo\u010dn&aacute; cesta do diaspory.Nav&scaron;t&iacute;via Evanjelick&eacute; gymn&aacute;zium, hudobn&uacute; &scaron;kolu J.S.Bacha, a nov&yacute; chr&aacute;m M.Luthera v Hainburgu ne\u010faleko Bratislavy. V&scaron;etky tieto projekty boli realizovan&eacute; pomocou GAW v Rak&uacute;sku a Nemecku. Ve\u010der sa kon&aacute; sl&aacute;vnos\u0165 s predn&aacute;&scaron;kou prof. &nbsp;Karla Schwartza. Potom je recepcia v Moedlingu. V nede\u013eu 16. okt. sa konaj&uacute; sl&aacute;vnostn&eacute; slu\u017eby Bo\u017eie v tom chr&aacute;me, kde sa spolok pred 150 rokmi zakladal &#8211; v kostole GA vo Viedni-Gumpendorfe. K&aacute;za\u0165 bude gen. tajomn&iacute;k GAW v Nemecku far&aacute;r Enno Haaks.Najzn&aacute;mej&scaron;ou akciou GAW v Rak&uacute;sku je detsk&aacute; zbierka. Deti a ml&aacute;de\u017e zbieraj&uacute; medzi svojimi zn&aacute;mymi a priate\u013emi financie. V s&uacute;\u010dasnosti vyniesla zbierka 110 tis&iacute;c Eur. Peniaze poskytn&uacute; na niektor&uacute; stavbu cirkevn&eacute;ho projektu v Rak&uacute;sku.<\/p>\n<p>(<a href=\"http:\/\/www.gustav-adolf-werk.de\">www.gustav-adolf-werk.de<\/a>)<\/p>\n","protected":false},"excerpt":{"rendered":"<p>Spolok Gustava Adolfa (GAW) v Rak&uacute;sku oslavuje 150 rokov od svojho zalo\u017eenia. Stalo sa tak&nbsp; r. 1861.Oslavy sa konaj&uacute;&nbsp;vo Viedni a v Moedlingu. V sobotu sa kon&aacute; zhroma\u017edenie deleg&aacute;tov a spolo\u010dn&aacute; cesta do diaspory.Nav&scaron;t&iacute;via Evanjelick&eacute; gymn&aacute;zium, hudobn&uacute; &scaron;kolu J.S.Bacha, a nov&yacute; chr&aacute;m M.Luthera v Hainburgu ne\u010faleko Bratislavy. V&scaron;etky tieto projekty boli realizovan&eacute; pomocou GAW v &#8230; <a title=\"Spolok Gustava Adolfa v Rak\u00fasku oslavuje 150 rokov\" class=\"read-more\" href=\"https:\/\/www.e-anjelik.sk\/index.php\/2011\/10\/15\/spolok-gustava-adolfa-v-rakusku-oslavuje-150-rokov\/\" aria-label=\"Pre\u010d\u00edtajte si viac o Spolok Gustava Adolfa v Rak\u00fasku oslavuje 150 rokov\">\u010c\u00edta\u0165 viac<\/a><\/p>\n","protected":false},"author":22,"featured_media":0,"comment_status":"open","ping_status":"open","sticky":false,"template":"","format":"standard","meta":{"footnotes":""},"categories":[1],"tags":[234],"class_list":["post-3835","post","type-post","status-publish","format-standard","hentry","category-adventna-modlitba","tag-zdruzenia-a-skupiny"],"_links":{"self":[{"href":"https:\/\/www.e-anjelik.sk\/index.php\/wp-json\/wp\/v2\/posts\/3835","targetHints":{"allow":["GET"]}}],"collection":[{"href":"https:\/\/www.e-anjelik.sk\/index.php\/wp-json\/wp\/v2\/posts"}],"about":[{"href":"https:\/\/www.e-anjelik.sk\/index.php\/wp-json\/wp\/v2\/types\/post"}],"author":[{"embeddable":true,"href":"https:\/\/www.e-anjelik.sk\/index.php\/wp-json\/wp\/v2\/users\/22"}],"replies":[{"embeddable":true,"href":"https:\/\/www.e-anjelik.sk\/index.php\/wp-json\/wp\/v2\/comments?post=3835"}],"version-history":[{"count":0,"href":"https:\/\/www.e-anjelik.sk\/index.php\/wp-json\/wp\/v2\/posts\/3835\/revisions"}],"wp:attachment":[{"href":"https:\/\/www.e-anjelik.sk\/index.php\/wp-json\/wp\/v2\/media?parent=3835"}],"wp:term":[{"taxonomy":"category","embeddable":true,"href":"https:\/\/www.e-anjelik.sk\/index.php\/wp-json\/wp\/v2\/categories?post=3835"},{"taxonomy":"post_tag","embeddable":true,"href":"https:\/\/www.e-anjelik.sk\/index.php\/wp-json\/wp\/v2\/tags?post=3835"}],"curies":[{"name":"wp","href":"https:\/\/api.w.org\/{rel}","templated":true}]}}