{"id":3838,"date":"2011-10-17T02:40:08","date_gmt":"2011-10-17T02:40:08","guid":{"rendered":"http:\/\/e-anjelik.sk\/?p=3838"},"modified":"2011-10-17T02:40:08","modified_gmt":"2011-10-17T02:40:08","slug":"synoda-eac-v-polsku-vydala-stanovisko","status":"publish","type":"post","link":"https:\/\/www.e-anjelik.sk\/index.php\/2011\/10\/17\/synoda-eac-v-polsku-vydala-stanovisko\/","title":{"rendered":"Synoda EAC v Po\u013esku vydala stanovisko"},"content":{"rendered":"<p>Synoda Evanjelicko-augsburskej cirtkvi v Po\u013esku,ktor&aacute; zasadala v d\u0148och 14.-16. okt. 2011 vo Var&scaron;ave vydala stanovisko k vyhl&aacute;seniu po\u013esk&eacute;ho sejmu,aby sa rok 2012 oslavoval ako rok k\u0148aza Piotra Skargu. V stanovisku sa p&iacute;&scaron;e ,\u017ee pod\u013ea &Uacute;stavy PR je &scaron;t&aacute;t neutr&aacute;lny vo veciach n&aacute;bo\u017eenstva, svetov&eacute;ho n&aacute;zoru a filozofie. Tomuto protire\u010d&iacute; vyhl&aacute;senie sejmu ,aby sa bud&uacute;ci rok oslavoval ako rok k\u0148aza Piotra Skargu. Tento k\u0148az spred 400 rokov s&iacute;ce bojoval za n&aacute;rodn&yacute; &scaron;t&aacute;t jagieloncov, ale pod\u013ea jeho ch&aacute;pania &scaron;t&aacute;t mal by\u0165 s jedn&yacute;m n&aacute;bo\u017eenstvom. Tieto jeho n&aacute;zory nie s&uacute; v s&uacute;lade so spolo\u010dnos\u0165ou 21. storo\u010dia, s&uacute; zalo\u017een&eacute; na konfesijnej nevra\u017eivosti a netolerantnosti. Skarga bol kontroverznou osobnos\u0165ou, preto nie je d&ocirc;vod na neho spom&iacute;na\u0165 a ho oslavova\u0165.Synoda vyjadruje &uacute;div na po\u010dinom sejmu a odsudzuje ho.<\/p>\n<p>(<a href=\"http:\/\/www.luteranie.pl\">www.luteranie.pl<\/a>)<\/p>\n","protected":false},"excerpt":{"rendered":"<p>Synoda Evanjelicko-augsburskej cirtkvi v Po\u013esku,ktor&aacute; zasadala v d\u0148och 14.-16. okt. 2011 vo Var&scaron;ave vydala stanovisko k vyhl&aacute;seniu po\u013esk&eacute;ho sejmu,aby sa rok 2012 oslavoval ako rok k\u0148aza Piotra Skargu. V stanovisku sa p&iacute;&scaron;e ,\u017ee pod\u013ea &Uacute;stavy PR je &scaron;t&aacute;t neutr&aacute;lny vo veciach n&aacute;bo\u017eenstva, svetov&eacute;ho n&aacute;zoru a filozofie. Tomuto protire\u010d&iacute; vyhl&aacute;senie sejmu ,aby sa bud&uacute;ci rok oslavoval &#8230; <a title=\"Synoda EAC v Po\u013esku vydala stanovisko\" class=\"read-more\" href=\"https:\/\/www.e-anjelik.sk\/index.php\/2011\/10\/17\/synoda-eac-v-polsku-vydala-stanovisko\/\" aria-label=\"Pre\u010d\u00edtajte si viac o Synoda EAC v Po\u013esku vydala stanovisko\">\u010c\u00edta\u0165 viac<\/a><\/p>\n","protected":false},"author":22,"featured_media":0,"comment_status":"open","ping_status":"open","sticky":false,"template":"","format":"standard","meta":{"footnotes":""},"categories":[9,10],"tags":[],"class_list":["post-3838","post","type-post","status-publish","format-standard","hentry","category-europa","category-zo-sveta"],"_links":{"self":[{"href":"https:\/\/www.e-anjelik.sk\/index.php\/wp-json\/wp\/v2\/posts\/3838","targetHints":{"allow":["GET"]}}],"collection":[{"href":"https:\/\/www.e-anjelik.sk\/index.php\/wp-json\/wp\/v2\/posts"}],"about":[{"href":"https:\/\/www.e-anjelik.sk\/index.php\/wp-json\/wp\/v2\/types\/post"}],"author":[{"embeddable":true,"href":"https:\/\/www.e-anjelik.sk\/index.php\/wp-json\/wp\/v2\/users\/22"}],"replies":[{"embeddable":true,"href":"https:\/\/www.e-anjelik.sk\/index.php\/wp-json\/wp\/v2\/comments?post=3838"}],"version-history":[{"count":0,"href":"https:\/\/www.e-anjelik.sk\/index.php\/wp-json\/wp\/v2\/posts\/3838\/revisions"}],"wp:attachment":[{"href":"https:\/\/www.e-anjelik.sk\/index.php\/wp-json\/wp\/v2\/media?parent=3838"}],"wp:term":[{"taxonomy":"category","embeddable":true,"href":"https:\/\/www.e-anjelik.sk\/index.php\/wp-json\/wp\/v2\/categories?post=3838"},{"taxonomy":"post_tag","embeddable":true,"href":"https:\/\/www.e-anjelik.sk\/index.php\/wp-json\/wp\/v2\/tags?post=3838"}],"curies":[{"name":"wp","href":"https:\/\/api.w.org\/{rel}","templated":true}]}}