{"id":3840,"date":"2011-10-18T07:04:29","date_gmt":"2011-10-18T07:04:29","guid":{"rendered":"http:\/\/e-anjelik.sk\/?p=3840"},"modified":"2011-10-18T07:04:29","modified_gmt":"2011-10-18T07:04:29","slug":"chudobni-sa-uchadzaju-o-pomoc-svedskej-cirkvi","status":"publish","type":"post","link":"https:\/\/www.e-anjelik.sk\/index.php\/2011\/10\/18\/chudobni-sa-uchadzaju-o-pomoc-svedskej-cirkvi\/","title":{"rendered":"Chudobn\u00ed sa uch\u00e1dzaj\u00fa o pomoc \u0160v\u00e9dskej cirkvi"},"content":{"rendered":"<p>Mnoho \u013eud&iacute; v n&uacute;dzi sa vo &Scaron;v&eacute;dsku uch&aacute;dza o pomoc v dobrovo\u013en&iacute;ckych organiz&aacute;ci&aacute;ch. O situ&aacute;cii vo &Scaron;v&eacute;dskej cirkvi hovorila v rozhlase zodpovedn&aacute; pracovn&iacute;\u010dka za diakonick&eacute; ot&aacute;zky Elisabeth Hjalmarsson. Pod\u013ea nej v cirkvi rastie po\u010det \u013eud&iacute;, uch&aacute;dzaj&uacute;cich sa o pomoc. S&uacute; to predov&scaron;etk&yacute;m nezamestnan&iacute;, mlad&iacute; dospel&iacute; a seniori. Pr&iacute;\u010dinou je nedostatok financi&iacute;, naru&scaron;enie soci&aacute;lnej siete a rast po\u010dtu nezamestnan&yacute;ch. Cirkev pom&aacute;ha finan\u010dne, potravinami, pri zaobstar&aacute;van&iacute; nov&yacute;ch okuliarov a podobne.<\/p>\n<p>(<a href=\"http:\/\/www.svenskakyrkan.se\">www.svenskakyrkan.se<\/a>)<\/p>\n","protected":false},"excerpt":{"rendered":"<p>Mnoho \u013eud&iacute; v n&uacute;dzi sa vo &Scaron;v&eacute;dsku uch&aacute;dza o pomoc v dobrovo\u013en&iacute;ckych organiz&aacute;ci&aacute;ch. O situ&aacute;cii vo &Scaron;v&eacute;dskej cirkvi hovorila v rozhlase zodpovedn&aacute; pracovn&iacute;\u010dka za diakonick&eacute; ot&aacute;zky Elisabeth Hjalmarsson. Pod\u013ea nej v cirkvi rastie po\u010det \u013eud&iacute;, uch&aacute;dzaj&uacute;cich sa o pomoc. S&uacute; to predov&scaron;etk&yacute;m nezamestnan&iacute;, mlad&iacute; dospel&iacute; a seniori. Pr&iacute;\u010dinou je nedostatok financi&iacute;, naru&scaron;enie soci&aacute;lnej siete a &#8230; <a title=\"Chudobn\u00ed sa uch\u00e1dzaj\u00fa o pomoc \u0160v\u00e9dskej cirkvi\" class=\"read-more\" href=\"https:\/\/www.e-anjelik.sk\/index.php\/2011\/10\/18\/chudobni-sa-uchadzaju-o-pomoc-svedskej-cirkvi\/\" aria-label=\"Pre\u010d\u00edtajte si viac o Chudobn\u00ed sa uch\u00e1dzaj\u00fa o pomoc \u0160v\u00e9dskej cirkvi\">\u010c\u00edta\u0165 viac<\/a><\/p>\n","protected":false},"author":22,"featured_media":0,"comment_status":"open","ping_status":"open","sticky":false,"template":"","format":"standard","meta":{"footnotes":""},"categories":[1],"tags":[221],"class_list":["post-3840","post","type-post","status-publish","format-standard","hentry","category-adventna-modlitba","tag-diakonia"],"_links":{"self":[{"href":"https:\/\/www.e-anjelik.sk\/index.php\/wp-json\/wp\/v2\/posts\/3840","targetHints":{"allow":["GET"]}}],"collection":[{"href":"https:\/\/www.e-anjelik.sk\/index.php\/wp-json\/wp\/v2\/posts"}],"about":[{"href":"https:\/\/www.e-anjelik.sk\/index.php\/wp-json\/wp\/v2\/types\/post"}],"author":[{"embeddable":true,"href":"https:\/\/www.e-anjelik.sk\/index.php\/wp-json\/wp\/v2\/users\/22"}],"replies":[{"embeddable":true,"href":"https:\/\/www.e-anjelik.sk\/index.php\/wp-json\/wp\/v2\/comments?post=3840"}],"version-history":[{"count":0,"href":"https:\/\/www.e-anjelik.sk\/index.php\/wp-json\/wp\/v2\/posts\/3840\/revisions"}],"wp:attachment":[{"href":"https:\/\/www.e-anjelik.sk\/index.php\/wp-json\/wp\/v2\/media?parent=3840"}],"wp:term":[{"taxonomy":"category","embeddable":true,"href":"https:\/\/www.e-anjelik.sk\/index.php\/wp-json\/wp\/v2\/categories?post=3840"},{"taxonomy":"post_tag","embeddable":true,"href":"https:\/\/www.e-anjelik.sk\/index.php\/wp-json\/wp\/v2\/tags?post=3840"}],"curies":[{"name":"wp","href":"https:\/\/api.w.org\/{rel}","templated":true}]}}