{"id":3842,"date":"2011-10-18T08:21:17","date_gmt":"2011-10-18T08:21:17","guid":{"rendered":"http:\/\/e-anjelik.sk\/?p=3842"},"modified":"2011-10-18T08:21:17","modified_gmt":"2011-10-18T08:21:17","slug":"pozitivna-bilancia-nedele-krstu-v-sasku","status":"publish","type":"post","link":"https:\/\/www.e-anjelik.sk\/index.php\/2011\/10\/18\/pozitivna-bilancia-nedele-krstu-v-sasku\/","title":{"rendered":"Pozit\u00edvna bilancia nedele krstu v Sasku"},"content":{"rendered":"<p>V Nemecku je v EKD tento rok vyhl&aacute;sen&yacute; ako rok krstov.Na podnet biskupa Evanjelicko-luter&aacute;nskej krajinskej cirkvi Saska Jochena Bohla bola nede\u013ea 6. okt. 2011 vyhl&aacute;sen&aacute; v tejto cirkvi ako nede\u013ea krstu. Prv&eacute; hl&aacute;senia z cirkevn&yacute;ch zborov s&uacute; pozit&iacute;vne. Sl&aacute;vnos\u0165 krstu sv. sa konala v 200 cirkevn&yacute;ch zboroch. T&uacute;to sviatos\u0165 prijalo 541 os&ocirc;b, z toho 55 dospel&yacute;ch. Na to, \u017ee demograficky je Nemecko ve\u013emi zle, s&uacute; to dobr&eacute; \u010d&iacute;sla.Biskup po\u010fakoval v&scaron;etk&yacute;m pracovn&iacute;kom v zboroch za anga\u017eovanos\u0165 a vyjadril sa, \u017ee v cirkevn&yacute;ch zboroch aj tieto sl&aacute;vnosti krstov vyvol&aacute;vaj&uacute; nov&eacute; impulzy. V&auml;\u010d&scaron;ina pokrsten&yacute;ch mala vz\u0165ah ku cirkevn&eacute;mu zboru u\u017e cez svojich rodi\u010dov. Zauj&iacute;mav&eacute; je v&scaron;ak aj to, \u017ee z pokrsten&yacute;ch det&iacute; v t&uacute;to nede\u013eu a\u017e 62 nemalo ani otca ani matku evanjelika\/\u010dku.<\/p>\n<p>(<a href=\"http:\/\/www.evlks.de\">www.evlks.de<\/a>)<\/p>\n","protected":false},"excerpt":{"rendered":"<p>V Nemecku je v EKD tento rok vyhl&aacute;sen&yacute; ako rok krstov.Na podnet biskupa Evanjelicko-luter&aacute;nskej krajinskej cirkvi Saska Jochena Bohla bola nede\u013ea 6. okt. 2011 vyhl&aacute;sen&aacute; v tejto cirkvi ako nede\u013ea krstu. Prv&eacute; hl&aacute;senia z cirkevn&yacute;ch zborov s&uacute; pozit&iacute;vne. Sl&aacute;vnos\u0165 krstu sv. sa konala v 200 cirkevn&yacute;ch zboroch. T&uacute;to sviatos\u0165 prijalo 541 os&ocirc;b, z toho 55 &#8230; <a title=\"Pozit\u00edvna bilancia nedele krstu v Sasku\" class=\"read-more\" href=\"https:\/\/www.e-anjelik.sk\/index.php\/2011\/10\/18\/pozitivna-bilancia-nedele-krstu-v-sasku\/\" aria-label=\"Pre\u010d\u00edtajte si viac o Pozit\u00edvna bilancia nedele krstu v Sasku\">\u010c\u00edta\u0165 viac<\/a><\/p>\n","protected":false},"author":22,"featured_media":0,"comment_status":"open","ping_status":"open","sticky":false,"template":"","format":"standard","meta":{"footnotes":""},"categories":[9,10],"tags":[],"class_list":["post-3842","post","type-post","status-publish","format-standard","hentry","category-europa","category-zo-sveta"],"_links":{"self":[{"href":"https:\/\/www.e-anjelik.sk\/index.php\/wp-json\/wp\/v2\/posts\/3842","targetHints":{"allow":["GET"]}}],"collection":[{"href":"https:\/\/www.e-anjelik.sk\/index.php\/wp-json\/wp\/v2\/posts"}],"about":[{"href":"https:\/\/www.e-anjelik.sk\/index.php\/wp-json\/wp\/v2\/types\/post"}],"author":[{"embeddable":true,"href":"https:\/\/www.e-anjelik.sk\/index.php\/wp-json\/wp\/v2\/users\/22"}],"replies":[{"embeddable":true,"href":"https:\/\/www.e-anjelik.sk\/index.php\/wp-json\/wp\/v2\/comments?post=3842"}],"version-history":[{"count":0,"href":"https:\/\/www.e-anjelik.sk\/index.php\/wp-json\/wp\/v2\/posts\/3842\/revisions"}],"wp:attachment":[{"href":"https:\/\/www.e-anjelik.sk\/index.php\/wp-json\/wp\/v2\/media?parent=3842"}],"wp:term":[{"taxonomy":"category","embeddable":true,"href":"https:\/\/www.e-anjelik.sk\/index.php\/wp-json\/wp\/v2\/categories?post=3842"},{"taxonomy":"post_tag","embeddable":true,"href":"https:\/\/www.e-anjelik.sk\/index.php\/wp-json\/wp\/v2\/tags?post=3842"}],"curies":[{"name":"wp","href":"https:\/\/api.w.org\/{rel}","templated":true}]}}