{"id":3846,"date":"2011-10-19T13:48:36","date_gmt":"2011-10-19T13:48:36","guid":{"rendered":"http:\/\/e-anjelik.sk\/?p=3846"},"modified":"2011-10-19T13:48:36","modified_gmt":"2011-10-19T13:48:36","slug":"evanjelikali-z-europy-snemovali","status":"publish","type":"post","link":"https:\/\/www.e-anjelik.sk\/index.php\/2011\/10\/19\/evanjelikali-z-europy-snemovali\/","title":{"rendered":"Evanjelik\u00e1li z Eur\u00f3py snemovali"},"content":{"rendered":"<p>Od 17. do 21. okt. 2011 sa v Bad Liebenzelle ,Nemecko, kon&aacute; gener&aacute;lne zhroma\u017edenie Eur&oacute;pskej evanjelickej aliancie (EEA). Na stretnut&iacute; s mottom:&quot;P&aacute;na Boha milova\u0165 v sekul&aacute;rnej dobe&quot; sa z&uacute;\u010dast\u0148uje 140 deleg&aacute;tov z 30 n&aacute;rodn&yacute;ch alianci&iacute;. Gener&aacute;lny tajomn&iacute;k EEA Niek M. Tramper z Holandska sa na tomto stretnut&iacute; vyjadril, \u017ee evanjelik&aacute;li maj&uacute; n&aacute;dej pre Eur&oacute;pu. &quot;Napriek finan\u010dnej, mor&aacute;lnej a duchovnej kr&iacute;ze Eur&oacute;py m&aacute;m n&aacute;dej pre Eur&oacute;pu. Ako uk&aacute;zali minul&eacute; st&aacute;ro\u010dia, po kr&iacute;ze prich&aacute;dza v spolo\u010dnosti v\u017edy k obnove a duchovn&eacute;mu prebudeniu.&quot; K EEA patr&iacute; 36 n&aacute;rodn&yacute;ch alianci&iacute; s celkovo 15 mili&oacute;nmi evanjelik&aacute;lov.<\/p>\n<p>(<a href=\"http:\/\/www.idea.de\">www.idea.de<\/a>)<\/p>\n","protected":false},"excerpt":{"rendered":"<p>Od 17. do 21. okt. 2011 sa v Bad Liebenzelle ,Nemecko, kon&aacute; gener&aacute;lne zhroma\u017edenie Eur&oacute;pskej evanjelickej aliancie (EEA). Na stretnut&iacute; s mottom:&quot;P&aacute;na Boha milova\u0165 v sekul&aacute;rnej dobe&quot; sa z&uacute;\u010dast\u0148uje 140 deleg&aacute;tov z 30 n&aacute;rodn&yacute;ch alianci&iacute;. Gener&aacute;lny tajomn&iacute;k EEA Niek M. Tramper z Holandska sa na tomto stretnut&iacute; vyjadril, \u017ee evanjelik&aacute;li maj&uacute; n&aacute;dej pre Eur&oacute;pu. &quot;Napriek &#8230; <a title=\"Evanjelik\u00e1li z Eur\u00f3py snemovali\" class=\"read-more\" href=\"https:\/\/www.e-anjelik.sk\/index.php\/2011\/10\/19\/evanjelikali-z-europy-snemovali\/\" aria-label=\"Pre\u010d\u00edtajte si viac o Evanjelik\u00e1li z Eur\u00f3py snemovali\">\u010c\u00edta\u0165 viac<\/a><\/p>\n","protected":false},"author":22,"featured_media":0,"comment_status":"open","ping_status":"open","sticky":false,"template":"","format":"standard","meta":{"footnotes":""},"categories":[1],"tags":[234],"class_list":["post-3846","post","type-post","status-publish","format-standard","hentry","category-adventna-modlitba","tag-zdruzenia-a-skupiny"],"_links":{"self":[{"href":"https:\/\/www.e-anjelik.sk\/index.php\/wp-json\/wp\/v2\/posts\/3846","targetHints":{"allow":["GET"]}}],"collection":[{"href":"https:\/\/www.e-anjelik.sk\/index.php\/wp-json\/wp\/v2\/posts"}],"about":[{"href":"https:\/\/www.e-anjelik.sk\/index.php\/wp-json\/wp\/v2\/types\/post"}],"author":[{"embeddable":true,"href":"https:\/\/www.e-anjelik.sk\/index.php\/wp-json\/wp\/v2\/users\/22"}],"replies":[{"embeddable":true,"href":"https:\/\/www.e-anjelik.sk\/index.php\/wp-json\/wp\/v2\/comments?post=3846"}],"version-history":[{"count":0,"href":"https:\/\/www.e-anjelik.sk\/index.php\/wp-json\/wp\/v2\/posts\/3846\/revisions"}],"wp:attachment":[{"href":"https:\/\/www.e-anjelik.sk\/index.php\/wp-json\/wp\/v2\/media?parent=3846"}],"wp:term":[{"taxonomy":"category","embeddable":true,"href":"https:\/\/www.e-anjelik.sk\/index.php\/wp-json\/wp\/v2\/categories?post=3846"},{"taxonomy":"post_tag","embeddable":true,"href":"https:\/\/www.e-anjelik.sk\/index.php\/wp-json\/wp\/v2\/tags?post=3846"}],"curies":[{"name":"wp","href":"https:\/\/api.w.org\/{rel}","templated":true}]}}