{"id":3847,"date":"2011-10-20T05:30:01","date_gmt":"2011-10-20T05:30:01","guid":{"rendered":"http:\/\/e-anjelik.sk\/?p=3847"},"modified":"2011-10-20T05:30:01","modified_gmt":"2011-10-20T05:30:01","slug":"vyrocne-zhromazdenie-emw-v-meissen-nemecko","status":"publish","type":"post","link":"https:\/\/www.e-anjelik.sk\/index.php\/2011\/10\/20\/vyrocne-zhromazdenie-emw-v-meissen-nemecko\/","title":{"rendered":"V\u00fdro\u010dn\u00e9 zhroma\u017edenie EMW v Meissen, Nemecko"},"content":{"rendered":"<p>V nemeckom meste Meissen sa v stredu 19. okt&oacute;bra 2011 za\u010dalo v&yacute;ro\u010dn&eacute; stretnutie Evanjelickej misie -Das Evangelische Missionswerk (EMW) . O\u010dak&aacute;va sa &uacute;\u010das\u0165 65 pr&iacute;tomn&yacute;ch. &Uacute;vodn&uacute; predn&aacute;&scaron;ku prednesie teol&oacute;g z Ghany na t&eacute;mu : Vz\u0165ah rozvojov&yacute;ch kraj&iacute;n k letni\u010dn&yacute;m a charizmatick&yacute;m skupin&aacute;m. Na programe je aj v&yacute;ro\u010dn&aacute; spr&aacute;va EMW. Trojd\u0148ov&eacute; zasadnutie sa kon&aacute; v Evanjelickej akad&eacute;mii v Meissen. S&uacute;\u010das\u0165ou s&uacute; aj slu\u017eby Bo\u017eie v D&oacute;me, na ktor&yacute;ch bude k&aacute;za\u0165 biskup Jan Janssen z Oldenburgu, ktor&yacute; je od roku 2010 predsedom EMW. EMW je zdru\u017een&iacute;m evanjelick&yacute;ch cirkv&iacute;, misijn&yacute;ch diel, slobodn&yacute;ch cirkv&iacute; ako aj po\u010detn&yacute;ch misijn&yacute;ch spolkov v Nemecku. V&scaron;etci \u010dlenovia sa podie\u013eaj&uacute; na misijnej,ekumenickej a rozvojovej pr&aacute;ci s kres\u0165anmi na v&scaron;etk&yacute;ch kontinentoch. S&iacute;dlom EMW je Hamburg.<\/p>\n<p>(<a href=\"http:\/\/www.kirche-mv.de\">www.kirche-mv.de<\/a>)<\/p>\n","protected":false},"excerpt":{"rendered":"<p>V nemeckom meste Meissen sa v stredu 19. okt&oacute;bra 2011 za\u010dalo v&yacute;ro\u010dn&eacute; stretnutie Evanjelickej misie -Das Evangelische Missionswerk (EMW) . O\u010dak&aacute;va sa &uacute;\u010das\u0165 65 pr&iacute;tomn&yacute;ch. &Uacute;vodn&uacute; predn&aacute;&scaron;ku prednesie teol&oacute;g z Ghany na t&eacute;mu : Vz\u0165ah rozvojov&yacute;ch kraj&iacute;n k letni\u010dn&yacute;m a charizmatick&yacute;m skupin&aacute;m. Na programe je aj v&yacute;ro\u010dn&aacute; spr&aacute;va EMW. Trojd\u0148ov&eacute; zasadnutie sa kon&aacute; v Evanjelickej &#8230; <a title=\"V\u00fdro\u010dn\u00e9 zhroma\u017edenie EMW v Meissen, Nemecko\" class=\"read-more\" href=\"https:\/\/www.e-anjelik.sk\/index.php\/2011\/10\/20\/vyrocne-zhromazdenie-emw-v-meissen-nemecko\/\" aria-label=\"Pre\u010d\u00edtajte si viac o V\u00fdro\u010dn\u00e9 zhroma\u017edenie EMW v Meissen, Nemecko\">\u010c\u00edta\u0165 viac<\/a><\/p>\n","protected":false},"author":22,"featured_media":0,"comment_status":"open","ping_status":"open","sticky":false,"template":"","format":"standard","meta":{"footnotes":""},"categories":[1],"tags":[234],"class_list":["post-3847","post","type-post","status-publish","format-standard","hentry","category-adventna-modlitba","tag-zdruzenia-a-skupiny"],"_links":{"self":[{"href":"https:\/\/www.e-anjelik.sk\/index.php\/wp-json\/wp\/v2\/posts\/3847","targetHints":{"allow":["GET"]}}],"collection":[{"href":"https:\/\/www.e-anjelik.sk\/index.php\/wp-json\/wp\/v2\/posts"}],"about":[{"href":"https:\/\/www.e-anjelik.sk\/index.php\/wp-json\/wp\/v2\/types\/post"}],"author":[{"embeddable":true,"href":"https:\/\/www.e-anjelik.sk\/index.php\/wp-json\/wp\/v2\/users\/22"}],"replies":[{"embeddable":true,"href":"https:\/\/www.e-anjelik.sk\/index.php\/wp-json\/wp\/v2\/comments?post=3847"}],"version-history":[{"count":0,"href":"https:\/\/www.e-anjelik.sk\/index.php\/wp-json\/wp\/v2\/posts\/3847\/revisions"}],"wp:attachment":[{"href":"https:\/\/www.e-anjelik.sk\/index.php\/wp-json\/wp\/v2\/media?parent=3847"}],"wp:term":[{"taxonomy":"category","embeddable":true,"href":"https:\/\/www.e-anjelik.sk\/index.php\/wp-json\/wp\/v2\/categories?post=3847"},{"taxonomy":"post_tag","embeddable":true,"href":"https:\/\/www.e-anjelik.sk\/index.php\/wp-json\/wp\/v2\/tags?post=3847"}],"curies":[{"name":"wp","href":"https:\/\/api.w.org\/{rel}","templated":true}]}}