{"id":3851,"date":"2011-10-20T21:47:16","date_gmt":"2011-10-20T21:47:16","guid":{"rendered":"http:\/\/e-anjelik.sk\/?p=3851"},"modified":"2011-10-20T21:47:16","modified_gmt":"2011-10-20T21:47:16","slug":"mas-problem","status":"publish","type":"post","link":"https:\/\/www.e-anjelik.sk\/index.php\/2011\/10\/20\/mas-problem\/","title":{"rendered":"M\u00e1\u0161 probl\u00e9m?"},"content":{"rendered":"<p>&nbsp;<span class=\"Apple-style-span\" style=\"font-family: Helvetica; font-size: 16px; line-height: normal; \"><b>&nbsp; &nbsp; &nbsp; &nbsp; &nbsp; &nbsp; &nbsp; &nbsp; &nbsp; &nbsp; &nbsp; &nbsp; &nbsp; &nbsp; &nbsp; &nbsp; &nbsp; &nbsp; &nbsp; &nbsp; &nbsp; &nbsp; &nbsp; &nbsp; &nbsp; &nbsp; &nbsp; &nbsp; &nbsp; &nbsp; &nbsp; &nbsp; &nbsp; &nbsp; &nbsp; &nbsp; M&aacute;&scaron; probl&eacute;m?<\/b><\/span><\/p>\n<p style=\"margin: 0.0px 0.0px 0.0px 0.0px; font: 16.0px Helvetica\"><span style=\"letter-spacing: 0.0px\"><b>Mk 1, 40- 45:<\/b><\/span><\/p>\n<p style=\"margin: 0.0px 0.0px 0.0px 0.0px; font: 16.0px Helvetica\"><span style=\"letter-spacing: 0.0px\"><i>&nbsp; &nbsp; &nbsp; &ldquo;Tu pri&scaron;iel k Nemu malomocn&yacute;, ktor&yacute; Ho na kolen&aacute;ch prosil: Keby si chcel, mohol by si ma o\u010disti\u0165. (41) <\/i><\/span><span style=\"letter-spacing: 0.0px\"><i>I z\u013eutoval sa nad n&iacute;m, vystrel ruku, dotkol sa ho a povedal mu: Chcem, bu\u010f \u010dist&yacute;! (42) Ako to povedal, hne\u010f odi&scaron;lo od neho malomocenstvo a bol o\u010disten&yacute;. (43) I pohrozil mu pr&iacute;sne a hne\u010f ho odpravil slovami: (44) Nehovor o tom nikomu. Ale cho\u010f, uk&aacute;\u017e sa k\u0148azovi a obetuj za svoje o\u010distenie, \u010do nariadil Moj\u017ei&scaron;, na svedectvo \u013eu\u010fom. (45) On v&scaron;ak, len \u010do odi&scaron;iel, v&scaron;ade hovoril o tom a rozhlasoval, \u010do sa stalo, tak\u017ee Je\u017ei&scaron; ani nemohol verejne vojs\u0165 do mesta, ale b&yacute;val von na pust&yacute;ch miestach. A prich&aacute;dzali k nemu odv&scaron;adia\u013e.&rdquo; Amen.<\/i><\/span><\/p>\n<p style=\"margin: 0.0px 0.0px 0.0px 0.0px; font: 16.0px Helvetica; min-height: 19.0px\">&nbsp;<\/p>\n<p style=\"margin: 0.0px 0.0px 0.0px 0.0px; font: 16.0px Helvetica\"><span style=\"letter-spacing: 0.0px\"><i>&nbsp; &nbsp; &nbsp; &nbsp; Bratia a sestry v P&aacute;novi!<\/i><\/span><\/p>\n<p style=\"margin: 0.0px 0.0px 0.0px 0.0px; font: 16.0px Helvetica; min-height: 19.0px\">&nbsp;<\/p>\n<p style=\"margin: 0.0px 0.0px 0.0px 0.0px; font: 16.0px Helvetica\"><span style=\"letter-spacing: 0.0px\">Ka\u017ed&yacute;, kto \u010do len raz bol na dovolenke pri Jadrane, (&ldquo;v Juho&scaron;ke&rdquo; ), si iste v&scaron;imol niektor&eacute; \u010dasto zau\u017e&iacute;van&eacute; slov&aacute; na&scaron;ich ju\u017en&yacute;ch bratov. Jedn&yacute;m z naj\u010dastej&scaron;ie pou\u017e&iacute;van&yacute;ch je slovn&eacute; spojenie: <b>&ldquo;n&eacute;ma probl&eacute;ma&rdquo;<\/b>. Mnoh&iacute; chc&uacute; p&ocirc;sobi\u0165 dojmom, \u017ee naozaj s&uacute; \u013eu\u010fmi, ktor&iacute; nemaj&uacute; \u017eiaden probl&eacute;m. V skuto\u010dnosti ka\u017ed&yacute; \u010dlovek m&aacute; nejak&eacute; probl&eacute;my a niekto ich m&aacute; mo\u017eno a\u017e ve\u013ea. Niektor&eacute; sa javia ako rie&scaron;ite\u013en&eacute;, in&eacute; nerie&scaron;ite\u013en&eacute;.<\/span><\/p>\n<p style=\"margin: 0.0px 0.0px 0.0px 0.0px; font: 16.0px Helvetica; min-height: 19.0px\"><span style=\"letter-spacing: 0.0px\">&nbsp; &nbsp; &nbsp;<\/span><\/p>\n<p style=\"margin: 0.0px 0.0px 0.0px 0.0px; font: 16.0px Helvetica\"><span style=\"letter-spacing: 0.0px\">&nbsp;&nbsp; &nbsp; V dne&scaron;nom svedectve evanjelistu Marka vid&iacute;me, \u017ee probl&eacute;my mal aj P&aacute;n Je\u017ei&scaron;. Je Synom Bo\u017e&iacute;m, ale je aj synom \u013eudsk&yacute;m a probl&eacute;my sprev&aacute;dzali aj Jeho \u017eivot.<\/span><\/p>\n<p style=\"margin: 0.0px 0.0px 0.0px 0.0px; font: 16.0px Helvetica; min-height: 19.0px\"><span style=\"letter-spacing: 0.0px\">&nbsp; &nbsp; &nbsp;<\/span><\/p>\n<p style=\"margin: 0.0px 0.0px 0.0px 0.0px; font: 16.0px Helvetica\"><span style=\"letter-spacing: 0.0px\">Nebol pre neho probl&eacute;m kohoko\u013evek uzdravi\u0165 telesne i duchovne. Svoju Bo\u017esk&uacute; moc a silu vyu\u017e&iacute;val na pomoc \u010dloveku a k prejaveniu l&aacute;sky k hrie&scaron;nikom. Hriech odmietal, ale hrie&scaron;nikov prij&iacute;mal a uj&iacute;mal sa ich. V\u017edy rozli&scaron;oval tieto dve veci, lebo vedel a vie, \u017ee hrie&scaron;nikmi sme my v&scaron;etci. Sme t&iacute;, ktor&iacute; potrebuj&uacute; pomoc, vyk&uacute;penie z ka\u017edej zlej moci a to bola a je Jeho &uacute;loha. Pr&iacute;s\u0165 k \u010dloveku ako skuto\u010dn&yacute; a prav&yacute; Spasite\u013e a Vykupite\u013e .&nbsp;<\/span><\/p>\n<p style=\"margin: 0.0px 0.0px 0.0px 0.0px; font: 16.0px Helvetica; min-height: 19.0px\"><span style=\"letter-spacing: 0.0px\">&nbsp; &nbsp; &nbsp;<\/span><\/p>\n<p style=\"margin: 0.0px 0.0px 0.0px 0.0px; font: 16.0px Helvetica\"><span style=\"letter-spacing: 0.0px\">&nbsp;&nbsp; N&aacute;s zaujme oby\u010dajne najsk&ocirc;r to, \u010do je vidite\u013en&eacute; a \u010do sa jav&iacute; ako najv&auml;\u010d&scaron;&iacute; dar. Tak&yacute;m je dar zdravia. Dne&scaron;n&yacute;m \u013eu\u010fom spravidla unik&aacute; s&uacute;vis medzi chorobami tela a duchovn&yacute;m stavom \u010dloveka, toti\u017e mocou hriechu. E&scaron;te viac n&aacute;m unik&aacute; s&uacute;vis medzi nemocou a duchovn&yacute;m p&ocirc;soben&iacute;m toho zl&eacute;ho, ktor&yacute; &ldquo;<i>bol vrahom \u013eud&iacute; od po\u010diatku&rdquo;. <\/i>Tu povedzme iba to\u013eko, \u017ee vo v&auml;\u010d&scaron;ine pr&iacute;padov tento s&uacute;vis naozaj existuje a P&iacute;smo o \u0148om \u010dasto hovor&iacute;. Neznamen&aacute; to, \u017ee by \u013eudia v dobe p&ocirc;sobenia P&aacute;na Je\u017ei&scaron;a na zemi videli ten s&uacute;vis&nbsp; &uacute;plne jasne, ale ich poznanie sa uberalo viac t&yacute;mto smerom. Tak sa napr&iacute;klad p&yacute;tali o jednom chorom \u010dloveku: <i>&ldquo;Kto zhre&scaron;il? On a \u010di jeho rodi\u010dia? &ldquo;<\/i><\/span><\/p>\n<p style=\"margin: 0.0px 0.0px 0.0px 0.0px; font: 16.0px Helvetica\"><span style=\"letter-spacing: 0.0px\"><i>&nbsp; &nbsp; &nbsp;<\/i> Svedectvo evanjelistov preto pravide\u013ene a celkom be\u017ene hovor&iacute; o zl&yacute;ch, skryt&yacute;ch, nevidite\u013en&yacute;ch sil&aacute;ch, menovan&yacute;ch d&eacute;monmi, ako o &nbsp;slu\u017eobn&iacute;koch diabla, satana, ktor&yacute; stoj&iacute; za zl&yacute;m stavom tela i du&scaron;e \u010dloveka. O tom hovoril \u010dasto aj P&aacute;n Je\u017ei&scaron;, ke\u010f napr. povedal, \u017ee On &ldquo;<i>pri&scaron;iel mari\u0165 skutky diablove&rdquo;. <\/i>T&yacute;mi posledn&yacute;mi s&uacute; nielen zvody na hriech, ale najm&auml; duchovn&aacute; smr\u0165 \u010dloveka. Duchovn&aacute; smr\u0165 znamen&aacute; nepriate\u013estvo \u010dloveka vo\u010di P&aacute;nu Bohu ako dobr&eacute;mu Otcovi. To je stav, do ktor&eacute;ho chce dosta\u0165 a udr\u017ea\u0165 ka\u017ed&eacute;ho \u010dloveka diabol. P&aacute;n Je\u017ei&scaron; m&aacute; samozrejme moc nad v&scaron;etk&yacute;m. M&aacute; moc lie\u010di\u0165 telo, du&scaron;u i ducha. Ale \u010dlovek sa neraz zastavuje,&nbsp;iba pri tom prvom. Pri tom, \u010do je &ldquo;pred o\u010dami&rdquo; &#8211; a <b>to je choroba tela<\/b> v r&ocirc;znych prejavoch a podob&aacute;ch. A tak mal potom probl&eacute;m aj samot&yacute; P&aacute;n Je\u017ei&scaron; Kristus. Musel, ako sme po\u010duli, priam uteka\u0165 pred z&aacute;stupmi \u013eud&iacute; a skr&yacute;va\u0165 sa, hoci pri&scaron;iel pre \u010dloveka. &rdquo;<i>Je\u017ei&scaron; ani nemohol verejne vojs\u0165 do mesta, ale b&yacute;val von na pust&yacute;ch miestach&rdquo;( v.45).<\/i><\/span><\/p>\n<p style=\"margin: 0.0px 0.0px 0.0px 0.0px; font: 16.0px Helvetica; min-height: 19.0px\"><span style=\"letter-spacing: 0.0px\"><i>&nbsp; &nbsp; &nbsp; &nbsp;<\/i><\/span><\/p>\n<p style=\"margin: 0.0px 0.0px 0.0px 0.0px; font: 16.0px Helvetica\"><span style=\"letter-spacing: 0.0px\">&nbsp; &nbsp; &nbsp; Mnoho kr&aacute;t som \u010d&iacute;tal aj toto dne&scaron;n&eacute; svedectvo evanjelistu Marka. \u010covek v\u017edy zastane u\u017easnut&yacute; i preniknut&yacute; b&aacute;z\u0148ou nad skutkom uzdravenia z malomocenstva, onej hroznej a desivej choroby. Takou bolo malomocenstvo&nbsp;v minulosti a je aj dnes na mnoh&yacute;ch miestach zeme. \u013dudia sa zatriasli v du&scaron;i, ke\u010f po\u010duli slovo malomocenstvo, tak ako sa my dnes zachvejeme, ke\u010f napr. po\u010dujeme slovo rakovina. Ak t&aacute;to nemoc niekoho zasiahne priamo, za\u010dn&uacute; sa dia\u0165 s \u010dlovekom ve\u013emi zlo\u017eit&eacute; a neraz \u0165a\u017ek&eacute; stavy, boje, z&aacute;pasy a h\u013eadania.<\/span><\/p>\n<p style=\"margin: 0.0px 0.0px 0.0px 0.0px; font: 16.0px Helvetica; min-height: 19.0px\"><span style=\"letter-spacing: 0.0px\">&nbsp; &nbsp;<\/span><\/p>\n<p style=\"margin: 0.0px 0.0px 0.0px 0.0px; font: 16.0px Helvetica\"><span style=\"letter-spacing: 0.0px\">&nbsp; &nbsp; &nbsp; Je\u017ei&scaron;a h\u013eadali cel&eacute; z&aacute;stupy, lebo &ldquo;<i>prich&aacute;dzali k nemu odv&scaron;adia\u013e&rdquo;<\/i>.&nbsp; To sa opakovalo v Jeho \u017eivote \u010dasto. <strong>Musel unika\u0165 z&aacute;stupom, ktor&eacute; \u017eiadali telesn&yacute; dar zdravia, ale Darcu pozna\u0165 nechceli<\/strong>. Nie inak to bolo, ke\u010f nas&yacute;til z&aacute;stupy chlebom. \u013dudia \u017eiadali chlieb, chceli ho urobi\u0165 kr&aacute;\u013eom, ale On musel unikn&uacute;\u0165 lo\u010fkou cez Genezaretsk&eacute; jazero na druh&uacute; stranu. &nbsp;<\/span><\/p>\n<p style=\"margin: 0.0px 0.0px 0.0px 0.0px; font: 16.0px Helvetica; min-height: 19.0px\"><span style=\"letter-spacing: 0.0px\">&nbsp;&nbsp; &nbsp;<\/span><\/p>\n<p style=\"margin: 0.0px 0.0px 0.0px 0.0px; font: 16.0px Helvetica\"><span style=\"letter-spacing: 0.0px\">On chcel by\u0165 ich kr&aacute;\u013eom, ale nie zemsk&yacute;m. Len\u017ee cesta ku skuto\u010dnej slobode Bo\u017e&iacute;ch det&iacute; bola e&scaron;te dlh&aacute;. E&scaron;te Ho \u010dakal Jeruzalem, ktor&yacute; neraz vra\u017edil prorokov&#8230;\u010cakal Ho kr&iacute;\u017e. <b>Bez Jeho kr&iacute;\u017ea a obete, ale i vzkriesenia, nebolo a nie je mo\u017en&eacute; spr&aacute;vne pozna\u0165 Je\u017ei&scaron;a&nbsp; ako P&aacute;na a Spasite\u013ea.<\/b> Vidie\u0165 v \u0147om iba z&aacute;zra\u010dn&eacute;ho lek&aacute;ra je nedostato\u010dn&eacute; a chybn&eacute; poznanie.<\/span><\/p>\n<p style=\"margin: 0.0px 0.0px 0.0px 0.0px; font: 16.0px Helvetica; min-height: 19.0px\"><span style=\"letter-spacing: 0.0px\">&nbsp; &nbsp; &nbsp;<\/span><\/p>\n<p style=\"margin: 0.0px 0.0px 0.0px 0.0px; font: 16.0px Helvetica\"><span style=\"letter-spacing: 0.0px\">&nbsp; &nbsp; Vid&iacute;me, \u017ee aj v tomto pr&iacute;pade uzdravenia malomocn&eacute;ho \u010dloveka P&aacute;n <b>Je\u017ei&scaron; ne\u017eiada, ale<\/b> <b>priamo zakazuje hovori\u0165 o Jeho skutku<\/b>. Zakazuje svedetcvo, ktor&eacute; je nedostato\u010dn&eacute; a ne&uacute;pln&eacute;, lebo vedel, \u017ee by bol pochopen&yacute; &uacute;plne nespr&aacute;vne. Predsa v&scaron;ak mohol by\u0165 nesk&ocirc;r aj ten uzdraven&yacute; \u010dlovek, ktor&eacute;ho poslal uk&aacute;za\u0165 sa k\u0148azovi a prinies\u0165 dar v\u010faky Bohu, nesk&ocirc;r svedkom Je\u017ei&scaron;ov&yacute;m. N&iacute;m sa v&scaron;ak nestal. On napriek tomu, \u017ee bol uzdraven&yacute; , jednoducho Je\u017ei&scaron;a nepo\u010d&uacute;vol a neposl&uacute;chol !<b> Urobil prav&yacute; opak toho, \u010do chcel Je\u017ei&scaron;. T&yacute;mto po\u010d&iacute;nan&iacute;m naru&scaron;il vz\u0165ah k P&aacute;novi Je\u017ei&scaron;ovi a stal sa neposlu&scaron;n&yacute;m synom. Preto robil Je\u017ei&scaron;ovej misii viac &scaron;kody, ako osohu! Jeho svedetcvo je skreslen&eacute;, nedostato\u010dn&eacute; a preto neprav&eacute;.<\/b><\/span><\/p>\n<p style=\"margin: 0.0px 0.0px 0.0px 0.0px; font: 16.0px Helvetica; min-height: 19.0px\"><span style=\"letter-spacing: 0.0px\">&nbsp;&nbsp; &nbsp;<\/span><\/p>\n<p style=\"margin: 0.0px 0.0px 0.0px 0.0px; font: 16.0px Helvetica\"><span style=\"letter-spacing: 0.0px\">&nbsp; &nbsp; &nbsp; &nbsp;&nbsp;2. Podobn&eacute; probl&eacute;my mali aj u\u010den&iacute;ci, ktor&yacute;ch P&aacute;n Je\u017ei&scaron; vyslal u\u010di\u0165&nbsp; a ktor&yacute;m dal aj silu vyh&aacute;\u0148a\u0165 d&eacute;monov, teda lie\u010di\u0165 telo. &ldquo;<i>Pane, aj d&eacute;moni sa n&aacute;m podd&aacute;vaj&uacute; &ldquo;.<\/i>..- \u017easli a s rados\u0165ou Mu oznamuj&uacute;&nbsp; u\u010den&iacute;ci. Ale svedectvo pravdy o Je\u017ei&scaron;ovi ako trpiacom Bar&aacute;nkovi Bo\u017eom bolo, ako sa uk&aacute;zalo nesk&ocirc;r, u\u017e ove\u013ea \u0165a\u017e&scaron;&iacute; orie&scaron;ok.&nbsp; <i>&ldquo;Slovo o kr&iacute;\u017ei bolo, &#8211;&nbsp; je a zostane&nbsp; &#8211; \u017didom pohor&scaron;en&iacute;m a pohanom bl&aacute;znovstvom&rdquo;. (1 K)&nbsp;<\/i><\/span><\/p>\n<p style=\"margin: 0.0px 0.0px 0.0px 0.0px; font: 16.0px Helvetica\"><span style=\"letter-spacing: 0.0px\">Ke\u010f sa z u\u010den&iacute;kov stali apo&scaron;tolovia, mali aj in&yacute; probl&eacute;m. Neraz ich \u013eudia pova\u017eovali priamo za &ldquo;bohov&rdquo;, ktor&yacute;ch boli ochotn&iacute; oslavova\u0165 a uctieva\u0165. Op&auml;\u0165 prehliadali a prepo\u010duli svedectvo o Tom, kto vlastne ich naozaj vylie\u010dil, udravil, alebo im inak &uacute;\u010dinne pomohol.<\/span><\/p>\n<p style=\"margin: 0.0px 0.0px 0.0px 0.0px; font: 16.0px Helvetica; min-height: 19.0px\"><span style=\"letter-spacing: 0.0px\">&nbsp;&nbsp; &nbsp;<\/span><\/p>\n<ol style=\"list-style-type: decimal\">\n<li style=\"margin: 0.0px 0.0px 0.0px 0.0px; font: 16.0px Helvetica\"><span style=\"letter-spacing: 0.0px\">Bratia a sestry v P&aacute;novi!&nbsp; <\/span><\/li>\n<li style=\"margin: 0.0px 0.0px 0.0px 0.0px; font: 16.0px Helvetica\"><span style=\"letter-spacing: 0.0px\">Aj my m&aacute;me ve\u013ea probl&eacute;mov . Napr&iacute;klad prija\u0165 v plnosti, v pravde a pokore Je\u017ei&scaron;a nie ako u\u010dite\u013ea mravnosti, ale ako Toho, kto m&aacute; pln&uacute; moc a plnos\u0165 pravdy.&nbsp; Mnoh&iacute; s&uacute; ochotn&iacute; prija\u0165 Ho len ako &ldquo; doktora&rdquo;- \u010di\u017ee lek&aacute;ra a \u017eiadaj&uacute; si iba telesn&eacute; zdravie, ale nechc&uacute; ni\u010d vedie\u0165 a po\u010du\u0165 o svojom skuto\u010dnom stave du&scaron;e, a tak aj tela.&nbsp;<\/span><\/li>\n<\/ol>\n<p style=\"margin: 0.0px 0.0px 0.0px 0.0px; font: 16.0px Helvetica\"><span style=\"letter-spacing: 0.0px\">\u013dudia problematizuj&uacute; moc P&aacute;na Je\u017ei&scaron;a i Jeho l&aacute;sku.&nbsp;<\/span><\/p>\n<p style=\"margin: 0.0px 0.0px 0.0px 0.0px; font: 16.0px Helvetica\"><span style=\"letter-spacing: 0.0px\">Probl&eacute;mom aj dne&scaron;n&yacute;ch \u013eud&iacute; je vidie\u0165 hriech ako skuto\u010dne ve\u013ek&eacute; zlo, ktor&eacute; znamen&aacute; stratu jednak pravej d&ocirc;stojnosti \u010dloveka, ale aj ve\u010dn&eacute;ho \u017eivota, ak nepr&iacute;jmeme Je\u017ei&scaron;a ako P&aacute;na. &nbsp; &nbsp;<\/span><\/p>\n<p style=\"margin: 0.0px 0.0px 0.0px 0.0px; font: 16.0px Helvetica\"><span style=\"letter-spacing: 0.0px\">Probl&eacute;mom je neschopnos\u0165 rozl&iacute;&scaron;i\u0165 skuto\u010dnos\u0165, \u017ee P&aacute;n Je\u017ei&scaron; hriech&nbsp;zavrhuje, ale \u010dloveka hrie&scaron;nika chce zachr&aacute;ni\u0165. Hrie&scaron;nika miluje svojou Bo\u017eskou l&aacute;skou. Ale ak ju nepr&iacute;jmeme, aj n&aacute;m m&ocirc;\u017ee <i>&ldquo;zanecha\u0165 n&aacute;&scaron; dom pust&yacute;&rdquo;, <\/i>ako kedysi povedal nevern&eacute;mu Jeruzalemu.<\/span><\/p>\n<p style=\"margin: 0.0px 0.0px 0.0px 0.0px; font: 16.0px Helvetica\"><span style=\"letter-spacing: 0.0px\">&nbsp;&nbsp; &nbsp; &nbsp; <b>V&aacute;\u017enym probl&eacute;mom pre niektor&yacute;ch je viera, \u017ee On z milosti a l&aacute;sky odp&uacute;&scaron;\u0165a hriechy a d&aacute;va prav&yacute; \u017eivot, a \u017ee ho d&aacute;va v dare svojho Krstu, v slove evanjelia i vo sviatosti svojej Sv&auml;tej Ve\u010dere.<\/b><\/span><\/p>\n<p style=\"margin: 0.0px 0.0px 0.0px 0.0px; font: 16.0px Helvetica\"><span style=\"letter-spacing: 0.0px\">&nbsp;&nbsp; &nbsp; Probl&eacute;m maj&uacute; mnoh&iacute; so svedectvom o P&aacute;novom vzkriesen&iacute;. Toti\u017e, \u017ee&nbsp; je P&aacute;nom \u017eiv&yacute;m a pr&iacute;tomn&yacute;m vo svojej cirkvi. Probl&eacute;m pre mnoh&yacute;ch je viera v \u017eivot ve\u010dn&yacute;, na ktorom smieme ma\u0165 z milosti Bo\u017eej a dielom P&aacute;na Je\u017ei&scaron;a &uacute;\u010das\u0165 a do ktor&eacute;ho n&aacute;s povol&aacute;va.<\/span><\/p>\n<p style=\"margin: 0.0px 0.0px 0.0px 0.0px; font: 16.0px Helvetica\"><span style=\"letter-spacing: 0.0px\">&nbsp;&nbsp; &nbsp; <\/span><\/p>\n<p style=\"margin: 0.0px 0.0px 0.0px 0.0px; font: 16.0px Helvetica\"><span style=\"letter-spacing: 0.0px\">&nbsp; &nbsp; &nbsp;Bohumil&iacute; kres\u0165ania!&nbsp;<\/span><\/p>\n<p style=\"margin: 0.0px 0.0px 0.0px 0.0px; font: 16.0px Helvetica\"><span style=\"letter-spacing: 0.0px\">&nbsp;&nbsp; &nbsp; V&yacute;rok &ldquo; n&eacute;ma probl&eacute;ma&rdquo;- je \u010dasto ve\u013emi povrchn&yacute;. Dnes sme tu v&scaron;ak op&auml;\u0165 preto, aby n&aacute;s skrze evanjelium s&aacute;m Duch Sv&auml;t&yacute; zbavil mnoh&yacute;ch spom&iacute;nan&yacute;ch a in&yacute;ch probl&eacute;mov. Aby sme boli \u013eudia, ktor&iacute; v\u017edy, aj v nemoci, aj v &scaron;\u0165ast&iacute; P&aacute;novi Je\u017ei&scaron;ovi plne d&ocirc;veruj&uacute;. Aby sme tak boli \u013eudia pokoja a radosti u\u017e dnes, a raz aj dedi\u010dmi sl&aacute;vnej bud&uacute;cnosti, ktor&uacute; n&aacute;m P&aacute;n svojim dielom vydobil. Tak n&aacute;s zbavil najv&auml;\u010d&scaron;&iacute;ch probl&eacute;mov: \u0165archy hriechu, diabla a smrti ve\u010dnej. Amen.&nbsp;<\/span><\/p>\n<p style=\"margin: 0.0px 0.0px 0.0px 0.0px; font: 16.0px Helvetica; min-height: 19.0px\">&nbsp;<\/p>\n<p style=\"margin: 0.0px 0.0px 0.0px 0.0px; font: 12.0px Helvetica\"><span style=\"font: 16.0px Helvetica; letter-spacing: 0.0px\">&nbsp; &nbsp; &nbsp; &nbsp; &nbsp; &nbsp; &nbsp; &nbsp; &nbsp; &nbsp; &nbsp; &nbsp; &nbsp; &nbsp; &nbsp; &nbsp; &nbsp; &nbsp; &nbsp; &nbsp; &nbsp;<\/span><span style=\"letter-spacing: 0.0px\">14.N. po Sv.Trojici &#8211; 25.9.2011 &#8211; Rovensko, Soboti&scaron;te- \u013d.Batka st.<\/span><\/p>\n","protected":false},"excerpt":{"rendered":"<p>&nbsp;&nbsp; &nbsp; &nbsp; &nbsp; &nbsp; &nbsp; &nbsp; &nbsp; &nbsp; &nbsp; &nbsp; &nbsp; &nbsp; &nbsp; &nbsp; &nbsp; &nbsp; &nbsp; &nbsp; &nbsp; &nbsp; &nbsp; &nbsp; &nbsp; &nbsp; &nbsp; &nbsp; &nbsp; &nbsp; &nbsp; &nbsp; &nbsp; &nbsp; &nbsp; &nbsp; &nbsp; M&aacute;&scaron; probl&eacute;m? Mk 1, 40- 45: &nbsp; &nbsp; &nbsp; &ldquo;Tu pri&scaron;iel k Nemu malomocn&yacute;, ktor&yacute; Ho na kolen&aacute;ch prosil: &#8230; <a title=\"M\u00e1\u0161 probl\u00e9m?\" class=\"read-more\" href=\"https:\/\/www.e-anjelik.sk\/index.php\/2011\/10\/20\/mas-problem\/\" aria-label=\"Pre\u010d\u00edtajte si viac o M\u00e1\u0161 probl\u00e9m?\">\u010c\u00edta\u0165 viac<\/a><\/p>\n","protected":false},"author":4,"featured_media":0,"comment_status":"open","ping_status":"open","sticky":false,"template":"","format":"standard","meta":{"footnotes":""},"categories":[119,121,95],"tags":[192],"class_list":["post-3851","post","type-post","status-publish","format-standard","hentry","category-obdobie-po-sv-trojici","category-kazne","category-sobotiste","tag-kazen"],"_links":{"self":[{"href":"https:\/\/www.e-anjelik.sk\/index.php\/wp-json\/wp\/v2\/posts\/3851","targetHints":{"allow":["GET"]}}],"collection":[{"href":"https:\/\/www.e-anjelik.sk\/index.php\/wp-json\/wp\/v2\/posts"}],"about":[{"href":"https:\/\/www.e-anjelik.sk\/index.php\/wp-json\/wp\/v2\/types\/post"}],"author":[{"embeddable":true,"href":"https:\/\/www.e-anjelik.sk\/index.php\/wp-json\/wp\/v2\/users\/4"}],"replies":[{"embeddable":true,"href":"https:\/\/www.e-anjelik.sk\/index.php\/wp-json\/wp\/v2\/comments?post=3851"}],"version-history":[{"count":0,"href":"https:\/\/www.e-anjelik.sk\/index.php\/wp-json\/wp\/v2\/posts\/3851\/revisions"}],"wp:attachment":[{"href":"https:\/\/www.e-anjelik.sk\/index.php\/wp-json\/wp\/v2\/media?parent=3851"}],"wp:term":[{"taxonomy":"category","embeddable":true,"href":"https:\/\/www.e-anjelik.sk\/index.php\/wp-json\/wp\/v2\/categories?post=3851"},{"taxonomy":"post_tag","embeddable":true,"href":"https:\/\/www.e-anjelik.sk\/index.php\/wp-json\/wp\/v2\/tags?post=3851"}],"curies":[{"name":"wp","href":"https:\/\/api.w.org\/{rel}","templated":true}]}}