{"id":3856,"date":"2011-10-22T09:34:01","date_gmt":"2011-10-22T09:34:01","guid":{"rendered":"http:\/\/e-anjelik.sk\/?p=3856"},"modified":"2011-10-22T09:34:01","modified_gmt":"2011-10-22T09:34:01","slug":"pozitiva-a-negativa-knazskeho-celibatu","status":"publish","type":"post","link":"https:\/\/www.e-anjelik.sk\/index.php\/2011\/10\/22\/pozitiva-a-negativa-knazskeho-celibatu\/","title":{"rendered":"Pozit\u00edva a negat\u00edva k\u0148azsk\u00e9ho celib\u00e1tu"},"content":{"rendered":"<p>&nbsp;<b><span style=\"font-size:16.0pt;line-height:115%;font-family:&quot;Times New Roman&quot;,&quot;serif&quot;\">Pozit&iacute;va a negat&iacute;va k\u0148azsk&eacute;ho celib&aacute;tu<\/span><\/b><\/p>\n<p class=\"MsoNormal\" align=\"center\" style=\"text-align:center\"><b><span style=\"font-size:7.0pt;line-height:115%;font-family:&quot;Times New Roman&quot;,&quot;serif&quot;\"><o:p>&nbsp;<\/o:p><\/span><\/b><\/p>\n<p class=\"MsoNormal\" style=\"margin-bottom:0cm;margin-bottom:.0001pt;text-align:\njustify;line-height:150%\"><span style=\"font-size:12.0pt;line-height:150%;\nfont-family:&quot;Times New Roman&quot;,&quot;serif&quot;\"><span>&nbsp;&nbsp;&nbsp;&nbsp;&nbsp;&nbsp;&nbsp;&nbsp;&nbsp;&nbsp;&nbsp; <\/span>Celib&aacute;t (z lat. <i>caelebs <\/i>= ne\u017eenat&yacute;\/nevydat&aacute;, slobodn&yacute;\/slobodn&aacute;) znamen&aacute; sexu&aacute;lnu zdr\u017eanlivos\u0165, zrieknutie sa ak&eacute;hoko\u013evek druhu sexu&aacute;lnej aktivity. V r&iacute;mskokatol&iacute;ckej cirkvi k tomuto zav&auml;zuje najsk&ocirc;r druh&yacute; later&aacute;nsky koncil (1139) v&scaron;etk&yacute;ch dr\u017eite\u013eov vy&scaron;&scaron;&iacute;ch sv&auml;ten&iacute; (diakon, k\u0148az, biskup). V&yacute;nimku tvoria a\u017e od druh&eacute;ho vatik&aacute;nskeho koncilu (1962-1965) diakoni, ktor&iacute; m&ocirc;\u017eu by\u0165 vysv&auml;ten&iacute; ako \u017eenat&yacute; mu\u017ei zrel&eacute;ho veku.<o:p><\/o:p><\/span><\/p>\n<p class=\"MsoNormal\" style=\"margin-bottom:0cm;margin-bottom:.0001pt;text-align:\njustify;line-height:150%\"><span style=\"font-size:12.0pt;line-height:150%;\nfont-family:&quot;Times New Roman&quot;,&quot;serif&quot;\"><span>&nbsp;&nbsp;&nbsp;&nbsp;&nbsp;&nbsp;&nbsp;&nbsp;&nbsp;&nbsp;&nbsp; <\/span>Katechizmus katol&iacute;ckej cirkvi (KKC) hovor&iacute;: <b>&quot;V&scaron;etci ordinovan&iacute; slu\u017eobn&iacute;ci latinskej Cirkvi, s v&yacute;nimkou st&aacute;lych diakonov, sa norm&aacute;lne vyberaj&uacute; spomedzi veriacich mu\u017eov, ktor&iacute; \u017eij&uacute; v celib&aacute;te a ktor&iacute; ho chc&uacute; zachova\u0165 &acute;pre nebesk&eacute;&acute; kr&aacute;\u013eovstvo&quot; <\/b>(Mt 19,12). S&uacute; pozvan&iacute;, aby sa zasv&auml;tili P&aacute;novi a nerozdelen&iacute; sa starali o P&aacute;nove veci. Bez\u017eenstvo je znakom nov&eacute;ho \u017eivota, do ktor&eacute;ho slu\u017eieb sa slu\u017eobn&iacute;k Cirkvi zasv&auml;cuje. Ke\u010f sa prij&iacute;ma s radostn&yacute;m srdcom, \u017eiariv&yacute;m sp&ocirc;sobom ohlasuje Bo\u017eie kr&aacute;\u013eovstvo.<o:p><\/o:p><\/span><\/p>\n<p class=\"MsoNormal\" style=\"margin-bottom:0cm;margin-bottom:.0001pt;text-align:\njustify;line-height:150%\"><span style=\"font-size:12.0pt;line-height:150%;\nfont-family:&quot;Times New Roman&quot;,&quot;serif&quot;\"><span>&nbsp;&nbsp;&nbsp;&nbsp;&nbsp;&nbsp;&nbsp;&nbsp;&nbsp;&nbsp;&nbsp; <\/span>V P&iacute;sme Sv&auml;tom n&aacute;jdeme viacero pr&iacute;kladov sp&ocirc;sobu \u017eivota v celib&aacute;te. <i>&quot;Odpovedal im: Nie v&scaron;etci ch&aacute;pu t&uacute;to re\u010d, ale len t&iacute;, ktor&yacute;m je to dan&eacute;. Lebo s&uacute; \u013eudia neschopn&iacute; man\u017eelstva od \u017eivota matky; a s&uacute;, ktor&yacute;ch \u013eudia urobili tak&yacute;mi; a s&uacute;, ktor&iacute; sa sami urobili tak&yacute;mi pre kr&aacute;\u013eovstvo nebesk&eacute;. Kto to m&ocirc;\u017ee pochopi\u0165, nech pochop&iacute;&quot;<\/i><b> <\/b>(Mt 19,11-12).<o:p><\/o:p><\/span><\/p>\n<p class=\"MsoNormal\" style=\"margin-bottom:0cm;margin-bottom:.0001pt;text-align:\njustify;line-height:150%\"><span style=\"font-size:12.0pt;line-height:150%;\nfont-family:&quot;Times New Roman&quot;,&quot;serif&quot;\"><span>&nbsp;&nbsp;&nbsp;&nbsp;&nbsp;&nbsp;&nbsp;&nbsp;&nbsp;&nbsp;&nbsp; <\/span><i>&quot;O pann&aacute;ch<span>&nbsp; <\/span>nem&aacute;m s&iacute;ce pr&iacute;kaz P&aacute;nov, ale rad&iacute;m ako tak&yacute;, ktor&eacute;ho P&aacute;n omilostil, aby som bol vern&yacute;. Mysl&iacute;m teda &#8211; a pre nast&aacute;vaj&uacute;ce \u0165a\u017ekosti je to spr&aacute;vne &#8211; dobre je \u010dloveku zosta\u0165 tak, ako je. Viazan&yacute; si k \u017eene? Nevyh\u013ead&aacute;vaj rozvod! Si bez \u017eeny? Neh\u013eadaj \u017eenu! Ale keby si sa aj o\u017eenil, neprehre&scaron;&iacute;&scaron; sa, a keby sa panna vydala, neprehre&scaron;&iacute; sa; ale tak&iacute; trpie\u0165 bud&uacute; telesne, a pr&aacute;ve toho by som v&aacute;s chcel u&scaron;etri\u0165&quot;<\/i> (1Kor 7, 25-28).<o:p><\/o:p><\/span><\/p>\n<p class=\"MsoNormal\" style=\"margin-bottom:0cm;margin-bottom:.0001pt;text-align:\njustify;line-height:150%\"><span style=\"font-size:12.0pt;line-height:150%;\nfont-family:&quot;Times New Roman&quot;,&quot;serif&quot;\"><span>&nbsp;&nbsp;&nbsp;&nbsp;&nbsp;&nbsp;&nbsp;&nbsp;&nbsp;&nbsp;&nbsp; <\/span>Je potrebn&eacute; si uvedomi\u0165 jednu d&ocirc;le\u017eit&uacute; a z&aacute;sadn&uacute; vec t&yacute;kaj&uacute;cu sa k\u0148azsk&eacute;ho povolania. K\u0148az, bez rozdielu na Cirkev, je ten, kto zvestuje slovo Bo\u017eie a prisluhuje sviatosti ustanoven&eacute; samotn&yacute;m Je\u017ei&scaron;om Kristom. On je ten, ktor&eacute;mu je zveren&yacute; \u013eud. Hovorovo povedan&eacute;, \u017ee je mu zveren&eacute; st&aacute;do oviec, o ktor&eacute; sa mus&iacute; stara\u0165 a venova\u0165 sa im. Nedbalos\u0165 o st&aacute;do m&ocirc;\u017ee by\u0165 rizikov&eacute; a nebezpe\u010dn&eacute;, preto\u017ee je pravdepodobn&eacute;, \u017ee o ne pr&iacute;de. Ako pastier d&aacute;va pozor a m&aacute; doh\u013ead na ovce, tak aj k\u0148az by mal by\u0165 t&yacute;m, ktor&yacute; sa o svoj \u013eud dokonale star&aacute; a vedie ich spr&aacute;vnou cestou. Cestou, ktor&aacute; vedie do Bo\u017eieho Kr&aacute;\u013eovstva a nie do z&aacute;huby a zahynutia. <o:p><\/o:p><\/span><\/p>\n<p class=\"MsoNormal\" style=\"margin-bottom:0cm;margin-bottom:.0001pt;text-align:\njustify;line-height:150%\"><span style=\"font-size:12.0pt;line-height:150%;\nfont-family:&quot;Times New Roman&quot;,&quot;serif&quot;\"><span>&nbsp;&nbsp;&nbsp;&nbsp;&nbsp;&nbsp;&nbsp;&nbsp;&nbsp;&nbsp;&nbsp; <\/span>Apo&scaron;tol Pavol vo svojom liste s&iacute;ce poukazuje na to, \u017ee man\u017eelstvo je dobr&eacute; a nie je nespr&aacute;vne, ale dod&aacute;va, \u017ee lep&scaron;ie je by\u0165 ako bol on. Pavol \u017eil v celib&aacute;te a bol cel&yacute;m svojim srdcom odovzdan&yacute; do slu\u017eby na P&aacute;novej vinici. Nebol nijak&yacute;m sp&ocirc;sobom obmedzovan&yacute; v jeho pr&aacute;ci. Nemusel sa venova\u0165 svojej rodine a pracovn&iacute;kov v cirkvi vynecha\u0165. Pr&aacute;ve \u017ee on videl zmysel svojho \u017eivota v rodine Cirkvi. Absol&uacute;tnym pr&iacute;kladom pre\u0148ho bol Je\u017ei&scaron;, ktor&yacute; nielen\u017ee bol Synom Bo\u017e&iacute;m ale sa stal aj \u010dlovekom telesne c&iacute;tiacim a t&uacute;\u017eiacim. <o:p><\/o:p><\/span><\/p>\n<p class=\"MsoNormal\" style=\"margin-bottom:0cm;margin-bottom:.0001pt;text-align:\njustify;line-height:150%\"><span style=\"font-size:12.0pt;line-height:150%;\nfont-family:&quot;Times New Roman&quot;,&quot;serif&quot;\"><span>&nbsp;&nbsp;&nbsp;&nbsp;&nbsp;&nbsp;&nbsp;&nbsp;&nbsp;&nbsp;&nbsp; <\/span>Duchovn&yacute; pastier je predov&scaron;etk&yacute;m pastierom vo svojom cirkevnom zbore. On je ten, ktor&yacute; sa m&aacute; venova\u0165 v prvom rade st&aacute;du jemu zveren&eacute;mu samotn&yacute;m Kristom. T&yacute;mto s\u013eubom je zaviazan&yacute; pri svojej ordin&aacute;cii (vysv&auml;ten&iacute;). Je po\u017eehnan&yacute;m, pokia\u013e man\u017eelsk&yacute; p&aacute;r pracuje na P&aacute;novej \u017eatve ako far&aacute;rsky p&aacute;r. Slu\u017eba je tak silnej&scaron;ia a lep&scaron;ie vykon&aacute;vaj&uacute;cej&scaron;ia. Pokia\u013e k\u0148az \u017eij&uacute;ci v stave man\u017eelskom m&aacute; man\u017eelku, ktor&aacute; vykon&aacute;va in&uacute; pr&aacute;cu, je tak obmedzen&yacute;, preto\u017ee sa jej mus&iacute; venova\u0165 a teda aj pom&aacute;ha\u0165 jej ako svojej man\u017eelke a aj svojim de\u0165om, pokia\u013e ich m&aacute;. <o:p><\/o:p><\/span><\/p>\n<p class=\"MsoNormal\" style=\"margin-bottom:0cm;margin-bottom:.0001pt;text-align:\njustify;line-height:150%\"><span style=\"font-size:12.0pt;line-height:150%;\nfont-family:&quot;Times New Roman&quot;,&quot;serif&quot;\"><span>&nbsp;&nbsp;&nbsp;&nbsp;&nbsp;&nbsp;&nbsp;&nbsp;&nbsp;&nbsp;&nbsp; <\/span>Aj Symbolick&eacute; knihy ECAV pojedn&aacute;vaj&uacute; o telesnej zdr\u017eanlivosti, teda o celib&aacute;te a man\u017eelstve k\u0148azov. XXIII \u010dl&aacute;nok Augsbursk&eacute;ho vyznania hovor&iacute;: <b>&quot;\u013dudia v&scaron;etk&yacute;ch vrstiev v&scaron;ade na svete sa u\u017e d&aacute;vno ve\u013emi s\u0165a\u017eovali na ve\u013ek&uacute; nemravnos\u0165 a div&yacute; \u017eivot t&yacute;ch k\u0148azov, ktor&iacute; nemohli dodr\u017ea\u0165 cudnos\u0165. S t&yacute;mito ohavn&yacute;mi hriechmi to u\u017e dost&uacute;pilo do vrcholu. V snahe vyhn&uacute;\u0165 sa tomuto hnusn&eacute;mu a ve\u013ek&eacute;mu pohor&scaron;eniu, smilstvu a inej nemravnosti, niektor&iacute; na&scaron;i<span>&nbsp; <\/span>k\u0148azi sa o\u017eenili. Zd&ocirc;vod\u0148uj&uacute; to t&yacute;m, \u017ee ich k tomuto kroku pohla a doviedla ve\u013ek&aacute; tiese\u0148 svedomia. Ve\u010f Sv&auml;t&eacute; P&iacute;smo jednozna\u010dne sved\u010d&iacute;, \u017ee man\u017eelstvo je od Boha ustanoven&eacute;, aby sa tak vyhlo smilstvu, ako hovor&iacute; Pavel v 1. liste Korintsk&yacute;m 7,2: <i>Lep&scaron;ie je \u017ei\u0165 v man\u017eelstve, ako horie\u0165 v&aacute;&scaron;\u0148ou.<\/i>&quot; <\/b>Pr&aacute;ve preto nie je spr&aacute;vne \u017ei\u0165 v celib&aacute;te podmienkou, ako je to v r&iacute;mskokatol&iacute;ckej cirkvi. Cirkevn&eacute; dejiny hovoria o r&ocirc;znych pr&iacute;padoch, kde sa celib&aacute;t nedodr\u017eiaval a po&scaron;pinilo sa meno celej Cirkvi. Ve\u010f aj apo&scaron;tol Peter, ktor&eacute;ho r&iacute;mska Cirkev poklad&aacute; za prv&eacute;ho p&aacute;pe\u017ea a Kristovho n&aacute;stupcu, bol \u017eenat&yacute; a tak isto aj prv&iacute; p&aacute;pe\u017ei. Celib&aacute;t bol v Cirkvi zaveden&yacute; p&aacute;pe\u017eom Gregorom VIII v 9. storo\u010d&iacute;.<o:p><\/o:p><\/span><\/p>\n<p class=\"MsoNormal\" style=\"margin-bottom:0cm;margin-bottom:.0001pt;text-align:\njustify;line-height:150%\"><span style=\"font-size:12.0pt;line-height:150%;\nfont-family:&quot;Times New Roman&quot;,&quot;serif&quot;\"><span>&nbsp;&nbsp;&nbsp;&nbsp;&nbsp;&nbsp;&nbsp;&nbsp;&nbsp;&nbsp;&nbsp; <\/span>Tak isto je celib&aacute;t podmienkou aj pre t&yacute;ch, ktor&iacute; vstupuj&uacute; do kl&aacute;&scaron;tora a do reho\u013en&eacute;ho sp&ocirc;sobu \u017eivota a v Cirkvi daj&uacute; s\u013euby, medzi ktor&yacute;mi je aj s\u013eub \u010distoty. V knihe Kazate\u013e sa uv&aacute;dza: <i>&quot;Ak d&aacute;&scaron; s\u013eub pred Bohom, neme&scaron;kaj splni\u0165 ho, lebo On nem&aacute; z&aacute;\u013eubu v bl&aacute;znoch: \u010do s\u013e&uacute;bi&scaron;, to aj spl\u0148! Rad&scaron;ej nes\u013eubuj, akoby si mal s\u013e&uacute;bi\u0165, a nesplni\u0165&quot;<\/i> (Kaz 5, 3-4). Naozaj sa vhodne \u017ei\u0165 s \u010dist&yacute;m svedom&iacute;m a tak, ako je to dan&eacute;. To ist&eacute; plat&iacute; aj pre k\u0148azov v Cirkvi.<o:p><\/o:p><\/span><\/p>\n<p class=\"MsoNormal\" style=\"margin-bottom:0cm;margin-bottom:.0001pt;text-align:\njustify;line-height:150%\"><span style=\"font-size:12.0pt;line-height:150%;\nfont-family:&quot;Times New Roman&quot;,&quot;serif&quot;\"><span>&nbsp;&nbsp;&nbsp;&nbsp;&nbsp;&nbsp;&nbsp;&nbsp;&nbsp;&nbsp;&nbsp; <\/span>Evanjelick&aacute; cirkev je v tomto slobodnej&scaron;ia a preto sa sm&uacute; k\u0148azi rozhodn&uacute;\u0165 dobrovo\u013ene pre celib&aacute;t a \u017eivot zasv&auml;ten&yacute;m P&aacute;nu Bohu.<o:p><\/o:p><\/span><\/p>\n<p class=\"MsoNormal\" style=\"margin-bottom:0cm;margin-bottom:.0001pt;text-align:\njustify;line-height:150%\"><span style=\"font-size:12.0pt;line-height:150%;\nfont-family:&quot;Times New Roman&quot;,&quot;serif&quot;\"><span>&nbsp;&nbsp;&nbsp;&nbsp;&nbsp;&nbsp;&nbsp;&nbsp;&nbsp;&nbsp;&nbsp; <\/span>Najvhodnej&scaron;&iacute;m sp&ocirc;sobom a &uacute;myslom je \u017ei\u0165 tak, ako je to \u010dloveku zhora dan&eacute; a nejs\u0165 proti pr&uacute;du \u017eiadostiam. V&yacute;hodou je teda to, \u017ee k\u0148az je bez obmedzenia na kohoko\u013evek zo svojej rodiny dostupn&yacute; k svojim ove\u010dk&aacute;m v zbore. Nev&yacute;hodou k\u0148azsk&eacute;ho celib&aacute;tu je to, \u017ee k\u0148az potom telesne trp&iacute;, ke\u010f vie, \u017ee nem&aacute; zvl&aacute;&scaron;tny dar zdr\u017eanlivosti v sexu&aacute;lnej oblasti a mysl&iacute; si, \u017ee celib&aacute;tom z&iacute;skava v&auml;\u010d&scaron;iu sv&auml;tos\u0165 pred Bohom.<o:p><\/o:p><\/span><\/p>\n<p class=\"MsoNormal\" style=\"margin-bottom:0cm;margin-bottom:.0001pt;text-align:\njustify;line-height:150%\"><span style=\"font-size:12.0pt;line-height:150%;\nfont-family:&quot;Times New Roman&quot;,&quot;serif&quot;\"><span>&nbsp; &nbsp; &nbsp; &nbsp; &nbsp; &nbsp;&nbsp;<\/span><o:p><\/o:p><\/span><\/p>\n","protected":false},"excerpt":{"rendered":"<p>&nbsp;Pozit&iacute;va a negat&iacute;va k\u0148azsk&eacute;ho celib&aacute;tu &nbsp; &nbsp;&nbsp;&nbsp;&nbsp;&nbsp;&nbsp;&nbsp;&nbsp;&nbsp;&nbsp;&nbsp; Celib&aacute;t (z lat. caelebs = ne\u017eenat&yacute;\/nevydat&aacute;, slobodn&yacute;\/slobodn&aacute;) znamen&aacute; sexu&aacute;lnu zdr\u017eanlivos\u0165, zrieknutie sa ak&eacute;hoko\u013evek druhu sexu&aacute;lnej aktivity. V r&iacute;mskokatol&iacute;ckej cirkvi k tomuto zav&auml;zuje najsk&ocirc;r druh&yacute; later&aacute;nsky koncil (1139) v&scaron;etk&yacute;ch dr\u017eite\u013eov vy&scaron;&scaron;&iacute;ch sv&auml;ten&iacute; (diakon, k\u0148az, biskup). V&yacute;nimku tvoria a\u017e od druh&eacute;ho vatik&aacute;nskeho koncilu (1962-1965) diakoni, ktor&iacute; m&ocirc;\u017eu by\u0165 vysv&auml;ten&iacute; ako &#8230; <a title=\"Pozit\u00edva a negat\u00edva k\u0148azsk\u00e9ho celib\u00e1tu\" class=\"read-more\" href=\"https:\/\/www.e-anjelik.sk\/index.php\/2011\/10\/22\/pozitiva-a-negativa-knazskeho-celibatu\/\" aria-label=\"Pre\u010d\u00edtajte si viac o Pozit\u00edva a negat\u00edva k\u0148azsk\u00e9ho celib\u00e1tu\">\u010c\u00edta\u0165 viac<\/a><\/p>\n","protected":false},"author":1,"featured_media":0,"comment_status":"open","ping_status":"open","sticky":false,"template":"","format":"standard","meta":{"footnotes":""},"categories":[1],"tags":[],"class_list":["post-3856","post","type-post","status-publish","format-standard","hentry","category-adventna-modlitba"],"_links":{"self":[{"href":"https:\/\/www.e-anjelik.sk\/index.php\/wp-json\/wp\/v2\/posts\/3856","targetHints":{"allow":["GET"]}}],"collection":[{"href":"https:\/\/www.e-anjelik.sk\/index.php\/wp-json\/wp\/v2\/posts"}],"about":[{"href":"https:\/\/www.e-anjelik.sk\/index.php\/wp-json\/wp\/v2\/types\/post"}],"author":[{"embeddable":true,"href":"https:\/\/www.e-anjelik.sk\/index.php\/wp-json\/wp\/v2\/users\/1"}],"replies":[{"embeddable":true,"href":"https:\/\/www.e-anjelik.sk\/index.php\/wp-json\/wp\/v2\/comments?post=3856"}],"version-history":[{"count":0,"href":"https:\/\/www.e-anjelik.sk\/index.php\/wp-json\/wp\/v2\/posts\/3856\/revisions"}],"wp:attachment":[{"href":"https:\/\/www.e-anjelik.sk\/index.php\/wp-json\/wp\/v2\/media?parent=3856"}],"wp:term":[{"taxonomy":"category","embeddable":true,"href":"https:\/\/www.e-anjelik.sk\/index.php\/wp-json\/wp\/v2\/categories?post=3856"},{"taxonomy":"post_tag","embeddable":true,"href":"https:\/\/www.e-anjelik.sk\/index.php\/wp-json\/wp\/v2\/tags?post=3856"}],"curies":[{"name":"wp","href":"https:\/\/api.w.org\/{rel}","templated":true}]}}