{"id":3857,"date":"2011-10-24T06:45:41","date_gmt":"2011-10-24T06:45:41","guid":{"rendered":"http:\/\/e-anjelik.sk\/?p=3857"},"modified":"2011-10-24T06:45:41","modified_gmt":"2011-10-24T06:45:41","slug":"evanjelicka-cirkev-v-mr-meni-osobne-auta","status":"publish","type":"post","link":"https:\/\/www.e-anjelik.sk\/index.php\/2011\/10\/24\/evanjelicka-cirkev-v-mr-meni-osobne-auta\/","title":{"rendered":"Evanjelick\u00e1 cirkev v MR men\u00ed osobn\u00e9 aut\u00e1"},"content":{"rendered":"<p>21. okt&oacute;bra 2011 odovzdali vo firme Porsche Hungaria sro v Budape&scaron;ti 4 nov&eacute; aut&aacute; zna\u010dky Volkswagen Polo z&aacute;stupcom&nbsp; 4 cirkevn&yacute;ch zborov, kde bud&uacute; sl&uacute;\u017ei\u0165&nbsp; duchovn&yacute;m pri ich pr&aacute;ci. Do konca roka pribudne e&scaron;te jedno auto. Postupne takto bud&uacute; vymie\u0148a\u0165 doteraj&scaron;ie zna\u010dky Opel. Vymenia aj slu\u017eobn&eacute; aut&aacute; biskupsk&yacute;ch &uacute;radov a seniorsk&yacute;ch &uacute;radov, ale za niektor&yacute; typ &Scaron;kody.&nbsp; Aut&aacute; bude dod&aacute;va\u0165 spom&iacute;nan&aacute; firma na z&aacute;klade podp&iacute;sanej dohody s &uacute;stred&iacute;m cirkvi za v&yacute;hodn&yacute;ch podmienok. EC v MR ostatn&eacute; tri roky nek&uacute;pila&nbsp; ani jedno nov&eacute; auto. Aut&aacute; z&iacute;skali cirkevn&eacute; zbory na z&aacute;klade &uacute;spe&scaron;n&eacute;ho konkurzu.<\/p>\n<p>(<a href=\"http:\/\/www.evangelikus.hu\">www.evangelikus.hu<\/a>)<\/p>\n","protected":false},"excerpt":{"rendered":"<p>21. okt&oacute;bra 2011 odovzdali vo firme Porsche Hungaria sro v Budape&scaron;ti 4 nov&eacute; aut&aacute; zna\u010dky Volkswagen Polo z&aacute;stupcom&nbsp; 4 cirkevn&yacute;ch zborov, kde bud&uacute; sl&uacute;\u017ei\u0165&nbsp; duchovn&yacute;m pri ich pr&aacute;ci. Do konca roka pribudne e&scaron;te jedno auto. Postupne takto bud&uacute; vymie\u0148a\u0165 doteraj&scaron;ie zna\u010dky Opel. Vymenia aj slu\u017eobn&eacute; aut&aacute; biskupsk&yacute;ch &uacute;radov a seniorsk&yacute;ch &uacute;radov, ale za niektor&yacute; typ &#8230; <a title=\"Evanjelick\u00e1 cirkev v MR men\u00ed osobn\u00e9 aut\u00e1\" class=\"read-more\" href=\"https:\/\/www.e-anjelik.sk\/index.php\/2011\/10\/24\/evanjelicka-cirkev-v-mr-meni-osobne-auta\/\" aria-label=\"Pre\u010d\u00edtajte si viac o Evanjelick\u00e1 cirkev v MR men\u00ed osobn\u00e9 aut\u00e1\">\u010c\u00edta\u0165 viac<\/a><\/p>\n","protected":false},"author":22,"featured_media":0,"comment_status":"open","ping_status":"open","sticky":false,"template":"","format":"standard","meta":{"footnotes":""},"categories":[9,10],"tags":[],"class_list":["post-3857","post","type-post","status-publish","format-standard","hentry","category-europa","category-zo-sveta"],"_links":{"self":[{"href":"https:\/\/www.e-anjelik.sk\/index.php\/wp-json\/wp\/v2\/posts\/3857","targetHints":{"allow":["GET"]}}],"collection":[{"href":"https:\/\/www.e-anjelik.sk\/index.php\/wp-json\/wp\/v2\/posts"}],"about":[{"href":"https:\/\/www.e-anjelik.sk\/index.php\/wp-json\/wp\/v2\/types\/post"}],"author":[{"embeddable":true,"href":"https:\/\/www.e-anjelik.sk\/index.php\/wp-json\/wp\/v2\/users\/22"}],"replies":[{"embeddable":true,"href":"https:\/\/www.e-anjelik.sk\/index.php\/wp-json\/wp\/v2\/comments?post=3857"}],"version-history":[{"count":0,"href":"https:\/\/www.e-anjelik.sk\/index.php\/wp-json\/wp\/v2\/posts\/3857\/revisions"}],"wp:attachment":[{"href":"https:\/\/www.e-anjelik.sk\/index.php\/wp-json\/wp\/v2\/media?parent=3857"}],"wp:term":[{"taxonomy":"category","embeddable":true,"href":"https:\/\/www.e-anjelik.sk\/index.php\/wp-json\/wp\/v2\/categories?post=3857"},{"taxonomy":"post_tag","embeddable":true,"href":"https:\/\/www.e-anjelik.sk\/index.php\/wp-json\/wp\/v2\/tags?post=3857"}],"curies":[{"name":"wp","href":"https:\/\/api.w.org\/{rel}","templated":true}]}}