{"id":3860,"date":"2011-10-25T07:17:29","date_gmt":"2011-10-25T07:17:29","guid":{"rendered":"http:\/\/e-anjelik.sk\/?p=3860"},"modified":"2011-10-25T07:17:29","modified_gmt":"2011-10-25T07:17:29","slug":"zasadnutie-generalnej-synody-evanjelicko-luteranskej-cirkvi-vo-finsku","status":"publish","type":"post","link":"https:\/\/www.e-anjelik.sk\/index.php\/2011\/10\/25\/zasadnutie-generalnej-synody-evanjelicko-luteranskej-cirkvi-vo-finsku\/","title":{"rendered":"Zasadnutie gener\u00e1lnej synody Evanjelicko-luter\u00e1nskej cirkvi vo F\u00ednsku"},"content":{"rendered":"<p>Jesenn&eacute; zasadnutie gen. synody ELC&nbsp;F&nbsp; sa bude kona\u0165 v Turku v d\u0148och 7. &#8211; 11. novembra t.r. Bude to posledn&eacute; zasadnutie v tomto volebnom cykle, lebo vo febru&aacute;ri 2012 bud&uacute; zvolen&iacute; nov&iacute; \u010dlenovia synody. V pondelok sa synoda zapo\u010dne slu\u017ebami Bo\u017e&iacute;mi v katedr&aacute;le, na ktor&yacute;ch bude k&aacute;za\u0165 biskup v Kuopio Wille Riekkinen. Na programe t&yacute;\u017ed\u0148ov&eacute;ho zasadnutia synody sa bud&uacute; prerok&uacute;va\u0165 tieto body: &#8211; n&aacute;vrh spolo\u010dn&yacute;ch &scaron;v&eacute;dsko-f&iacute;nskych bohoslu\u017eieb v posunkovej re\u010di,- n&aacute;vrh prekladu J&aacute;novho evanjelia do f&iacute;nskej posunkovej re\u010di,- n&aacute;vrh zmeny cirkevn&yacute;ch predpisov tak, aby do cirkvi mohli by\u0165 prij&iacute;man&iacute; aj cudzinci, nemaj&uacute;ci vo F&iacute;nsku trval&yacute; pobyt,- n&aacute;vrh volieb far&aacute;rov a povol&aacute;vania do slu\u017eby diakonov,-rie&scaron;enie ot&aacute;zok penzi&iacute; a penzijn&eacute;ho fondu,- schv&aacute;lenie n&aacute;vrhu rozpo\u010dtu pre bud&uacute;ci rok a schv&aacute;lenie prev&aacute;dzkov&eacute;ho a finan\u010dn&eacute;ho pl&aacute;nu pre roky 2012-2014.<\/p>\n<p>(evl.fi)<\/p>\n","protected":false},"excerpt":{"rendered":"<p>Jesenn&eacute; zasadnutie gen. synody ELC&nbsp;F&nbsp; sa bude kona\u0165 v Turku v d\u0148och 7. &#8211; 11. novembra t.r. Bude to posledn&eacute; zasadnutie v tomto volebnom cykle, lebo vo febru&aacute;ri 2012 bud&uacute; zvolen&iacute; nov&iacute; \u010dlenovia synody. V pondelok sa synoda zapo\u010dne slu\u017ebami Bo\u017e&iacute;mi v katedr&aacute;le, na ktor&yacute;ch bude k&aacute;za\u0165 biskup v Kuopio Wille Riekkinen. Na programe t&yacute;\u017ed\u0148ov&eacute;ho &#8230; <a title=\"Zasadnutie gener\u00e1lnej synody Evanjelicko-luter\u00e1nskej cirkvi vo F\u00ednsku\" class=\"read-more\" href=\"https:\/\/www.e-anjelik.sk\/index.php\/2011\/10\/25\/zasadnutie-generalnej-synody-evanjelicko-luteranskej-cirkvi-vo-finsku\/\" aria-label=\"Pre\u010d\u00edtajte si viac o Zasadnutie gener\u00e1lnej synody Evanjelicko-luter\u00e1nskej cirkvi vo F\u00ednsku\">\u010c\u00edta\u0165 viac<\/a><\/p>\n","protected":false},"author":22,"featured_media":0,"comment_status":"open","ping_status":"open","sticky":false,"template":"","format":"standard","meta":{"footnotes":""},"categories":[42,10],"tags":[],"class_list":["post-3860","post","type-post","status-publish","format-standard","hentry","category-skandinavia","category-zo-sveta"],"_links":{"self":[{"href":"https:\/\/www.e-anjelik.sk\/index.php\/wp-json\/wp\/v2\/posts\/3860","targetHints":{"allow":["GET"]}}],"collection":[{"href":"https:\/\/www.e-anjelik.sk\/index.php\/wp-json\/wp\/v2\/posts"}],"about":[{"href":"https:\/\/www.e-anjelik.sk\/index.php\/wp-json\/wp\/v2\/types\/post"}],"author":[{"embeddable":true,"href":"https:\/\/www.e-anjelik.sk\/index.php\/wp-json\/wp\/v2\/users\/22"}],"replies":[{"embeddable":true,"href":"https:\/\/www.e-anjelik.sk\/index.php\/wp-json\/wp\/v2\/comments?post=3860"}],"version-history":[{"count":0,"href":"https:\/\/www.e-anjelik.sk\/index.php\/wp-json\/wp\/v2\/posts\/3860\/revisions"}],"wp:attachment":[{"href":"https:\/\/www.e-anjelik.sk\/index.php\/wp-json\/wp\/v2\/media?parent=3860"}],"wp:term":[{"taxonomy":"category","embeddable":true,"href":"https:\/\/www.e-anjelik.sk\/index.php\/wp-json\/wp\/v2\/categories?post=3860"},{"taxonomy":"post_tag","embeddable":true,"href":"https:\/\/www.e-anjelik.sk\/index.php\/wp-json\/wp\/v2\/tags?post=3860"}],"curies":[{"name":"wp","href":"https:\/\/api.w.org\/{rel}","templated":true}]}}