{"id":38652,"date":"2025-11-07T13:05:34","date_gmt":"2025-11-07T12:05:34","guid":{"rendered":"https:\/\/www.e-anjelik.sk\/?p=38652"},"modified":"2025-11-08T14:27:13","modified_gmt":"2025-11-08T13:27:13","slug":"viera-v-zivot-vecny","status":"publish","type":"post","link":"https:\/\/www.e-anjelik.sk\/index.php\/2025\/11\/07\/viera-v-zivot-vecny\/","title":{"rendered":"Viera v \u017eivot ve\u010dn\u00fd"},"content":{"rendered":"\n<p><em>&nbsp; &nbsp; &nbsp; &nbsp; &nbsp; &nbsp; &nbsp; &nbsp; &nbsp; &nbsp; &nbsp; &nbsp; &nbsp;<\/em><strong> Viera v \u017eivot ve\u010dn\u00fd<\/strong><\/p>\n\n\n\n<p><em>Kvet opr\u0161al i uschla tr\u00e1va, drah\u00fd Pane,<\/em><\/p>\n\n\n\n<p><em>Na zemi nemoc, b\u00f4\u013e i umieranie &#8211;<\/em><\/p>\n\n\n\n<p><em>A predsa v du\u0161i na\u0161ej preradostne,<\/em><\/p>\n\n\n\n<p><em>Bo Ty si zlomil smrti \u010diernej ostne!<\/em><\/p>\n\n\n\n<p><em>Ty vzkriesenie si, \u017eivot &#8211; na\u0161a sp\u00e1sa!<\/em><\/p>\n\n\n\n<p><em>Slovo Tvoje n\u00e1m nov\u00fd \u017eivot hl\u00e1sa.<\/em><\/p>\n\n\n\n<p><em>To slovo, ktor\u00e9 zneje mocne st\u00e1le<\/em><\/p>\n\n\n\n<p><em>v dobrote, v pravde v\u017edycky neskonal\u00e9.<\/em><\/p>\n\n\n\n<p><em>Nu\u017e znej to slovo Tvoje, drah\u00fd Pane,<\/em><\/p>\n\n\n\n<p><em>chy\u0165 za ruku n\u00e1s, vystri svoje dlane &#8211;<\/em><\/p>\n\n\n\n<p><em>Vo viere \u017ei\u0165 daj &#8211; v l\u00e1ske ve\u010dnej \u010diste,<\/em><\/p>\n\n\n\n<p><em>Ach, vypo\u010duj n\u00e1s, drah\u00fd Jezu Kriste! Amen. ( Z.O.)<\/em><\/p>\n\n\n\n<p><strong>J 11, 25 &#8211; 26:<\/strong><\/p>\n\n\n\n<p><em>\u201eRiekol jej Je\u017ei\u0161: Ja som vzkriesenie a \u017eivot &#8211; kto ver\u00ed vo m\u0148a, bude \u017ei\u0165 aj ke\u010f by umrel, (26) a nik neumrie naveky, kto \u017eije a ver\u00ed vo m\u0148a. \u010ci ver\u00ed\u0161 tomu?\u201c. Amen<\/em><\/p>\n\n\n\n<p><em>\u00a0 \u00a0 \u00a0 \u00a0 \u00a0 \u00a0 Mil\u00ed bratia a sestry v P\u00e1novi Je\u017ei\u0161ovi Kristovi!\u00a0<\/em><\/p>\n\n\n\n<p><strong>&nbsp;&nbsp; <\/strong>V t\u00fdchto d\u0148och de\u0148 mnoh\u00ed kr\u00e1\u010daj\u00fa k hrobom svojich drah\u00fdch a vo svojich spomienkach si spr\u00edtom\u0148uj\u00fa ich \u017eivot a najm\u00e4 dok\u00e1zan\u00fa slu\u017ebu l\u00e1sky v rodine, v man\u017eelstve, ale aj v \u0161ir\u0161om spolo\u010denstve pr\u00edbuzn\u00fdch a zn\u00e1mych. Aj my dnes spom\u00edname na na\u0161ich mil\u00fdch a drah\u00fdch a na v\u0161etko, \u010do sme s nimi pre\u017eili, sk\u00f4r ako n\u00e1s predi\u0161li na ve\u010dnos\u0165.&nbsp;<\/p>\n\n\n\n<p>\u00a0\u00a0 \u00a0 Mo\u017eno sa v na\u0161ich spomienkach vyn\u00e1ra aj smutn\u00e1 a bo\u013eav\u00e1 chv\u00ed\u013ea rozl\u00fa\u010dky, ke\u010f sme na\u0161ich bl\u00edzkych odprev\u00e1dzali k hrobov\u00e9mu odpo\u010dinku tela. Spomienky na \u010dasn\u00e9 rozl\u00fa\u010dky, nielen tie \u010derstv\u00e9, ale aj d\u00e1vnej\u0161ie n\u00e1m vtl\u00e1\u010daj\u00fa sm\u00fatok do du\u0161e a do o\u010d\u00ed slzy. Mo\u017eno sa v tomto s\u00favise v na\u0161ich mysliach ozv\u00fa aj slov\u00e1 piesn\u00ed, ktor\u00e9 zneli vtedy, ke\u010f sme st\u00e1li nad rakvou a otvoren\u00fdm hrobom t\u00fdch, ktor\u00fdch sme milovali a mali radi. Jedna z t\u00fdch \u010dasto spievan\u00fdch piesn\u00ed hovor\u00ed:<\/p>\n\n\n\n<p><em>\u201e\u010co sa to\u013eko star\u00e1me a v \u017eiali tr\u00e1pime?<\/em><\/p>\n\n\n\n<p><em>St\u00e1losti tu nem\u00e1me, raz umrie\u0165 mus\u00edme;<\/em><\/p>\n\n\n\n<p><em>matky aj otcovia, i v\u0161etci predkovia,<\/em><\/p>\n\n\n\n<p><em>\u010do pred nami niekdy \u017eili, kam\u017ee sa podeli?&nbsp;<\/em><\/p>\n\n\n\n<p><em>H\u013ea, od\u00eds\u0165 museli, s\u0165aby tu ani neboli.\u201c (ESP 661, 1)&nbsp; &nbsp;<\/em><\/p>\n\n\n\n<p>Dobre zn\u00e1mou s hlbok\u00fdm posolstvom je piese\u0148 spievan\u00e1\u00a0 pravidelne, nad hrobom: <em>\u201eK Tebe, \u00f3 Bo\u017ee m\u00f4j, bli\u017e\u0161ie v Tvoj stan! \/ Aj ke\u010f ma kr\u00ed\u017e tla\u010d\u00ed, \/zriem k nebes\u00e1m\/<\/em> <em>Predsa rty vo speve, Bo\u017eej m\u00f4j len k Tebe, :\/: \/ bli\u017e\u0161ie k Tebe.\u201c (ESP 519, 1)\u00a0<\/em><\/p>\n\n\n\n<p>&nbsp; &nbsp; Mo\u017eno si z\u00e1rove\u0148 spomenieme aj na zn\u00e1me slov\u00e1 P\u00edsma sv\u00e4t\u00e9ho, ktor\u00e9 vo forme antif\u00f3ny pravidelne znej\u00fa nad hrobmi na\u0161ich drah\u00fdch:<em> \u201eJa som vzkriesenie a \u017eivot &#8211; kto ver\u00ed vo m\u0148a, bude \u017ei\u0165 aj ke\u010f umrel\u201c<\/em>. S\u00fa to slov\u00e1, ktor\u00e9 vyslovil n\u00e1\u0161 P\u00e1n a Spasite\u013e Je\u017ei\u0161 Kristus pri smrti svojho priate\u013ea Laz\u00e1ra v Bet\u00e1nii. Z\u00e1rove\u0148 v\u0161ak polo\u017eil jeho sestre Marte ot\u00e1zku: <em>\u201e\u010ci ver\u00ed\u0161 tomu\u201c?<\/em><\/p>\n\n\n\n<p>&nbsp; &nbsp; Uvedomujeme si, \u017ee je to ve\u013emi d\u00f4le\u017eit\u00e1 ot\u00e1zka a rovnako d\u00f4le\u017eit\u00e1 je aj odpove\u010f zo strany \u010dloveka. Pri dne\u0161nej spomienke sa chceme nad t\u00fdmito slovami nanovo zamyslie\u0165 a povzbudi\u0165 sa k tomu, aby na\u0161a odpove\u010f na Je\u017ei\u0161ovu ot\u00e1zku bola kladn\u00e1. P\u00e1n Je\u017ei\u0161 vo svojom posolstve vyslovil dvojit\u00e9 zas\u013e\u00fabenie a t\u00fa\u017ei n\u00e1js\u0165 odpove\u010f viery aj z na\u0161ej strany. Vyslovil ich nad hrobom, vo chv\u00edli smrti toho, ktor\u00e9ho miloval a preto maj\u00fa mimoriadnu v\u00e1\u017enos\u0165. Ak\u00e9 s\u00fa to zas\u013e\u00fabenia, v ktor\u00e9 m\u00e1me veri\u0165 zo\u010di-vo\u010di smrti? V \u010do smieme veri\u0165 nad hrobmi na\u0161ich zosnul\u00fdch?&nbsp; <strong><em>D\u00f4verujme, \u017ee:<\/em><\/strong><em>&nbsp;<\/em><\/p>\n\n\n\n<ol class=\"wp-block-list\">\n<li><strong><em>Je\u017ei\u0161 je vzkriesenie a \u017eivot&nbsp;<\/em><\/strong><\/li>\n\n\n\n<li><strong><em>\u017ee neumrieme naveky, ke\u010f s Kristom \u017eijeme <\/em>\u00a0<\/strong><\/li>\n<\/ol>\n\n\n\n<p>&nbsp;&nbsp; Bratia a sestry v Kristu, P\u00e1novi!<\/p>\n\n\n\n<p>\u00a0\u00a0 Poznanie a vyznanie, \u017ee P\u00e1n Je\u017ei\u0161 je <em>\u201evzkriesenie a \u017eivot<\/em>\u201c, \u017ee v \u0147om pri\u0161lo do tohoto sveta nie\u010do nov\u00e9, ve\u013ek\u00e9 a sl\u00e1vne\u00a0&#8211; zaznelo ako slovo s\u013eubu nad hrobom Lazara. Nie na jeho pohrebe, ale a\u017e na \u0161tvrt\u00fd de\u0148 po jeho pochovan\u00ed a pohrebe. Zaznelo v\u0161ak sk\u00f4r, ako bol P\u00e1n Je\u017ei\u0161 ukri\u017eovan\u00fd, sk\u00f4r ako umrel, bol pochovan\u00fd a potom vzkriesen\u00fd. To v\u0161etko e\u0161te len malo pr\u00eds\u0165. Mo\u017eno si niektor\u00ed \u013eudia mysleli, vzh\u013eadom na Jeho moc od Boha, \u017ee Je\u017ei\u0161 neumrie. Za v\u0161etk\u00fdch vyjadril t\u00fato my\u0161lienku \u0160imon Peter, ke\u010f pri predpovedi umu\u010denia a smrti povedal: <em>\u201eBo\u017ee chr\u00e1\u0148, Pane, to sa Ti nesmie sta\u0165\u201c.<\/em><\/p>\n\n\n\n<p><em>&nbsp;&nbsp;<\/em> Len\u017ee Je\u017ei\u0161 pri\u0161iel ako Bar\u00e1nok Bo\u017e\u00ed, ktor\u00fd mal s\u0148a\u0165 hriechy sveta a preto musel by\u0165 <em>\u201ezavrhnut\u00fd a zabit\u00fd\u201c. <\/em>T\u00fdm, \u017ee vzal na seb<em>a \u201ehriech sveta\u201c, stal sa najv\u00e4\u010d\u0161\u00edm hrie\u0161nikom. <\/em>A ako prav\u00fd \u010dlovek z M\u00e1rie panny naroden\u00fd aj On podliehal Z\u00e1konu a v\u00fdroku Bo\u017eiemu: <em>\u201eOdplata za hriech je smr\u0165\u201c. <\/em>&nbsp;<\/p>\n\n\n\n<p>&nbsp;&nbsp; &nbsp; Mnoh\u00ed videli v Je\u017ei\u0161ovi m\u00fadreho, mimoriadneho u\u010dite\u013ea, ale predsa len \u010dloveka o ktorom plat\u00ed slovo o pominute\u013enosti v\u0161etk\u00e9ho, \u010dloveka podroben\u00e9ho aj z\u00e1konu pominute\u013enosti, tak ako sa pominul Abrah\u00e1m \u010di Moj\u017ei\u0161, alebo Eli\u00e1\u0161.&nbsp;<\/p>\n\n\n\n<p>&nbsp;&nbsp; &nbsp; Pri jednej n\u00e1v\u0161teve Je\u017ei\u0161ovej v dome bet\u00e1nskych sestier, Marta chystala pohostenie a posluhovala. Nepo\u010d\u00favala dostato\u010dne Jeho slov\u00e1 a posolstvo evanjelia. Ale aj v pr\u00edpade, ak by Je\u017ei\u0161ove slov\u00e1 po\u010d\u00favala a vybrala si ten <em>\u201edobr\u00fd podiel\u201c<\/em>, nemuselo to znamena\u0165, \u017ee by bola naplno Je\u017ei\u0161ovi uverila. Najm\u00e4 v slov\u00e1, \u017ee v \u0147om prich\u00e1dza do tohoto sveta \u201eliek proti smrti\u201c, \u010di\u017ee vzkriesenie a \u017eivot.<\/p>\n\n\n\n<p>&nbsp;&nbsp; Bratia a sestry!<\/p>\n\n\n\n<p>\u00a0\u00a0 Na\u0161a situ\u00e1cia dnes je predsa len in\u00e1, ako situ\u00e1cia M\u00e1rie a Marty. My \u017eijeme u\u017e po udalostiach tej prvej, sl\u00e1vnej Ve\u013ekej noci, ke\u010f\u00a0Otec vzkriesil svojho Syna z m\u0155tvych a ke\u010f P\u00e1n Je\u017ei\u0161 <em>\u201evyviedol na svetlo \u017eivot a nesmrte\u013enos\u0165<\/em>\u201c. My pozn\u00e1me\u00a0Je\u017ei\u0161a nielen ako ukri\u017eovan\u00e9ho a zabit\u00e9ho Bar\u00e1nka Bo\u017eieho, ale aj ako v\u00ed\u0165azn\u00e9ho P\u00e1na nad hriechom, diablom i smr\u0165ou.\u00a0<\/p>\n\n\n\n<p>\u00a0\u00a0 Ak sme o sviatku reforma\u010dnom mohli poveda\u0165, \u017ee \u00fazko s\u00favis\u00ed s udalos\u0165ami sv\u00e4todu\u0161n\u00fdmi, o dne\u0161nej nedeli a Spomienke na zosnul\u00fdch m\u00f4\u017eeme poveda\u0165, \u017ee \u00fazko s\u00favis\u00ed s Bo\u017e\u00edm posolstvom prvej Ve\u013ekej noci: <em>\u201eVstal, niet Ho tu, ajh\u013ea miesto, kde ho boli polo\u017eili\u201c.\u00a0 \u00a0<\/em><\/p>\n\n\n\n<p><em>\u00a0 \u00a0 \u00a0 S<\/em>vedectvo zbo\u017en\u00fdch \u017eien, apo\u0161tolov a mnoh\u00fdch o\u010dit\u00fdch svedkov P\u00e1novho vzkriesenia, nanebovst\u00fapenia a potom sk\u00fasenos\u0165 Jeho pr\u00edtomnosti v Jeho dejin\u00e1ch cirkvi, to v\u0161etko je ve\u013ekou pomocou pre na\u0161u vieru. Marta o tomto v\u0161etkom e\u0161te nemohla vedie\u0165, ale P\u00e1n sa predsa p\u00fdta na jej vieru<em>: \u201eVeri\u0161 tomu, \u017ee Ja som vzkriesenie a \u017eivot?&#8220; <\/em>\u017de ja som Ten, ktor\u00fd je P\u00e1nom a Darcom \u017eivota? V\u00ed\u0165az nad smr\u0165ou a peklom? Ver\u00ed\u0161 tomu?<\/p>\n\n\n\n<p>\u00a0\u00a0 Takto sa p\u00fdta aj n\u00e1s Ten, ktor\u00fd sa <em>\u201eposadil na pravicu Bo\u017eiu a prihov\u00e1ra sa za n\u00e1s v nebi vzdychan\u00edm nevyslovite\u013en\u00fdm?\u201c (R 8, 26) <\/em>Preto nepotrebujeme in\u00fdch pr\u00edmluvcov. V tejto viere \u017eime aj my a aj dokon\u00e1vajme n\u00e1\u0161 \u010dasn\u00fd \u017eivot. T\u00e1to viera v Je\u017ei\u0161a je zdrojom ve\u013ekej sily a sl\u00e1vnej n\u00e1deje pre v\u0161etk\u00fdch, ktor\u00ed veria v Je\u017ei\u0161a ako prav\u00e9ho Boha, ktor\u00fd sa po\u010dal z Ducha Sv\u00e4t\u00e9ho a ktor\u00fd m\u00e1, ako apo\u0161tol J\u00e1n hovor\u00ed: <em>\u201eK\u013e\u00fa\u010de smrti a podsvetia\u201c<\/em>. O t\u00fato vieru prosme, t\u00fato vieru si chr\u00e1\u0148me a vyzn\u00e1vajme ju slovom i sp\u00f4sobom n\u00e1\u0161ho \u017eivota, preto\u017ee ona d\u00e1va skuto\u010dn\u00e9 blahoslavenstvo, n\u00e1dej a chu\u0165 \u017ei\u0165, \u00e1no, d\u00e1va zmysel n\u00e1\u0161mu \u017eivotu napriek umieraniu a pominute\u013enosti.\u00a0<\/p>\n\n\n\n<p><strong>2<\/strong>. Mil\u00ed bratia a sestry v Kristu, P\u00e1novi!<\/p>\n\n\n\n<p>\u00a0\u00a0 To prv\u00e9 slovo a zas\u013e\u00fabenie sa u\u017e naplnilo. Viera v P\u00e1na Je\u017ei\u0161a je v\u0161ak aj vierou v n\u00e1\u0161ho Spasite\u013ea, Z\u00e1chrancu zo smrti a Vykupite\u013ea z ka\u017edej zlej moci a mocnosti. Preto Je\u017ei\u0161 vyslovil aj druh\u00e9 zas\u013e\u00fabenie, ktor\u00e9 s t\u00fdm prv\u00fdm \u00fazko s\u00favis\u00ed a vych\u00e1dza z neho:<em> \u201eKto ver\u00ed m\u0148a, bude \u017ei\u0165 aj ke\u010f by umrel a nik neumrie naveky, kto \u017eije a ver\u00ed vo m\u0148a\u201c<\/em>.<\/p>\n\n\n\n<p>\u00a0\u00a0 Pamiatka zosnul\u00fdch n\u00e1m stavia pred o\u010di aj skuto\u010dnos\u0165 smrti. Prin\u00e1\u0161a poznanie, \u017ee<em> \u201eza nimi p\u00f4jdeme\u2026<\/em>\u201c.(ESP 698, 3) P\u00e1n Je\u017ei\u0161 nehovor\u00ed, \u017ee neumrieme, ale zas\u013eubuje, \u017ee aj ke\u010f umrieme, smieme dokon\u00e1va\u0165 v n\u00e1deji, \u017ee On n\u00e1m d\u00e1 \u00fa\u010das\u0165 a podiel na svojom sl\u00e1vnom v\u00ed\u0165azstve. V tomto duchu a v tejto n\u00e1deji, spom\u00ednajme na t\u00fdch, ktor\u00ed n\u00e1s do ve\u010dn\u00e9ho \u017eivota predi\u0161li. Neodi\u0161li do ni\u010doty, ale do pr\u00edbytkov <em>\u201enie rukou zhotoven\u00fdch, ve\u010dn\u00fdch v nebesiach\u201c,<\/em> ktor\u00e9 svoj\u00edm vern\u00fdm pripravil P\u00e1n. \u00a0 \u00a0<\/p>\n\n\n\n<p>&nbsp;&nbsp; &nbsp; On chce z n\u00e1s chce op\u00e4tovne urobi\u0165 Bo\u017eie deti, Bo\u017e\u00edch synov a dc\u00e9ry. Boh Otec poslal svojho Syna na svet nie preto, aby ods\u00fadil svet, ale aby ho spasil. Boh <em>\u201enechce smr\u0165 hrie\u0161neho \u010dloveka, ale chce, aby sa hrie\u0161nik k Nemu obr\u00e1til a \u017eil ve\u010dne\u201c<\/em>, s N\u00edm, v Jeho spolo\u010denstve. D\u00f4verujme daru Bo\u017eej milosti, ktorou si n\u00e1s v milovanom Synovi zamiloval n\u00e1\u0161 nebesk\u00fd Otec. &nbsp; &nbsp;<\/p>\n\n\n\n<p>\u00a0 \u00a0 V\u00e1\u017eme si t\u00fdch, ktor\u00ed v odvahe viery zodpovedali P\u00e1novu ot\u00e1zku: <em>\u201e\u010ci ver\u00ed\u0161 tomu?<\/em>\u201c kladne. V\u00e1\u017eme si na\u0161ich reforma\u010dn\u00fdch otcov, na ktor\u00fdch sme spom\u00ednali pred dvomi d\u0148ami pri pamiatke reform\u00e1cie. V\u00e1\u017eme si t\u00fdch, ktor\u00ed patrili do tohoto mal\u00e9ho st\u00e1do\u010dka veriacich a ktor\u00ed sa neb\u00e1li vytrva\u0165 pri Je\u017ei\u0161ovi aj vo v\u00e1\u017enych sk\u00fa\u0161kach v dob\u00e1ch prenasledovania, alebo zazn\u00e1vania. T\u00fdch, ktor\u00ed v ka\u017edom \u010dase vyzn\u00e1vali: <em>\u201eVer\u00edm v hriechov odpustenie, ver\u00edm v tela z m\u0155tvych vzkriesenie a ver\u00edm vo ve\u010dn\u00fd \u017eivot\u201c.<\/em> Popri v\u010fake za osobn\u00e9 dary l\u00e1sky a rodinnej spolupatri\u010dnosti, \u010fakujme aj na\u0161\u00edm mil\u00fdm a drah\u00fdm, \u017ee n\u00e1m zanechali poklad \u00faprimnej viery, blahoslavenej n\u00e1deje a obetavej l\u00e1sky.\u00a0<\/p>\n\n\n\n<p>&nbsp;&nbsp; Nech je Pamiatka zosnul\u00fdch nielen kr\u00e1tkym zastaven\u00edm v behu \u017eivota v tichu cintor\u00edna alebo v tichu pr\u00e1zdneho priestoru, ktor\u00fd zostal po t\u00fdch, ktor\u00ed n\u00e1s predi\u0161li na ve\u010dnos\u0165. Nemus\u00ed \u00eds\u0165 o spomienku, ktor\u00e1 napln\u00ed na\u0161e du\u0161e nostalgiou a b\u00f4\u013enymi vzdychmi v tomto slzavom \u00fadol\u00ed. Nech je na\u0161a spomienka t\u00fa\u017ebou by\u0165 v spolo\u010denstve s Kristom P\u00e1nom a tak mocnou vzpruhou viery a n\u00e1deje na ve\u010dn\u00fd \u017eivot. Nech n\u00e1m posl\u00fa\u017ei k horlivej\u0161iemu prid\u0155\u017eania sa tej ruky, v ktorej pulzuje ve\u010dn\u00fd \u017eivot, ktor\u00fd n\u00e1s zachov\u00e1va pre blahoslavenstvo \u010dasn\u00e9 i ve\u010dn\u00e9. Amen<\/p>\n\n\n\n<p>\u00a0\u00a0 \u00a0 \u00a0 \u00a0 \u00a0 Pamiatka zosnul\u00fdch\u00a0 &#8211;  Soboti\u0161te 2025\u00a0&#8211; \u013dubom\u00edr Batka st.<\/p>\n\n\n\n<p><\/p>\n","protected":false},"excerpt":{"rendered":"<p>&nbsp; &nbsp; &nbsp; &nbsp; &nbsp; &nbsp; &nbsp; &nbsp; &nbsp; &nbsp; &nbsp; &nbsp; &nbsp; Viera v \u017eivot ve\u010dn\u00fd Kvet opr\u0161al i uschla tr\u00e1va, drah\u00fd Pane, Na zemi nemoc, b\u00f4\u013e i umieranie &#8211; A predsa v du\u0161i na\u0161ej preradostne, Bo Ty si zlomil smrti \u010diernej ostne! Ty vzkriesenie si, \u017eivot &#8211; na\u0161a sp\u00e1sa! Slovo Tvoje n\u00e1m nov\u00fd &#8230; <a title=\"Viera v \u017eivot ve\u010dn\u00fd\" class=\"read-more\" href=\"https:\/\/www.e-anjelik.sk\/index.php\/2025\/11\/07\/viera-v-zivot-vecny\/\" aria-label=\"Pre\u010d\u00edtajte si viac o Viera v \u017eivot ve\u010dn\u00fd\">\u010c\u00edta\u0165 viac<\/a><\/p>\n","protected":false},"author":4,"featured_media":0,"comment_status":"open","ping_status":"open","sticky":false,"template":"","format":"standard","meta":{"footnotes":""},"categories":[640,121,281,95],"tags":[],"class_list":["post-38652","post","type-post","status-publish","format-standard","hentry","category-20-nedela-po-sv-tr","category-kazne","category-pamiatka-zosnulych","category-sobotiste"],"_links":{"self":[{"href":"https:\/\/www.e-anjelik.sk\/index.php\/wp-json\/wp\/v2\/posts\/38652","targetHints":{"allow":["GET"]}}],"collection":[{"href":"https:\/\/www.e-anjelik.sk\/index.php\/wp-json\/wp\/v2\/posts"}],"about":[{"href":"https:\/\/www.e-anjelik.sk\/index.php\/wp-json\/wp\/v2\/types\/post"}],"author":[{"embeddable":true,"href":"https:\/\/www.e-anjelik.sk\/index.php\/wp-json\/wp\/v2\/users\/4"}],"replies":[{"embeddable":true,"href":"https:\/\/www.e-anjelik.sk\/index.php\/wp-json\/wp\/v2\/comments?post=38652"}],"version-history":[{"count":3,"href":"https:\/\/www.e-anjelik.sk\/index.php\/wp-json\/wp\/v2\/posts\/38652\/revisions"}],"predecessor-version":[{"id":38659,"href":"https:\/\/www.e-anjelik.sk\/index.php\/wp-json\/wp\/v2\/posts\/38652\/revisions\/38659"}],"wp:attachment":[{"href":"https:\/\/www.e-anjelik.sk\/index.php\/wp-json\/wp\/v2\/media?parent=38652"}],"wp:term":[{"taxonomy":"category","embeddable":true,"href":"https:\/\/www.e-anjelik.sk\/index.php\/wp-json\/wp\/v2\/categories?post=38652"},{"taxonomy":"post_tag","embeddable":true,"href":"https:\/\/www.e-anjelik.sk\/index.php\/wp-json\/wp\/v2\/tags?post=38652"}],"curies":[{"name":"wp","href":"https:\/\/api.w.org\/{rel}","templated":true}]}}