{"id":38654,"date":"2025-11-07T20:34:20","date_gmt":"2025-11-07T19:34:20","guid":{"rendered":"https:\/\/www.e-anjelik.sk\/?p=38654"},"modified":"2025-11-08T14:18:31","modified_gmt":"2025-11-08T13:18:31","slug":"mudri-poznaju-volu-panovu","status":"publish","type":"post","link":"https:\/\/www.e-anjelik.sk\/index.php\/2025\/11\/07\/mudri-poznaju-volu-panovu\/","title":{"rendered":"M\u00fadri poznaj\u00fa v\u00f4\u013eu P\u00e1novu"},"content":{"rendered":"\n<p><strong>&nbsp;&nbsp; &nbsp; &nbsp; &nbsp; &nbsp; &nbsp; &nbsp; &nbsp; &nbsp; &nbsp; &nbsp; &nbsp; &nbsp; &nbsp; &nbsp; M\u00fadri poznaj\u00fa v\u00f4\u013eu P\u00e1novu<\/strong><\/p>\n\n\n\n<p><strong>Ef 5, 15 \u2013 20:<\/strong><\/p>\n\n\n\n<p>&nbsp;&nbsp;<em> \u201ePr\u00edsne teda dbajte, ako obcujete, nie ako nem\u00fadri, ale ako m\u00fadri. (16) Vykupujte \u010das, lebo dni s\u00fa zl\u00e9. (17) Preto nebu\u010fte nerozumn\u00ed, ale rozumejte, \u010do je v\u00f4\u013ea P\u00e1nova. (18) A neop\u00edjajte sa v\u00ednom, v ktorom je rozpustilos\u0165, ale naplnen\u00ed bu\u010fte Duchom. (19) Hovorte medzi sebou v \u017ealmoch, hymn\u00e1ch a duchovn\u00fdch pies\u0148ach, spievajte a plesajte P\u00e1novi srdcom. (20) Dobrore\u010dte st\u00e1le za v\u0161etko Bohu a Otcu v mene n\u00e1\u0161ho P\u00e1na Je\u017ei\u0161a Krista.\u201c Amen<\/em><\/p>\n\n\n\n<p><em>&nbsp; &nbsp; <\/em>Bratia a sestry v P\u00e1novi Je\u017ei\u0161ovi Kristovi.<\/p>\n\n\n\n<p>\u00a0\u00a0 \u017div\u00e1 evanjelicko &#8211; kres\u0165ansk\u00e1 viera m\u00e1 iste svoje vlastn\u00e9 ovocie. Prin\u00e1\u0161a nov\u00fd \u017eivot u\u017e tu v \u010dasnosti, nov\u00e9 myslenie a\u00a0konanie, ktor\u00e9 je jednoducho in\u00e9 ako je myslenie a konanie \u013eud\u00ed, ktor\u00ed maj\u00fa in\u00fa vieru.\u00a0 \u00a0<\/p>\n\n\n\n<p>\u00a0 \u00a0 \u00a0 Z\u00e1merne nehovor\u00edm o neveriacich, preto\u017ee ka\u017ed\u00fd \u010dlovek v nie\u010do, alebo v niekoho ver\u00ed, \u010di\u017ee m\u00e1 vieru. Nie ka\u017ed\u00e1 viera je v\u0161ak spasite\u013enou vierou. S\u00fa \u013eudia, ktor\u00ed veria iba sebe, \u010di \u201ev seba\u201c, in\u00ed v svojich druhov, v stranu, alebo v\u00a0moc pe\u0148az\u00ed, \u010di zbran\u00ed. Tak\u00e1to viera m\u00e1 svoje vlastn\u00e9 ovocie, ke\u010f\u017ee prirodzen\u00fd \u010dlovek je <em>\u201edie\u0165a\u0165om hnevu\u201c,<\/em> ktor\u00e9 kon\u00e1 v\u017edy iba <em>\u201e\u017eiadosti svojho tela a vykon\u00e1va v\u00f4\u013eut tela a my\u0161lienok\u201c<\/em> (Ef 2, 3). \u00a0<\/p>\n\n\n\n<p>\u00a0 \u00a0 Inak ale zm\u00fd\u0161\u013ea, \u017eije a kon\u00e1 ten, kto po\u010dul a prijal <em>\u201eslovo pravdy, evanjelium o svojej sp\u00e1se a uveril v Je\u017ei\u0161a ako svojho P\u00e1na\u201c.<\/em> Kto prijal <em>\u201ez\u00e1vdavok Ducha Sv\u00e4t\u00e9ho\u201c <\/em>vedome sa vr\u00e1til k P\u00e1nu Bohu, aby bol Jeho vlastn\u00fdm die\u0165a\u0165om. (Ef 1, 13) Ka\u017ed\u00fd \u00faprimne veriaci kres\u0165an vie, \u017ee bremeno hriechov a z nich plyn\u00faci strach nedok\u00e1zal zlo\u017ei\u0165 zo svojich pliec s\u00e1m a z\u00edska\u0165 tak skuto\u010dn\u00fa slobodu a rados\u0165 svojimi silami. Lebo aj kres\u0165an, ako ka\u017ed\u00fd in\u00fd \u010dlovek, bol <em>\u201em\u0155tvy v prest\u00fapeniach\u201c<\/em> a neschopn\u00fd kona\u0165 proti svojej zlej v\u00f4li a sebal\u00e1ske. Stalo sa tak iba darom milosti Bo\u017eej. <em>\u201eMilos\u0165ou ste spasen\u00ed skrze vieru\u201c (Ef 2, 8)<\/em><\/p>\n\n\n\n<p>&nbsp; &nbsp; Ka\u017ed\u00fd z n\u00e1s v\u0161ak m\u00f4\u017ee spolu s in\u00fdmi opakova\u0165 chor\u00e1l v\u00ed\u0165azstva s dobrore\u010den\u00edm Otcovi a zosta\u0165 vierou ukotven\u00fd v Je\u017ei\u0161ov\u00fdch z\u00e1sluh\u00e1ch. Ak v\u0161ak \u010fakujeme Otcovi, \u017ee sme sa stali <em>\u201enov\u00fdm stvoren\u00edm\u201c <\/em>a P\u00e1novi Je\u017ei\u0161ovi, \u017ee smieme by\u0165 \u017eiv\u00fdmi kame\u0148mi v Jeho duchovnej stavbe a s\u00fa\u010das\u0165ou<em> \u201esv\u00e4t\u00e9ho chr\u00e1mu a pr\u00edbytku Bo\u017eieho\u201c <\/em>(Ef 2, 21-22) i Duchu Sv\u00e4t\u00e9mu, \u017ee smieme patri\u0165 do \u201espolo\u010denstva sv\u00e4t\u00fdch\u201c (Ef 2, 19) , apo\u0161tolsk\u00e9 slovo n\u00e1m d\u00e1va nov\u00e9, jasn\u00e9 usmernenie. Apo\u0161tol Pavol nielen efezsk\u00fdm kres\u0165anom pripom\u00edna: <em>\u201ePr\u00edsne teda dbajte ako \u017eijete, nie ako nem\u00fadri, ale ako m\u00fadri\u201c.<\/em>&nbsp;<\/p>\n\n\n\n<p>\u00a0\u00a0 Pripom\u00edna n\u00e1m \u00falohu d\u00f4sledne pam\u00e4ta\u0165 a pr\u00edsne dba\u0165 na etick\u00e9 princ\u00edpy, ktor\u00e9 n\u00e1m dal n\u00e1\u0161 P\u00e1n Je\u017ei\u0161 Kristus, najm\u00e4 na dvojit\u00e9 prik\u00e1zanie l\u00e1sky. \u00dalohu \u017ei\u0165 <em>\u201enov\u00fdm \u017eivotom\u201c<\/em> zodpovedne pred P\u00e1nom Bohom i \u013eu\u010fmi. Povzbudzuje n\u00e1s k tomu jednak poznanie a sk\u00fasenos\u0165 o zmysluplnosti mor\u00e1lneho \u017eivota, ke\u010f\u017ee sme sami sk\u00fasili a sami sa presved\u010dili o tom, \u017ee je rozdiel \u017ei\u0165 v slobode od hriechu, ako by\u0165 poviazan\u00fd hriechom. Je rozdiel l\u00e1sku prij\u00edma\u0165 i rozd\u00e1va\u0165, ako \u017ei\u0165 pod bremenom rozli\u010dn\u00fdch hriechov, v\u00e1\u0161n\u00ed a nel\u00e1sky. Aj pohania \u010dasto o kres\u0165anoch hovorili s obdivom: \u201ePozrite, ako sa miluj\u00fa\u201c! Prav\u00e1 viera je v\u017edy <em>\u201e\u010dinn\u00e1 v l\u00e1ske\u201c<\/em> a mor\u00e1lne konanie kres\u0165ana je d\u00f4sledkom, \u010di\u017ee ovoc\u00edm viery.<\/p>\n\n\n\n<p>\u00a0\u00a0 \u00a0 Apo\u0161tol Pavel ozna\u010duje toto nov\u00e9 myslenie a\u00a0konanie ako <em>\u201em\u00fadre\u201c<\/em>. Je zrejm\u00e9, \u017ee t\u00ed, \u010do maj\u00fa in\u00e9 myslenie, <em>\u201ein\u00e9ho ducha\u201c<\/em>, a stavaj\u00fa svoj \u017eivot na svojej vlastnej m\u00fadrosti a filozofii to vidia inak. M\u00f4\u017eu napr\u00edklad pomoc bl\u00ed\u017enemu pova\u017eova\u0165 za ak\u00fdsi \u201ezbyto\u010dn\u00fd luxus\u201c, \u010di nerozumnos\u0165, av\u0161ak veriaci kres\u0165an <em>\u201enie je m\u00fadry iba pre seba\u201c. <\/em>Pritom<em>\u00a0<\/em>ned\u00fafa v\u00a0seba, ale v\u017edy v\u00a0Bo\u017eiu milos\u0165. Apo\u0161tol pripom\u00edna hodnotu viery a jej d\u00f4sledky hovoriac:<em> \u201eRozumejte, \u010do je v\u00f4\u013ea P\u00e1nova\u201c<\/em>. Jeho slovo je tak posolstvom prin\u00e1\u0161an\u00fdm v zmysle mnoh\u00fdch v\u00fdziev samotn\u00e9ho P\u00e1na Je\u017ei\u0161a, ako ich pozn\u00e1me z evanjeli\u00ed, ke\u010f napr\u00edklad P\u00e1n hovor\u00ed: \u201e<em>Vy ste so\u013e zeme\u201c, \u201evy ste svetlo sveta\u201c<\/em>. V z\u00e1vere K\u00e1zne na vrchu oznamuje: <em>\u201eKa\u017ed\u00fd, kto po\u010d\u00fava tieto moje slov\u00e1 a pln\u00ed ich, podobn\u00fd bude m\u00fadremu mu\u017eovi, ktor\u00fd si postavil dom na skale\u201c<\/em>. (Mt 7, 24)<\/p>\n\n\n\n<p>\u00a0 \u00a0 Toto vedomie a sk\u00fasenos\u0165 \u017eivota, \u017ee <em>\u201el\u00e1ska bl\u00ed\u017enemu zle nekon\u00e1<\/em>\u201c,\u00a0je aktualizovan\u00e1 v \u017eivote kres\u0165anov aj vedom\u00edm o druhom pr\u00edchode Je\u017ei\u0161a Krista ako sudcu \u017eiv\u00fdch a m\u0155tvych. Vedomie tejto eschatologickej bud\u00facnosti m\u00e1 dosah aj na na\u0161u pr\u00edtomnos\u0165. Apo\u0161tol Pavel preto pripom\u00edna cirkvi a kres\u0165anom, \u017ee aj my stoj\u00edme pred bl\u00ed\u017eiacim sa s\u00fadom, ktor\u00fd je dan\u00fd do r\u00fak Je\u017ei\u0161ovi a preto hovor\u00ed: <em>\u201eVykupujte \u010das, lebo dni s\u00fa zl\u00e9\u201c<\/em>. Na\u0161ou kres\u0165anskou povinnos\u0165ou je kona\u0165 rozumne, zodpovedne a s poslu\u0161nos\u0165ou vo\u010di P\u00e1novi vyu\u017e\u00edva\u0165 dni, ktor\u00e9 s\u00fa n\u00e1m darovan\u00e9 ako \u010das milosti. Je d\u00f4le\u017eit\u00e9 dokazova\u0165 vieru uprostred pohanov a <em>\u201e\u017ei\u0165 ako deti svetla\u201c <\/em>(Ef 5, 8) \u00a0 \u00a0 \u00a0<\/p>\n\n\n\n<p>\u00a0\u00a0 \u00a0 Ke\u010f chceme a m\u00e1me porozumie\u0165, \u010do je aktu\u00e1lne <em>\u201evo\u013ea P\u00e1nova\u201c <\/em>v na\u0161om \u017eivote, apo\u0161tol Pavel nielen varuje pred hrie\u0161nym sp\u00f4sobom \u017eivota &#8211; <em>\u201eA neop\u00edjajte sa v\u00ednom<\/em>\u201c, ale hovor\u00ed: <em>\u201eNaplnen\u00ed bu\u010fte Duchom Sv\u00e4t\u00fdm\u201c.<\/em> Vie, \u017ee toto <em>\u201enaplnenie\u201c<\/em> n\u00e1\u0161ho ducha Duchom Sv\u00e4t\u00fdm sa deje po\u010d\u00favan\u00edm slova Bo\u017eieho a prij\u00edman\u00edm sviatost\u00ed Je\u017ei\u0161a Krista. Ak chceme, aby sa tak dialo, ned\u00e1 sa to inak, len praktickou sk\u00fa\u0161kou.\u00a0<\/p>\n\n\n\n<p>&nbsp;Podobne, ako ke\u010f chceme, aby elektrick\u00fd spotrebi\u010d robil to, \u010do pod\u013ea n\u00e1vodu m\u00e1 a \u010do od neho o\u010dak\u00e1vame, mus\u00edme ho zapoji\u0165 na zdroj energie, \u010di\u017ee pr\u00edvodn\u00fa \u0161n\u00faru zapoji\u0165 do z\u00e1suvky. Nemus\u00edme o elektrine vedie\u0165 mnoho, ani o jej v\u00fdrobe a prenose, ale jednoducho m\u00e1me kona\u0165 pod\u013ea n\u00e1vodu. Ke\u010f\u017ee plat\u00ed, \u017ee na\u0161a <em>\u201eviera je z&nbsp;po\u010d\u00favania\u201c<\/em> a&nbsp;to z po\u010d\u00favania Bo\u017eieho slova, stoj\u00ed jeho zvestovanie a po\u010d\u00favanie na prvom mieste slu\u017eby cirkvi.<\/p>\n\n\n\n<p>\u00a0\u00a0 Apo\u0161tol Pavel prirovn\u00e1val \u010dloveka k chr\u00e1mu Bo\u017eiemu, k stavbe, v\u00a0ktorej p\u00f4sob\u00ed P\u00e1n Boh a Je\u017ei\u0161 skrze Ducha Sv\u00e4t\u00e9ho. Mal pri tom pred sebou ako obraz a\u00a0pr\u00edklad samotn\u00fd jeruzalemsk\u00fd chr\u00e1m, v ktorom boli tri z\u00e1kladn\u00e9 \u010dasti. V\u00a0prvej, najv\u00e4\u010d\u0161ej \u010dasti boli tri n\u00e1dvoria. Na prv\u00e9 smeli vst\u00fapi\u0165 aj pohania. Potom nasledovalo n\u00e1dvorie \u017eien a\u00a0n\u00e1dvorie mu\u017eov. Druhou d\u00f4le\u017eitou \u010das\u0165ou bolo miesto kde sa konali obete. Bola vyhraden\u00e9 k\u0148azom a\u00a0lev\u00edtom. Napokon v \u0148om bola najtajomnej\u0161ia \u010das\u0165, naz\u00fdvan\u00e1 sv\u00e4ty\u0148a sv\u00e4t\u00fdch. V nej bola umiestnen\u00e1\u00a0truhla zmluvy, oddelen\u00e1 oponou od ostatnej sv\u00e4tyne. Tam pod\u013ea viery \u017didov preb\u00fdval Hospodin. Iba raz v\u00a0roku mohol do nej vst\u00fapi\u0165 najvy\u0161\u0161\u00ed ve\u013ek\u0148az s\u00a0krvou obetovan\u00e9ho zviera\u0165a za hriechy \u013eudu i svoje. Toto miesto prirovn\u00e1va Pavel k\u00a0duchu \u010dloveka. Do \u013eudsk\u00e9ho ducha teda m\u00e1 vst\u00fapi\u0165 Duch Bo\u017e\u00ed.<\/p>\n\n\n\n<p>\u00a0\u00a0 \u00a0 Ke\u010f\u017ee vykupite\u013eskou smr\u0165ou bola opona k tr\u00f3nu milosti odstr\u00e1nen\u00e1, kres\u0165ania maj\u00fa mo\u017enos\u0165 nie iba raz v roku, ale st\u00e1le\u00a0prich\u00e1dza\u0165 do spolo\u010denstva s P\u00e1nom Bohom skrze Ducha Sv\u00e4t\u00e9ho.\u00a0<\/p>\n\n\n\n<p>Ke\u010f apo\u0161tol hovor\u00ed: <em>\u201eNaplnen\u00ed bu\u010fte Duchom\u201c<\/em>, mysl\u00ed na to, aby sme v\u017edy <em>\u201ehovorili medzi sebou v \u017ealmoch, hymn\u00e1ch a duchovn\u00fdch pies\u0148ach\u201c<\/em>. Modlitebn\u00fd \u017eivot zahr\u0148uje aj \u010d\u00edtanie, po\u010d\u00favanie (aj p\u00edsanie) slova Bo\u017eieho. Tak rozumeli a prij\u00edmali apo\u0161tolove slov\u00e1 aj na\u0161i predkovia a to aj v \u010dase, ke\u010f im boli odobrat\u00e9 chr\u00e1my a museli sa pred zlobou skr\u00fdva\u0165 v dom\u00e1cnostiach, alebo v jarkoch a lesoch. Aj vtedy, ke\u010f chr\u00e1mami boli iba stodoly, \u010di dvory. Sila a rados\u0165 z viery sa vinula najm\u00e4 z n\u00e1bo\u017enej piesne, ktor\u00e1 znela z \u00fast a najm\u00e4 s\u0155dc takpovediac neprestajne.\u00a0Tak\u00e1 bola cesta a sk\u00fasenos\u0165 viery a tak\u00e1 je\u00a0 nepochybne aj dnes. \u00a0<\/p>\n\n\n\n<p>\u00a0\u00a0 V pominul\u00fdch d\u0148och sme si pripomenuli odkaz reform\u00e1cie a ka\u017ed\u00fd, kto spieval hymnu Hrad prepevn\u00fd, bol nanovo \u201eelektrizovan\u00fd\u201c nielen jej mel\u00f3diou, ale aj slovami, ktor\u00e9 zhr\u0148uj\u00fa cel\u00e9 na\u0161e evanjelick\u00e9 u\u010denie a vieru. So spevom sme st\u00e1li nad hrobmi na\u0161ich mil\u00fdch pri rozl\u00fa\u010dkach s nimi, ale aj pri smutn\u00fdch spomienkach na nich. Niet chv\u00edle a situ\u00e1cie, kde by viera vzbuden\u00e1 a udr\u017eiavan\u00e1 Duchom Sv\u00e4t\u00fdm nedok\u00e1zala a neosved\u010dila svoju silu. Preto apo\u0161tol na z\u00e1ver v\u0161etk\u00fdch napomenut\u00ed op\u00e4\u0165 a znovu chv\u00e1li P\u00e1na Boha a vedie aj n\u00e1s k dobrore\u010deniu za Bo\u017eiu milos\u0165 v Kristu:<em> \u201eDobrore\u010dte st\u00e1le za v\u0161etko Bohu a Otcu v mene n\u00e1\u0161ho P\u00e1na Je\u017ei\u0161a Krista\u201c.\u00a0<\/em><\/p>\n\n\n\n<p><em>&nbsp;&nbsp; <\/em>Niekedy evanjelici hovoria: nem\u00e1m \u010das na slu\u017eby Bo\u017eie, na chr\u00e1m, na spolo\u010denstvo a na modlitbu. Raz sme t\u00fato zn\u00e1mu v\u00fdhovorku vzali v\u00e1\u017ene a s konfirmandmi sme urobili mal\u00fd test. Na hodink\u00e1ch sme stopli, ko\u013eko trv\u00e1 ran\u00e1 modlitba spolu s odriekan\u00edm Ot\u010den\u00e1\u0161a. Boli prekvapen\u00ed, \u017ee je to nie\u010do vy\u0161e 30 sek\u00fand, pri\u010dom ka\u017ed\u00fd de\u0148, ktor\u00fd je n\u00e1m dan\u00fd m\u00e1 86 400 sek\u00fand! Napriek tomu, \u010dlovek vie ve\u013emi \u013eahko vypusti\u0165 z&nbsp;\u00fast vetu: nem\u00e1m na modlitbu \u010das\u2026&nbsp;<\/p>\n\n\n\n<p>\u00a0\u00a0 \u00a0 Spolo\u010dne sa u\u010dme a povzbu\u010fme k tomu, aby sme <em>\u201evykupovali \u010das<\/em>\u201c\u00a0ke\u010f pre\u017e\u00edvame aj v spolo\u010dnosti \u201ezl\u00e9 dni\u201c a nepochybne nie\u010do z nich ok\u00fasia aj mlad\u00ed \u013eudia, \u0161kol\u00e1ci a \u0161tudenti, \u017eivnostn\u00edci i d\u00f4chodcovia. Napriek v\u0161etk\u00e9mu, \u010do na n\u00e1s dolieha, dobrore\u010dme za v\u0161etko Bohu Otcu, preto\u017ee On n\u00e1s nedovol\u00ed sk\u00fa\u0161a\u0165 n\u00e1s nad na\u0161e mo\u017enosti a so sk\u00fa\u0161kami p\u00f4sob\u00ed aj vyslobodenie.\u00a0<\/p>\n\n\n\n<p>&nbsp;&nbsp; &nbsp; Ke\u010f\u017ee sa cirkevn\u00fd rok sa pomaly ch\u00fdli ku koncu, dobrore\u010dme za v\u0161etko, \u010do sme v \u0148om prijali od nebesk\u00e9ho Otca, d\u00f4verujme n\u00e1\u0161mu P\u00e1novi aj na\u010falej a spievajme a plesajme P\u00e1novi srdcom i \u00fastami s rados\u0165ou, aby sme potom boli pripojen\u00ed k t\u00fdm, ktor\u00ed oslavuj\u00fa Bar\u00e1nka Bo\u017eieho v nebesiach. Amen&nbsp;<\/p>\n\n\n\n<p>\u00a0\u00a0 \u00a0 \u00a0 \u00a0 \u00a0 \u00a0 21. nede\u013ea po Sv\u00e4tej Trojici\u00a0 2025 &#8211;\u00a0\u013dubom\u00edr Batka st. \u00a0 \u00a0 \u00a0 \u00a0 \u00a0<\/p>\n\n\n\n<p>Modlitba:<\/p>\n\n\n\n<p>&nbsp; &nbsp; Milostiv\u00fd a l\u00e1skav\u00fd Bo\u017ee, Ot\u010de n\u00e1\u0161 nebesk\u00fd, \u010fakujeme Ti za v\u0161etku Tvoju milos\u0165, l\u00e1sku a dobrotu vo\u010di n\u00e1m, hrie\u0161nym \u013eu\u010fom a cel\u00e9mu&nbsp; svetu. \u010eakujeme za dary pre na\u0161e telo, ale nadov\u0161etko za milos\u0165 darovan\u00fa n\u00e1m v Tvojom Synovi, na\u0161om P\u00e1novi. Ty si s\u00e1m otvoril na\u0161e o\u010di a n\u00e1\u0161 rozum, aby sme Ho poznali a prijali ako cestu, pravdu a \u017eivot. Zachov\u00e1vaj n\u00e1s v plnej d\u00f4vere v Jeho dielo, v Jeho evanjelium pre n\u00e1s i cel\u00fd svet. D\u00e1vaj n\u00e1m sily skrze p\u00f4sobenie Ducha Sv\u00e4t\u00e9ho k novote \u017eivota, k novej poslu\u0161nosti v na\u0161om myslen\u00ed i konan\u00ed i vo svedectve \u017eivota o tom, \u017ee iba v \u0147om je prav\u00e1 sloboda, z\u00e1chrana a ve\u010dn\u00e1 rados\u0165 pre v\u0161etk\u00fdch veriacich. Popraj n\u00e1m \u017ei\u0165 m\u00fadro, verne&nbsp; a spravodlivo v ka\u017edodennom \u017eivote, hovori\u0165 medzi sebou v \u017ealmoch a duchovn\u00fdch pies\u0148ach a tak Ti dobrore\u010di\u0165 v d\u0148och dobr\u00fdch i zl\u00fdch, tu \u010dasne i potom naveky v nebesiach. Amen&nbsp;<\/p>\n","protected":false},"excerpt":{"rendered":"<p>&nbsp;&nbsp; &nbsp; &nbsp; &nbsp; &nbsp; &nbsp; &nbsp; &nbsp; &nbsp; &nbsp; &nbsp; &nbsp; &nbsp; &nbsp; &nbsp; M\u00fadri poznaj\u00fa v\u00f4\u013eu P\u00e1novu Ef 5, 15 \u2013 20: &nbsp;&nbsp; \u201ePr\u00edsne teda dbajte, ako obcujete, nie ako nem\u00fadri, ale ako m\u00fadri. (16) Vykupujte \u010das, lebo dni s\u00fa zl\u00e9. (17) Preto nebu\u010fte nerozumn\u00ed, ale rozumejte, \u010do je v\u00f4\u013ea P\u00e1nova. (18) A &#8230; <a title=\"M\u00fadri poznaj\u00fa v\u00f4\u013eu P\u00e1novu\" class=\"read-more\" href=\"https:\/\/www.e-anjelik.sk\/index.php\/2025\/11\/07\/mudri-poznaju-volu-panovu\/\" aria-label=\"Pre\u010d\u00edtajte si viac o M\u00fadri poznaj\u00fa v\u00f4\u013eu P\u00e1novu\">\u010c\u00edta\u0165 viac<\/a><\/p>\n","protected":false},"author":4,"featured_media":0,"comment_status":"open","ping_status":"open","sticky":false,"template":"","format":"standard","meta":{"footnotes":""},"categories":[645,646,121,6,158],"tags":[],"class_list":["post-38654","post","type-post","status-publish","format-standard","hentry","category-21-nedela-po-sv-trojici","category-21-nedela-po-sv-trojici-kazne","category-kazne","category-myjavsky-seniorat","category-senica"],"_links":{"self":[{"href":"https:\/\/www.e-anjelik.sk\/index.php\/wp-json\/wp\/v2\/posts\/38654","targetHints":{"allow":["GET"]}}],"collection":[{"href":"https:\/\/www.e-anjelik.sk\/index.php\/wp-json\/wp\/v2\/posts"}],"about":[{"href":"https:\/\/www.e-anjelik.sk\/index.php\/wp-json\/wp\/v2\/types\/post"}],"author":[{"embeddable":true,"href":"https:\/\/www.e-anjelik.sk\/index.php\/wp-json\/wp\/v2\/users\/4"}],"replies":[{"embeddable":true,"href":"https:\/\/www.e-anjelik.sk\/index.php\/wp-json\/wp\/v2\/comments?post=38654"}],"version-history":[{"count":3,"href":"https:\/\/www.e-anjelik.sk\/index.php\/wp-json\/wp\/v2\/posts\/38654\/revisions"}],"predecessor-version":[{"id":38657,"href":"https:\/\/www.e-anjelik.sk\/index.php\/wp-json\/wp\/v2\/posts\/38654\/revisions\/38657"}],"wp:attachment":[{"href":"https:\/\/www.e-anjelik.sk\/index.php\/wp-json\/wp\/v2\/media?parent=38654"}],"wp:term":[{"taxonomy":"category","embeddable":true,"href":"https:\/\/www.e-anjelik.sk\/index.php\/wp-json\/wp\/v2\/categories?post=38654"},{"taxonomy":"post_tag","embeddable":true,"href":"https:\/\/www.e-anjelik.sk\/index.php\/wp-json\/wp\/v2\/tags?post=38654"}],"curies":[{"name":"wp","href":"https:\/\/api.w.org\/{rel}","templated":true}]}}