{"id":3867,"date":"2011-10-26T09:46:44","date_gmt":"2011-10-26T09:46:44","guid":{"rendered":"http:\/\/e-anjelik.sk\/?p=3867"},"modified":"2011-10-26T09:46:44","modified_gmt":"2011-10-26T09:46:44","slug":"navsteva-elc-finska-v-estonsku","status":"publish","type":"post","link":"https:\/\/www.e-anjelik.sk\/index.php\/2011\/10\/26\/navsteva-elc-finska-v-estonsku\/","title":{"rendered":"N\u00e1v\u0161teva ELC F\u00ednska v Est\u00f3nsku"},"content":{"rendered":"<p>V d\u0148och 19. a 20. okt&oacute;bra t.r. nav&scaron;t&iacute;vila desa\u0165\u010d&ocirc;enn&aacute; deleg&aacute;cia vedenia&nbsp;Evanjelicko-luter&aacute;nskej cirkvi F&iacute;nska svoju partnersku cirkev v Est&oacute;nsku. Deleg&aacute;ciu viedol arcibiskup Kari M&auml;kinen. Host&iacute; prijal vo svojom &uacute;rade arcibiskup ELC Est&oacute;nska Andres Poeder ako aj cel&eacute; konzist&oacute;rium. Obe deleg&aacute;cie viedli rozhovory a vz&aacute;jomne sa informovali o n&aacute;bo\u017eenskej a cirkevnej situ&aacute;cii vo svojich krajin&aacute;ch, o vz&aacute;jomnej spolupr&aacute;ci oboch cirkv&iacute;, o misii f&iacute;nskej cirkvi v Est&oacute;nsku, o cirkevnej spolupr&aacute;ci na medzin&aacute;rodnej &uacute;rovni v r&aacute;mci E&Uacute; a in&yacute;ch medzin&aacute;rodn&yacute;ch org&aacute;niz&aacute;ciach, o &uacute;loh&aacute;ch a mo\u017enostiach v spolo\u010dnosti a pod.<\/p>\n<p>(<a href=\"http:\/\/www.eelk.ee\">www.eelk.ee<\/a>)<\/p>\n","protected":false},"excerpt":{"rendered":"<p>V d\u0148och 19. a 20. okt&oacute;bra t.r. nav&scaron;t&iacute;vila desa\u0165\u010d&ocirc;enn&aacute; deleg&aacute;cia vedenia&nbsp;Evanjelicko-luter&aacute;nskej cirkvi F&iacute;nska svoju partnersku cirkev v Est&oacute;nsku. Deleg&aacute;ciu viedol arcibiskup Kari M&auml;kinen. Host&iacute; prijal vo svojom &uacute;rade arcibiskup ELC Est&oacute;nska Andres Poeder ako aj cel&eacute; konzist&oacute;rium. Obe deleg&aacute;cie viedli rozhovory a vz&aacute;jomne sa informovali o n&aacute;bo\u017eenskej a cirkevnej situ&aacute;cii vo svojich krajin&aacute;ch, o vz&aacute;jomnej &#8230; <a title=\"N\u00e1v\u0161teva ELC F\u00ednska v Est\u00f3nsku\" class=\"read-more\" href=\"https:\/\/www.e-anjelik.sk\/index.php\/2011\/10\/26\/navsteva-elc-finska-v-estonsku\/\" aria-label=\"Pre\u010d\u00edtajte si viac o N\u00e1v\u0161teva ELC F\u00ednska v Est\u00f3nsku\">\u010c\u00edta\u0165 viac<\/a><\/p>\n","protected":false},"author":22,"featured_media":0,"comment_status":"open","ping_status":"open","sticky":false,"template":"","format":"standard","meta":{"footnotes":""},"categories":[20,10],"tags":[],"class_list":["post-3867","post","type-post","status-publish","format-standard","hentry","category-baltikum","category-zo-sveta"],"_links":{"self":[{"href":"https:\/\/www.e-anjelik.sk\/index.php\/wp-json\/wp\/v2\/posts\/3867","targetHints":{"allow":["GET"]}}],"collection":[{"href":"https:\/\/www.e-anjelik.sk\/index.php\/wp-json\/wp\/v2\/posts"}],"about":[{"href":"https:\/\/www.e-anjelik.sk\/index.php\/wp-json\/wp\/v2\/types\/post"}],"author":[{"embeddable":true,"href":"https:\/\/www.e-anjelik.sk\/index.php\/wp-json\/wp\/v2\/users\/22"}],"replies":[{"embeddable":true,"href":"https:\/\/www.e-anjelik.sk\/index.php\/wp-json\/wp\/v2\/comments?post=3867"}],"version-history":[{"count":0,"href":"https:\/\/www.e-anjelik.sk\/index.php\/wp-json\/wp\/v2\/posts\/3867\/revisions"}],"wp:attachment":[{"href":"https:\/\/www.e-anjelik.sk\/index.php\/wp-json\/wp\/v2\/media?parent=3867"}],"wp:term":[{"taxonomy":"category","embeddable":true,"href":"https:\/\/www.e-anjelik.sk\/index.php\/wp-json\/wp\/v2\/categories?post=3867"},{"taxonomy":"post_tag","embeddable":true,"href":"https:\/\/www.e-anjelik.sk\/index.php\/wp-json\/wp\/v2\/tags?post=3867"}],"curies":[{"name":"wp","href":"https:\/\/api.w.org\/{rel}","templated":true}]}}